{"id":1205,"date":"2016-03-17T13:57:42","date_gmt":"2016-03-17T13:57:42","guid":{"rendered":"http:\/\/www.obispadorqta.org.ar\/v3\/parrrrrrroconuevo\/"},"modified":"2017-04-17T14:23:08","modified_gmt":"2017-04-17T14:23:08","slug":"parrrrrrroconuevo","status":"publish","type":"post","link":"https:\/\/www.obispadorqta.org.ar\/v3\/parrrrrrroconuevo\/","title":{"rendered":"Nuevo P\u00e1rroco"},"content":{"rendered":"<div style=\"text-align: center\"><img loading=\"lazy\" decoding=\"async\" src=\"https:\/\/scontent-gru2-1.xx.fbcdn.net\/hphotos-xfa1\/v\/t1.0-9\/s851x315\/5956_947807208649104_7084525624385037457_n.jpg?oh=af64916de057e515f09cb596ba37b007&#038;oe=5755BDD4\" border=\"0\" width=\"400\" height=\"246\" \/><\/div>\n<div>\u00a0<\/div>\n<div style=\"text-align: justify\">Invitamos a toda la comunidad a la celebraci\u00f3n en la cual el Pbro. Roberto Gustavo Acosta P.S.D.P. asumir\u00e1 como p\u00e1rroco de la Parroquia \u00abSan Jos\u00e9\u00bb de la ciudad de Reconquista.<\/div>\n<div style=\"text-align: justify\"><\/div>\n<div style=\"text-align: justify\">La misma ser\u00e1 presidida por el Obispo Diocesano, Mons. \u00c1ngel Jos\u00e9 Mac\u00edn y se llevar\u00e1 a cabo el d\u00eda s\u00e1bado 19 en la sede parroquial, km 8 Ruta A009 a las 19:00 hs.<\/div>\n<div style=\"text-align: justify\"><\/div>\n<div style=\"text-align: justify\">Unimos nuestras oraciones por esta nueva tarea encomendada al Padre Roberto en nuestra Di\u00f3cesis de Reconquista.\u00a0<\/div>\n","protected":false},"excerpt":{"rendered":"<div class=\"mh-excerpt\"><p>\u00a0 Invitamos a toda la comunidad a la celebraci\u00f3n en la cual el Pbro. Roberto Gustavo Acosta P.S.D.P. asumir\u00e1 como p\u00e1rroco de la Parroquia \u00abSan <a class=\"mh-excerpt-more\" href=\"https:\/\/www.obispadorqta.org.ar\/v3\/parrrrrrroconuevo\/\" title=\"Nuevo P\u00e1rroco\">[&#8230;]<\/a><\/p>\n<\/div>","protected":false},"author":1,"featured_media":0,"comment_status":"closed","ping_status":"open","sticky":false,"template":"","format":"standard","meta":{"footnotes":""},"categories":[28],"tags":[],"class_list":["post-1205","post","type-post","status-publish","format-standard","hentry","category-latest-news"],"_links":{"self":[{"href":"https:\/\/www.obispadorqta.org.ar\/v3\/wp-json\/wp\/v2\/posts\/1205","targetHints":{"allow":["GET"]}}],"collection":[{"href":"https:\/\/www.obispadorqta.org.ar\/v3\/wp-json\/wp\/v2\/posts"}],"about":[{"href":"https:\/\/www.obispadorqta.org.ar\/v3\/wp-json\/wp\/v2\/types\/post"}],"author":[{"embeddable":true,"href":"https:\/\/www.obispadorqta.org.ar\/v3\/wp-json\/wp\/v2\/users\/1"}],"replies":[{"embeddable":true,"href":"https:\/\/www.obispadorqta.org.ar\/v3\/wp-json\/wp\/v2\/comments?post=1205"}],"version-history":[{"count":1,"href":"https:\/\/www.obispadorqta.org.ar\/v3\/wp-json\/wp\/v2\/posts\/1205\/revisions"}],"predecessor-version":[{"id":1466,"href":"https:\/\/www.obispadorqta.org.ar\/v3\/wp-json\/wp\/v2\/posts\/1205\/revisions\/1466"}],"wp:attachment":[{"href":"https:\/\/www.obispadorqta.org.ar\/v3\/wp-json\/wp\/v2\/media?parent=1205"}],"wp:term":[{"taxonomy":"category","embeddable":true,"href":"https:\/\/www.obispadorqta.org.ar\/v3\/wp-json\/wp\/v2\/categories?post=1205"},{"taxonomy":"post_tag","embeddable":true,"href":"https:\/\/www.obispadorqta.org.ar\/v3\/wp-json\/wp\/v2\/tags?post=1205"}],"curies":[{"name":"wp","href":"https:\/\/api.w.org\/{rel}","templated":true}]}}