{"id":1208,"date":"2016-03-31T13:51:45","date_gmt":"2016-03-31T13:51:45","guid":{"rendered":"http:\/\/www.obispadorqta.org.ar\/v3\/orenaciongerman\/"},"modified":"2016-03-31T13:51:45","modified_gmt":"2016-03-31T13:51:45","slug":"orenaciongerman","status":"publish","type":"post","link":"https:\/\/www.obispadorqta.org.ar\/v3\/orenaciongerman\/","title":{"rendered":"Ordenaci\u00f3n Sacerdotal Di\u00e1c. Germ\u00e1n Ariel Acevedo"},"content":{"rendered":"<div style=\"text-align: justify\">\n<div>\n<div><\/div>\n<div>Invitamos a toda la comunidad a compartir este regalo que nos hace el Se\u00f1or a nuestra querida Di\u00f3cesis de Reconquista, como lo es el ministerio Sacerdotal del Di\u00e1cono Germ\u00e1n Ariel Acevedo. Ser\u00e1 ordenado por nuestro Obispo Diocesano, Mons. \u00c1ngel Jos\u00e9 Mac\u00edn y se llevar\u00e1 a cabo el d\u00eda domingo 03 de abril en la Parroquia \u00abSan Roque\u00bb (Barrio Chapero) de Reconquista, a las 19 hs.<\/div>\n<div>Rezamos y acompa\u00f1amos a Germ\u00e1n en este nuevo camino que comenzar\u00e1 a recorrer y agradecemos a Dios por la vida y la entrega de \u00e9l y de todos nuestros Sacerdotes.<\/div>\n<\/div>\n<div>\u00a0<\/div>\n<div style=\"text-align: center\"><img loading=\"lazy\" decoding=\"async\" src=\"https:\/\/scontent-grt2-1.xx.fbcdn.net\/hphotos-xaf1\/v\/t1.0-9\/12512772_961094803987011_60409743945014569_n.jpg?oh=413d6fbfe1d987a6bd75f28c5dd15d49&#038;oe=577E9C7E\" border=\"0\" width=\"320\" height=\"450\" \/>\u00a0<\/div>\n<\/div>\n<div>\u00a0<\/div>\n<div>\u00a0<\/div>\n","protected":false},"excerpt":{"rendered":"<div class=\"mh-excerpt\"><p>Invitamos a toda la comunidad a compartir este regalo que nos hace el Se\u00f1or a nuestra querida Di\u00f3cesis de Reconquista, como lo es el ministerio <a class=\"mh-excerpt-more\" href=\"https:\/\/www.obispadorqta.org.ar\/v3\/orenaciongerman\/\" title=\"Ordenaci\u00f3n Sacerdotal Di\u00e1c. Germ\u00e1n Ariel Acevedo\">[&#8230;]<\/a><\/p>\n<\/div>","protected":false},"author":1,"featured_media":0,"comment_status":"open","ping_status":"open","sticky":false,"template":"","format":"standard","meta":{"footnotes":""},"categories":[28],"tags":[],"class_list":["post-1208","post","type-post","status-publish","format-standard","hentry","category-latest-news"],"_links":{"self":[{"href":"https:\/\/www.obispadorqta.org.ar\/v3\/wp-json\/wp\/v2\/posts\/1208","targetHints":{"allow":["GET"]}}],"collection":[{"href":"https:\/\/www.obispadorqta.org.ar\/v3\/wp-json\/wp\/v2\/posts"}],"about":[{"href":"https:\/\/www.obispadorqta.org.ar\/v3\/wp-json\/wp\/v2\/types\/post"}],"author":[{"embeddable":true,"href":"https:\/\/www.obispadorqta.org.ar\/v3\/wp-json\/wp\/v2\/users\/1"}],"replies":[{"embeddable":true,"href":"https:\/\/www.obispadorqta.org.ar\/v3\/wp-json\/wp\/v2\/comments?post=1208"}],"version-history":[{"count":0,"href":"https:\/\/www.obispadorqta.org.ar\/v3\/wp-json\/wp\/v2\/posts\/1208\/revisions"}],"wp:attachment":[{"href":"https:\/\/www.obispadorqta.org.ar\/v3\/wp-json\/wp\/v2\/media?parent=1208"}],"wp:term":[{"taxonomy":"category","embeddable":true,"href":"https:\/\/www.obispadorqta.org.ar\/v3\/wp-json\/wp\/v2\/categories?post=1208"},{"taxonomy":"post_tag","embeddable":true,"href":"https:\/\/www.obispadorqta.org.ar\/v3\/wp-json\/wp\/v2\/tags?post=1208"}],"curies":[{"name":"wp","href":"https:\/\/api.w.org\/{rel}","templated":true}]}}