{"id":1210,"date":"2016-04-07T14:24:18","date_gmt":"2016-04-07T14:24:18","guid":{"rendered":"http:\/\/www.obispadorqta.org.ar\/v3\/avalosacosta\/"},"modified":"2016-04-07T14:24:18","modified_gmt":"2016-04-07T14:24:18","slug":"avalosacosta","status":"publish","type":"post","link":"https:\/\/www.obispadorqta.org.ar\/v3\/avalosacosta\/","title":{"rendered":"Fallecimiento del Fray Adolfo Acosta Avalos OSM"},"content":{"rendered":"<div style=\"text-align: center\"><img loading=\"lazy\" decoding=\"async\" src=\"https:\/\/scontent-gru2-1.xx.fbcdn.net\/hphotos-xpt1\/v\/t1.0-9\/12936626_966030760160082_2303792060687958845_n.jpg?oh=3b6097f19c00269ccb6ca9acc4fab1e5&#038;oe=577EDD4C\" border=\"0\" width=\"195\" height=\"230\" \/><\/div>\n<div>\u00a0<\/div>\n<div>Comunicamos que fr. Adolfo \u00a0Acosta OSM falleci\u00f3 hoy jueves 7 de abril a la 01.30 horas en el Hospital \u00a0Hip\u00f3lito Inanue de la ciudad de Lima (Per\u00fa), por una insuficiencia respiratoria. Fr. Adolfo ten\u00eda 55 a\u00f1os de vida y, 19 a\u00f1os de vida religiosa. Su cuerpo ser\u00e1 velado en la capilla del convento Santa Mar\u00eda de La Esperanza (San Gregorio-Vitarte, Lima). Los funerales ser\u00e1n celebrados en la iglesia de la comunidad cristiana \u00a0San Gregorio, parroquia El Resucitado, el viernes pr\u00f3ximo a las 14.00 horas.\u00a0<\/div>\n<div><\/div>\n<div>Recordamos que el fr. Adolfo Acosta naci\u00f3 en Villa Guillermina el 14 de octubre de 1960, recibi\u00f3 el Sacramento del Orden Sagrado en el grado de Diacono Permanente el 30 de noviembre de 1997 y luego fue ordenado Presb\u00edtero el d\u00eda 30 de Agosto de 2009.<\/div>\n<div><\/div>\n<div>Se desempe\u00f1\u00f3 como Vicario de la Parroquia \u201cNuestra Se\u00f1ora de la Asunci\u00f3n\u201d de Las Toscas y fue Prior de la comunidad religiosa de la ciudad de Las Toscas.<\/div>\n<div><\/div>\n<div>Elevamos nuestras oraciones y rogamos por su eterno descanso.<\/div>\n<div><\/div>\n","protected":false},"excerpt":{"rendered":"<div class=\"mh-excerpt\"><p>\u00a0 Comunicamos que fr. Adolfo \u00a0Acosta OSM falleci\u00f3 hoy jueves 7 de abril a la 01.30 horas en el Hospital \u00a0Hip\u00f3lito Inanue de la ciudad <a class=\"mh-excerpt-more\" href=\"https:\/\/www.obispadorqta.org.ar\/v3\/avalosacosta\/\" title=\"Fallecimiento del Fray Adolfo Acosta Avalos OSM\">[&#8230;]<\/a><\/p>\n<\/div>","protected":false},"author":1,"featured_media":0,"comment_status":"open","ping_status":"open","sticky":false,"template":"","format":"standard","meta":{"footnotes":""},"categories":[28],"tags":[],"class_list":["post-1210","post","type-post","status-publish","format-standard","hentry","category-latest-news"],"_links":{"self":[{"href":"https:\/\/www.obispadorqta.org.ar\/v3\/wp-json\/wp\/v2\/posts\/1210","targetHints":{"allow":["GET"]}}],"collection":[{"href":"https:\/\/www.obispadorqta.org.ar\/v3\/wp-json\/wp\/v2\/posts"}],"about":[{"href":"https:\/\/www.obispadorqta.org.ar\/v3\/wp-json\/wp\/v2\/types\/post"}],"author":[{"embeddable":true,"href":"https:\/\/www.obispadorqta.org.ar\/v3\/wp-json\/wp\/v2\/users\/1"}],"replies":[{"embeddable":true,"href":"https:\/\/www.obispadorqta.org.ar\/v3\/wp-json\/wp\/v2\/comments?post=1210"}],"version-history":[{"count":0,"href":"https:\/\/www.obispadorqta.org.ar\/v3\/wp-json\/wp\/v2\/posts\/1210\/revisions"}],"wp:attachment":[{"href":"https:\/\/www.obispadorqta.org.ar\/v3\/wp-json\/wp\/v2\/media?parent=1210"}],"wp:term":[{"taxonomy":"category","embeddable":true,"href":"https:\/\/www.obispadorqta.org.ar\/v3\/wp-json\/wp\/v2\/categories?post=1210"},{"taxonomy":"post_tag","embeddable":true,"href":"https:\/\/www.obispadorqta.org.ar\/v3\/wp-json\/wp\/v2\/tags?post=1210"}],"curies":[{"name":"wp","href":"https:\/\/api.w.org\/{rel}","templated":true}]}}