{"id":1213,"date":"2016-05-23T12:48:09","date_gmt":"2016-05-23T12:48:09","guid":{"rendered":"http:\/\/www.obispadorqta.org.ar\/v3\/avisos-parroquiales-14\/"},"modified":"2017-04-17T14:22:40","modified_gmt":"2017-04-17T14:22:40","slug":"avisos-parroquiales-14","status":"publish","type":"post","link":"https:\/\/www.obispadorqta.org.ar\/v3\/avisos-parroquiales-14\/","title":{"rendered":"AVISOS PARROQUIALES"},"content":{"rendered":"<div style=\"text-align: center\"><img loading=\"lazy\" decoding=\"async\" src=\"https:\/\/scontent-grt2-1.xx.fbcdn.net\/v\/t1.0-9\/1506053_578094348953727_329175415_n.jpg?oh=6ae2ca764c76de548d2dfd0cfd6e726f&#038;oe=57C7D30C\" border=\"0\" width=\"300\" height=\"214\" align=\"middle\" \/><\/div>\n<div align=\"left\">\u00a0 <\/div>\n<div align=\"left\"><font color=\"#FF0000\"><u style=\"line-height: normal\"><strong><span style=\"font-size: 12pt; line-height: 107%; font-family: 'Raspoutine Classic'\">PARROQUIA <\/span><\/strong><strong><span style=\"font-size: 12pt; line-height: 107%; font-family: 'Raspoutine Classic'\">\u201c<\/span><\/strong><strong><span style=\"font-size: 12pt; line-height: 107%; font-family: 'Raspoutine Classic'\">INMACULADA CONCEPCI<\/span><\/strong><strong><span style=\"font-size: 12pt; line-height: 107%; font-family: 'Raspoutine Classic'\">\u00d3<\/span><\/strong><strong><span style=\"font-size: 12pt; line-height: 107%; font-family: 'Raspoutine Classic'\">N<\/span><\/strong><strong><span style=\"font-size: 12pt; line-height: 107%; font-family: 'Raspoutine Classic'\">\u201d<\/span><\/strong><strong><span style=\"font-size: 12pt; line-height: 107%; font-family: 'Raspoutine Classic'\"> &#8211; RECONQUISTA<\/span><\/strong><\/u><\/font><\/div>\n<div align=\"left\">\u00a0<\/div>\n<div align=\"left\"><font style=\"font-family: Arial,Helvetica,sans-serif; font-size: 12px; font-style: normal; line-height: normal\" color=\"#000000\"><u><strong>Lunes 23<\/strong><\/u> <br \/>15,00 hs Rezo del rosario en la ermita de la Virgen Schoenstatt.<\/font><\/div>\n<div align=\"left\">\u00a0<\/div>\n<div align=\"left\"><font style=\"font-family: Arial,Helvetica,sans-serif; font-size: 12px; font-style: normal; line-height: normal\" color=\"#000000\"><u><strong>Martes 24<\/strong><\/u><br \/>16,00 hs. Reuni\u00f3n Misioneras de Schoenstatt.<br \/>18,00 hs Misa Capilla Esp\u00edritu Santo.<br \/>19,30 hs Reuni\u00f3n Catequistas de CAFA y Confirmaci\u00f3n. <\/font><\/div>\n<div align=\"left\">\u00a0<\/div>\n<div align=\"left\"><font style=\"font-family: Arial,Helvetica,sans-serif; font-size: 12px; font-style: normal; line-height: normal\" color=\"#000000\"><u><strong>Mi\u00e9rcoles 25<\/strong><\/u><br \/>19,00 hs. Misa en el Templo rezando por la Patria<\/font><\/div>\n<div align=\"left\">\u00a0<\/div>\n<div align=\"left\"><font style=\"font-family: Arial,Helvetica,sans-serif; font-size: 12px; font-style: normal; line-height: normal\" color=\"#000000\"><u><strong>Jueves 26<\/strong><\/u><br \/>17,30 hs Misa en el hogar de ancianos.<br \/>19,30 hs. Misa en Costa Itat\u00ed. Luego reuni\u00f3n con la comisi\u00f3n de la Capilla.<br \/>21,00 hs. Reuni\u00f3n Grupo ambulatorio de C.E.P.A.R. en el Templo <\/font><\/div>\n<div align=\"left\">\u00a0<\/div>\n<div align=\"left\"><font style=\"font-family: Arial,Helvetica,sans-serif; font-size: 12px; font-style: normal; line-height: normal\" color=\"#000000\"><u><strong>S\u00e1bado 27<\/strong><\/u><br \/>16,00 hs. Misa en La Loma. Fiesta Patronal San Juan Bautista.<br \/>19,00 hs. Misa en Los Laureles.<\/font><\/div>\n<div align=\"left\">\u00a0<\/div>\n<div align=\"left\"><font style=\"font-family: Arial,Helvetica,sans-serif; font-size: 12px; font-style: normal; line-height: normal\" color=\"#000000\"><u><strong>Domingo 28<\/strong><\/u><br \/>17,00 hs. Reuni\u00f3n Grupos de Padres de C.E.P.A.R. (Comisi\u00f3n Ecum\u00e9nica para Prevenci\u00f3n de Adicciones de Romang) en el Templo.<br \/>19,00 hs. Misa en el Templo.<\/font><br \/>\u00a0<\/div>\n<p><\/p>\n<div align=\"left\"><font color=\"#FF0000\"><u style=\"line-height: normal\"><strong><span style=\"font-size: 12pt; line-height: 107%; font-family: 'Raspoutine Classic'\">PARROQUIA <\/span><\/strong><strong><span style=\"font-size: 12pt; line-height: 107%; font-family: 'Raspoutine Classic'\">\u201c<\/span><\/strong><strong><span style=\"font-size: 12pt; line-height: 107%; font-family: 'Raspoutine Classic'\">NUESTRA SE\u00d1ORA DE LA MERCED\u00bb &#8211; AVELLANEDA<\/span><\/strong><\/u><\/font><\/div>\n<div align=\"left\">\u00a0<\/div>\n<div align=\"left\"><img loading=\"lazy\" decoding=\"async\" src=\"https:\/\/scontent-grt2-1.xx.fbcdn.net\/v\/t1.0-9\/13537776_1430332813650961_2870912976840161584_n.jpg?oh=15e18c40299df1c2d0a2152bafee84c8&#038;oe=57F58ACF\" border=\"0\" width=\"402\" height=\"456\" align=\"left\" \/> <\/div>\n<div align=\"left\"><font color=\"#FF0000\"><u style=\"line-height: normal\"><strong><span style=\"font-size: 12pt; line-height: 107%; font-family: 'Raspoutine Classic'\">PARROQUIA <\/span><\/strong><strong><span style=\"font-size: 12pt; line-height: 107%; font-family: 'Raspoutine Classic'\">\u201c<\/span><\/strong><strong><span style=\"font-size: 12pt; line-height: 107%; font-family: 'Raspoutine Classic'\">SAN ROQUE\u00bb &#8211; RECONQUISTA<\/span><\/strong><\/u><\/font><\/div>\n<div align=\"left\">\u00a0<\/div>\n<div align=\"left\" style=\"font-family: Arial,Helvetica,sans-serif; font-size: 12px; font-style: normal; line-height: normal\"><font color=\"#000000\"><u><strong>MARTES 28<\/strong><\/u><br \/>19,30\u00a0\u00a0 CELEBRACION EN EL TEMPLO<\/font><\/div>\n<div align=\"left\" style=\"font-family: Arial,Helvetica,sans-serif; font-size: 12px; font-style: normal; line-height: normal\">\u00a0<\/div>\n<div align=\"left\" style=\"font-family: Arial,Helvetica,sans-serif; font-size: 12px; font-style: normal; line-height: normal\"><font color=\"#000000\"><u><strong>MIERCOLES 29<\/strong><\/u><br \/>19,30\u00a0\u00a0 MISA EN EL TEMPLO<\/font><\/div>\n<div align=\"left\" style=\"font-family: Arial,Helvetica,sans-serif; font-size: 12px; font-style: normal; line-height: normal\"><font color=\"#000000\"><u><strong><br \/>JUEVES 30 <\/strong><\/u><\/font><\/div>\n<div align=\"left\" style=\"font-family: Arial,Helvetica,sans-serif; font-size: 12px; font-style: normal; line-height: normal\"><font color=\"#000000\">17,30\u00a0\u00a0 MISA &#8211; COMIENZA LA NOVENA A \u00abNTRA. SRA. DE ITATI\u00bb EN MALVINA <\/font><\/div>\n<div align=\"left\" style=\"font-family: Arial,Helvetica,sans-serif; font-size: 12px; font-style: normal; line-height: normal\"><font color=\"#000000\">19;30\u00a0\u00a0 MISA EN EL TEMPLO<\/p>\n<p><u><strong>VIERNES 1\u00ba DE JULIO .<\/strong><\/u><br \/>19;30\u00a0\u00a0 MISA EN EL TEMPLO<\/font><\/div>\n<div align=\"left\" style=\"font-family: Arial,Helvetica,sans-serif; font-size: 12px; font-style: normal; line-height: normal\"><font color=\"#000000\"><u><strong><br \/>SABADO 2 DE JULIO<\/strong><\/u><br \/>20,00\u00a0\u00a0 MISA EN EL TEMPLO<\/font><\/div>\n<div align=\"left\" style=\"font-family: Arial,Helvetica,sans-serif; font-size: 12px; font-style: normal; line-height: normal\">\u00a0<\/div>\n<div align=\"left\" style=\"font-family: Arial,Helvetica,sans-serif; font-size: 12px; font-style: normal; line-height: normal\"><font color=\"#000000\"><u><strong>DOMINGO 3 DE JULIO<\/strong><\/u><br \/>09,30\u00a0\u00a0 MISA EN SAN CAYETANO<\/font><\/div>\n<div align=\"left\" style=\"font-family: Arial,Helvetica,sans-serif; font-size: 12px; font-style: normal; line-height: normal\"><font color=\"#000000\">10,30\u00a0\u00a0 MISA EN NTRA. \u00abSRA. DEL ROSARIO\u00bb &#8211; VELODROMO<\/font><\/div>\n<div align=\"left\" style=\"font-family: Arial,Helvetica,sans-serif; font-size: 12px; font-style: normal; line-height: normal\"><font color=\"#000000\">20,00\u00a0\u00a0 MISA EN EL TEMPLO <\/font><br \/>\u00a0<\/div>\n<div align=\"left\">\u00a0<\/div>\n<div align=\"left\">\u00a0<\/div>\n<div align=\"left\">\u00a0<\/div>\n<div align=\"left\">\n<div align=\"left\"><font color=\"#FF0000\"><u style=\"line-height: normal\"><strong><span style=\"font-size: 12pt; line-height: 107%; font-family: 'Raspoutine Classic'\">PARROQUIA <\/span><\/strong><strong><span style=\"font-size: 12pt; line-height: 107%; font-family: 'Raspoutine Classic'\">\u201c<\/span><\/strong><strong><span style=\"font-size: 12pt; line-height: 107%; font-family: 'Raspoutine Classic'\">SAN LUIS GONZAGA\u00bb &#8211; CALCHAQU\u00cd<\/span><\/strong><\/u><\/font><\/div>\n<div align=\"left\">\u00a0<\/div>\n<div align=\"left\"><font color=\"#000000\"><strong>MARTES 24<\/strong><br \/>19:30 Misa en el Templo.<br \/><strong><br \/>MI\u00c9RCOLES 25<\/strong><br \/>19:30 Misa en el Templo.<\/p>\n<p><strong>JUEVES 26<\/strong><br \/>19:30 Misa en el templo.<br \/><strong><br \/>VIERNES 27<\/strong><br \/>17:00 Misa en el Hogar de Ancianos.<\/p>\n<p><strong>S\u00c1BADO 28<\/strong><br \/>17:00 Misa en el Templo.<br \/><strong><br \/>DOMINGO 29 \u2013 Solemnidad del Sant\u00edsimo Cuerpo y Sangre de Cristo.<\/strong><br \/>17.00 Misa en el Templo. Procesi\u00f3n con el Sant\u00edsimo alrededor de la Plaza de nuestra Ciudad.<\/font><\/div>\n<div align=\"left\">\u00a0<\/div>\n<div align=\"left\"><font color=\"#000000\"><strong>ENCUENTRO CONYUGAL PARA MATRIMONIOS Y PAREJAS:<\/strong> ser\u00e1 el 4 y el 5 de junio. Todos los matrimonios est\u00e1n invitados para un encuentro consigo mismo y con el otro.<\/font><\/div>\n<div align=\"left\">\u00a0<\/div>\n<div align=\"left\"><font color=\"#000000\"><strong>ENCUENTRO VOCACIONAL ABIERTO A TODOS LOS J\u00d3VENES:<\/strong> bajo el lema \u201cAl ver que lo segu\u00edan, Jes\u00fas les pregunt\u00f3: \u00bfQu\u00e9 buscan?\u201d se realizar\u00e1 este encuentro para j\u00f3venes mayores de 16 a\u00f1os, los d\u00edas 4 y 5 de junio en Reconquista. <br \/><\/font><\/div>\n<div align=\"left\"><font color=\"#000000\">\u00a0<\/font><\/div>\n<div align=\"left\">\u00a0<\/div>\n<div align=\"left\">\u00a0<\/div>\n<div align=\"left\">\n<div align=\"left\"><font color=\"#FF0000\"><u style=\"line-height: normal\"><strong><span style=\"font-size: 12pt; line-height: 107%; font-family: 'Raspoutine Classic'\">PARROQUIA <\/span><\/strong><strong><span style=\"font-size: 12pt; line-height: 107%; font-family: 'Raspoutine Classic'\">\u201c<\/span><\/strong><strong><span style=\"font-size: 12pt; line-height: 107%; font-family: 'Raspoutine Classic'\">SAN JUAN BAUTISTA\u00bb &#8211; VERA<\/span><\/strong><\/u><\/font><\/div>\n<div align=\"left\">\u00a0<\/div>\n<div align=\"left\"><font color=\"#000000\"><strong>MARTES 24 &#8211; MAR\u00cdA, AUXILIO DE LOS CRISTIANOS<\/strong><br \/>18:00\u00a0 Procesi\u00f3n con la imagen de Mar\u00eda Auxiliadora<br \/>18:30\u00a0 Misa en Capilla Mar\u00eda Auxiliadora<br \/>(no habr\u00e1 Misa ni Celebraci\u00f3n en el Templo)<br \/>\u00a0\u00a0\u00a0 \u00a0\u00a0\u00a0 <br \/><strong>MI\u00c9RCOLES 25<\/strong><\/font><\/div>\n<div align=\"left\"><font color=\"#000000\">19:30\u00a0 Misa en el Templo<\/p>\n<p><strong>JUEVES 26<\/strong><\/font><\/div>\n<div align=\"left\"><font color=\"#000000\">19:30\u00a0 Celebraci\u00f3n de la Palabra en el Templo<br \/>20:00 a 23:00\u00a0 Adoraci\u00f3n por las vocaciones en el Templo <\/p>\n<p><strong>VIERNES 27<\/strong><\/font><\/div>\n<div align=\"left\"><font color=\"#000000\">07:00 a 19:30 hs. Adoraci\u00f3n al Sant\u00edsimo en el Templo<br \/>19:30\u00a0 Celebraci\u00f3n de la Palabra en el Templo <\/p>\n<p><strong>S\u00c1BADO 28<\/strong><\/font><\/div>\n<div align=\"left\"><font color=\"#000000\">17:30\u00a0 Misa en Capilla San Jos\u00e9<br \/>19:30\u00a0 Misa en el Templo, con bendici\u00f3n de embarazadas y su hijo por nacer (a cargo de Liga de Madres)<\/p>\n<p><strong>DOMINGO 29 &#8211; SANT\u00cdSIMO CUERPO Y SANGRE DE CRISTO<\/strong><br \/>10:00\u00a0 Misa en el Templo<br \/>19:00\u00a0 Procesi\u00f3n con el Sant\u00edsimo Sacramento por las calles de la ciudad, al finalizar se celebrar\u00e1 la Santa Misa en el Templo<br \/>\u00a0<\/font><\/div>\n<div align=\"left\">\u00a0<\/div>\n<div align=\"left\">\u00a0<\/div>\n<div>\n<div align=\"left\"><font color=\"#FF0000\"><u style=\"line-height: normal\"><strong><span style=\"font-size: 12pt; line-height: 107%; font-family: 'Raspoutine Classic'\">PARROQUIA <\/span><\/strong><strong><span style=\"font-size: 12pt; line-height: 107%; font-family: 'Raspoutine Classic'\">\u201c<\/span><\/strong><strong><span style=\"font-size: 12pt; line-height: 107%; font-family: 'Raspoutine Classic'\">NUESTRA SE\u00d1ORA DEL HUERTO\u00bb &#8211; MALABRIGO<\/span><\/strong><\/u><\/font><\/div>\n<div align=\"left\">\u00a0<\/div>\n<div align=\"left\"><font color=\"#000000\"><u><strong>MARTES 24<\/strong><\/u><\/font><\/div>\n<div align=\"left\"><font color=\"#000000\">19,30 hs Misa en el Templo<br \/>20,30 hs Encuentro de padres de primer a\u00f1o de Catequesis Familiar, en el Sal\u00f3n Parroquial<br \/><strong>Bono Contribuci\u00f3n Fiesta Patronal<\/strong>: Est\u00e1n disponibles los talonarios. Pedimos a los responsables de las Comisiones que pasen por secretar\u00eda a retirarlos lo antes posible.<\/font><\/div>\n<div align=\"left\"><font color=\"#000000\"><br \/><u><strong>MI\u00c9RCOLES 25 <\/strong><\/u><br \/>19,30 hs Misa en el Templo<br \/><strong>Solemnidad de Corpus Christi:<\/strong> Se celebra el pr\u00f3ximo domingo, 29 de mayo. Se adelanta media hora la Misa de la tarde, que comenzar\u00e1 a las 18,30, y luego se har\u00e1 la procesi\u00f3n eucar\u00edstica alrededor de la plaza, finalizando con un momento de adoraci\u00f3n y bendici\u00f3n en el Templo<\/p>\n<p><u><strong>JUEVES 26<\/strong><\/u><br \/>19,30 hs Misa en el Templo<br \/><strong>Pastoral Vocacional Diocesana<\/strong>: Se invita a todos los j\u00f3venes que tengan alguna inquietud vocacional a un encuentro a realizarse el s\u00e1bado 4 y domingo 5 de junio. Mayores informes directamente con el Padre Carlos o en la Secretar\u00eda Parroquial.<\/p>\n<p><u><strong>VIERNES 27<\/strong><\/u><\/font><\/div>\n<div align=\"left\"><font color=\"#000000\">19,30 hs Celebraci\u00f3n<br \/><strong>Congreso Eucar\u00edstico Nacional<\/strong>: Se celebrar\u00e1 en Tucum\u00e1n del 16 al 19 de Junio. En todas las parroquias del pa\u00eds nos iremos preparando espiritualmente para este acontecimiento con la oraci\u00f3n y las Misas de los pr\u00f3ximos tres fines de semana. <br \/><em>Adem\u00e1s, se invita especialmente a todos los fieles a realizar en este tiempo visitas al Sant\u00edsimo.<\/em><\/p>\n<p><u><strong>S\u00c1BADO 28<\/strong><\/u><br \/>19,00 hs Misa en el Templo<br \/><strong>Colaboraci\u00f3n con el Seminario<\/strong>: Durante el mes de junio corresponde a nuestra di\u00f3cesis realizar la Campa\u00f1a de Alimentos para el Seminario. Las donaciones se pueden entregar en la Secretar\u00eda Parroquial.<\/p>\n<p><u><strong>DOMINGO 29<\/strong><\/u><br \/>10,00 hs Misa en Berna<br \/>18,30 hs Misa en el Templo y Procesi\u00f3n de Corpus Christi alrededor de la Plaza<\/font><\/div>\n<div align=\"left\">\u00a0<\/div>\n<div align=\"left\">\u00a0<\/div>\n<div align=\"left\">\u00a0<\/div>\n<div align=\"left\"><font color=\"#FF0000\"><u style=\"line-height: normal\"><strong><span style=\"font-size: 12pt; line-height: 107%; font-family: 'Raspoutine Classic'\">PARROQUIA <\/span><\/strong><strong><span style=\"font-size: 12pt; line-height: 107%; font-family: 'Raspoutine Classic'\">\u201c<\/span><\/strong><strong><span style=\"font-size: 12pt; line-height: 107%; font-family: 'Raspoutine Classic'\">SAGRADO CORAZ\u00d3N DE JES\u00daS\u00bb &#8211; ROMANG<\/span><\/strong><\/u><\/font><\/div>\n<div align=\"left\">\u00a0<\/div>\n<div align=\"left\"><strong><font color=\"#000000\">LUNES 23<\/font><\/strong><\/div>\n<div align=\"left\"><font color=\"#000000\">15 hs Rezo del rosario en la ermita de la Virgen Schoenstatt.<br \/><strong>\u00a0<br \/>MARTES 24<\/strong><\/font><\/div>\n<div align=\"left\"><font color=\"#000000\">16,00 hs. Reuni\u00f3n Misioneras de Schoenstatt.<br \/>18,00 hs Misa Capilla Esp\u00edritu Santo.<br \/>19,30 hs Reuni\u00f3n Catequistas de CAFA y Confirmaci\u00f3n.<br \/>\u00a0<br \/><strong>MI\u00c9RCOLES 25<\/strong><\/font><\/div>\n<div align=\"left\"><font color=\"#000000\">19,00 hs. Misa en el Templo rezando por la Patria<br \/>\u00a0<br \/><strong>JUEVES 26<\/strong><\/font><\/div>\n<div align=\"left\"><font color=\"#000000\">17,30 hs Misa en el hogar de ancianos.<br \/>19,30 hs. Misa en Costa Itat\u00ed. Luego reuni\u00f3n con la comisi\u00f3n de la Capilla.<br \/>21,00 hs. Reuni\u00f3n Grupo ambulatorio de C.E.P.A.R. en el Templo<br \/>\u00a0<br \/><strong>S\u00c1BADO 27<\/strong><\/font><\/div>\n<div align=\"left\"><font color=\"#000000\">16,00 hs. Misa en La Loma. Fiesta Patronal San Juan Bautista.<br \/>19,00 hs. Misa en Los Laureles.<br \/><strong>\u00a0<br \/>DOMINGO 28<\/strong><\/font><\/div>\n<div align=\"left\"><font color=\"#000000\">17,00 hs. Reuni\u00f3n Grupos de Padres de C.E.P.A.R. (Comisi\u00f3n Ecum\u00e9nica para Prevenci\u00f3n de Adicciones de Romang) en el Templo.<br \/>19,00 hs. Misa en el Templo.<\/font><\/div>\n<div align=\"left\">\u00a0<\/div>\n<div align=\"left\">\u00a0<\/div>\n<div align=\"left\">\u00a0<\/div>\n<div>\n<div align=\"left\"><font color=\"#FF0000\"><u style=\"line-height: normal\"><strong><span style=\"font-size: 12pt; line-height: 107%; font-family: 'Raspoutine Classic'\">PARROQUIA <\/span><\/strong><strong><span style=\"font-size: 12pt; line-height: 107%; font-family: 'Raspoutine Classic'\">\u201c<\/span><\/strong><strong><span style=\"font-size: 12pt; line-height: 107%; font-family: 'Raspoutine Classic'\">SAN ROQUE\u00bb &#8211; MARGARITA<br \/><\/span><\/strong><\/u><\/font><\/div>\n<div align=\"left\"><strong>\u00a0<\/strong><\/div>\n<div align=\"left\"><font color=\"#000000\"><strong>MARTES 24 DE MAYO <\/strong><br \/>17 hs Reuni\u00f3n de Liturgia. <br \/>19.30 hs Reuni\u00f3n de Cursillo.<\/font><\/div>\n<div align=\"left\">\u00a0<\/div>\n<div><font color=\"#000000\"><strong>MI\u00c9RCOLES 25 DE MAYO<\/strong><br \/>18 HS Misa especial D\u00eda de la Patria en el templo y recordaremos a Mar\u00eda Auxiliadora.<\/p>\n<p><strong>VIERNES 27 DE MAYO &#8211; NUEVO HORARIO DE INVIERNO<\/strong><br \/>18 hs Misa al Sagrado Coraz\u00f3n en el templo.<\/p>\n<p><strong>S\u00c1BADO 28 DE MAYO<\/strong><br \/>19 HS. Misa en el templo. <\/p>\n<p><strong>DOMINGO 29 DE MAYO &#8211; EL SANT\u00cdSIMO CUERPO Y SANGRE DE CRISTO<\/strong><br \/>19 hs Santa misa en el templo.<br \/><\/font><\/div>\n<div>\u00a0<\/div>\n<div><font color=\"#000000\"><strong>\u00a0\u00a0\u00a0\u00a0\u00a0\u00a0\u00a0\u00a0\u00a0 Continua la campa\u00f1a \u201cTu cuadradito abriga\u201d<\/strong><br \/>\u00a0\u00a0\u00a0\u00a0\u00a0\u00a0\u00a0\u00a0\u00a0 Juntamos cuadraditos de 20 cm x 20 cm tejidos para armar mantas.<br \/>\u00a0\u00a0\u00a0\u00a0\u00a0\u00a0\u00a0\u00a0\u00a0 Se reciben tambi\u00e9n lanas.<br \/>\u00a0\u00a0\u00a0\u00a0\u00a0\u00a0\u00a0\u00a0\u00a0 Acercarlas a la parroquia.<\/font><\/div>\n<div>\u00a0<\/div>\n<\/div>\n<div><font color=\"#000000\">\u00a0\u00a0\u00a0\u00a0\u00a0\u00a0\u00a0\u00a0<strong> Se aceptan donaciones de flores para adornar el templo.<br \/>\u00a0\u00a0\u00a0\u00a0\u00a0\u00a0\u00a0\u00a0 Acercarlas a la parroquia o avisar en secretar\u00eda.<\/strong><\/font><\/p>\n<\/div>\n<div>\u00a0<\/div>\n<div>\u00a0<\/div>\n<div>\u00a0<\/div>\n<div><font color=\"#FF0000\"><u style=\"line-height: normal\"><strong><span style=\"font-size: 12pt; line-height: 107%; font-family: 'Raspoutine Classic'\">PARROQUIA <\/span><\/strong><strong><span style=\"font-size: 12pt; line-height: 107%; font-family: 'Raspoutine Classic'\">\u201c<\/span><\/strong><strong><span style=\"font-size: 12pt; line-height: 107%; font-family: 'Raspoutine Classic'\">NUESTRA SE\u00d1ORA DE ITAT\u00cd\u00bb -FORT\u00cdN OLMOS<\/span><\/strong><\/u><\/font><\/div>\n<div>\u00a0<\/div>\n<div><font color=\"#000000\"><strong>Jueves 26 de mayo<\/strong><br \/>15:00\u00a0 Reuni\u00f3n de todos los beneficiarios de las 10 casas que est\u00e1 llevando adelante Caritas.\u00a0 Estar\u00e1n presentes los equipos diocesano y parroquial de Caritas.<\/p>\n<p><strong>Viernes 27 de mayo<\/strong><br \/>17:00\u00a0 Celebraci\u00f3n de la misa en Santa Luc\u00eda<\/p>\n<p><strong>S\u00e1bado 28 de mayo<\/strong><br \/>17:00\u00a0 Celebraci\u00f3n de la misa en el Km 101 (Pozo de los Indios)<br \/>19:00\u00a0 Celebraci\u00f3n de la misa en el Templo Parroquial de Fort\u00edn Olmos<\/p>\n<p><strong>Domingo 29 de mayo<\/strong><br \/>Celebraci\u00f3n a confirmar en los pr\u00f3ximos d\u00edas<\/font><\/div>\n<div>\u00a0<\/div>\n<div align=\"left\">\u00a0<\/div>\n<div align=\"left\">\u00a0<\/div>\n<div align=\"left\">\n<div><font color=\"#FF0000\"><u style=\"line-height: normal\"><strong><span style=\"font-size: 12pt; line-height: 107%; font-family: 'Raspoutine Classic'\">PARROQUIA <\/span><\/strong><strong><span style=\"font-size: 12pt; line-height: 107%; font-family: 'Raspoutine Classic'\">\u201c<\/span><\/strong><strong><span style=\"font-size: 12pt; line-height: 107%; font-family: 'Raspoutine Classic'\">NUESTRA SE\u00d1ORA DEL ROSARIO\u00bb &#8211; LANTERI<\/span><\/strong><\/u><\/font><\/div>\n<div>\u00a0<\/div>\n<div><!--[if gte mso 9]><xml>  <o:OfficeDocumentSettings>   <o:RelyOnVML\/>   <o:AllowPNG\/>  <\/o:OfficeDocumentSettings> <\/xml><![endif]--><font color=\"#000000\"><strong>Martes 31<\/strong><br \/>18:00\u00a0\u00a0 Misa en Don Ernesto\u00a0\u00a0\u00a0\u00a0\u00a0\u00a0\u00a0\u00a0\u00a0\u00a0\u00a0\u00a0\u00a0\u00a0\u00a0\u00a0\u00a0\u00a0\u00a0\u00a0\u00a0\u00a0\u00a0\u00a0\u00a0\u00a0\u00a0\u00a0\u00a0\u00a0\u00a0\u00a0\u00a0\u00a0\u00a0\u00a0\u00a0\u00a0\u00a0\u00a0\u00a0\u00a0\u00a0\u00a0\u00a0\u00a0\u00a0\u00a0\u00a0\u00a0\u00a0\u00a0\u00a0\u00a0\u00a0\u00a0\u00a0\u00a0\u00a0\u00a0\u00a0\u00a0\u00a0\u00a0\u00a0\u00a0\u00a0\u00a0\u00a0\u00a0\u00a0\u00a0\u00a0\u00a0\u00a0\u00a0\u00a0\u00a0\u00a0\u00a0\u00a0\u00a0\u00a0\u00a0\u00a0\u00a0\u00a0\u00a0\u00a0\u00a0\u00a0\u00a0\u00a0\u00a0\u00a0\u00a0\u00a0\u00a0\u00a0\u00a0\u00a0 <\/font><\/div>\n<div>\u00a0<\/div>\n<div><font color=\"#000000\"><strong>Mi\u00e9rcoles 01\/06<\/strong><br \/>18:00\u00a0\u00a0 Misa en Flor de Oro <\/font><\/div>\n<div>\u00a0<\/div>\n<div><font color=\"#000000\"><strong>Jueves 02<\/strong><br \/>17:30\u00a0\u00a0 Misa en San Roque.\u00a0\u00a0\u00a0\u00a0 <\/font><\/div>\n<div>\u00a0<\/div>\n<div><font color=\"#000000\"><strong>Viernes 03 &#8211; Fiesta Sagrado Coraz\u00f3n de Jes\u00fas.\u00a0\u00a0<\/strong> <br \/>17:30\u00a0\u00a0 Misa en el Hospital de Reconquista. <br \/>19:30\u00a0\u00a0 Misa en el Tempo de Lanteri. <\/font><\/div>\n<div>\u00a0<\/div>\n<div><font color=\"#000000\"><strong>S\u00e1bado 04<\/strong><br \/>17:30\u00a0\u00a0 Misa en Campo Bonasola.<br \/>19:30\u00a0\u00a0 Misa en Lanteri. <\/font><\/div>\n<div>\u00a0<\/div>\n<div><font color=\"#000000\"><strong>Domingo 05<\/strong><br \/>10:00\u00a0\u00a0 Misa en Taperitas<\/font><br \/>\u00a0<\/div>\n<\/div>\n<\/div>\n<p>\u00a0<\/p><\/div>\n<p>\u00a0<\/p><\/div>\n","protected":false},"excerpt":{"rendered":"<div class=\"mh-excerpt\"><div style=\"text-align: center\"><img loading=\"lazy\" decoding=\"async\" src=\"https:\/\/scontent-grt2-1.xx.fbcdn.net\/v\/t1.0-9\/1506053_578094348953727_329175415_n.jpg?oh=6ae2ca764c76de548d2dfd0cfd6e726f&#038;oe=57C7D30C\" border=\"0\" width=\"300\" height=\"214\" align=\"middle\" \/><\/div>\n<div align=\"left\">\u00a0<\/p>\n<\/div>","protected":false},"author":1,"featured_media":0,"comment_status":"closed","ping_status":"open","sticky":false,"template":"","format":"standard","meta":{"footnotes":""},"categories":[28],"tags":[],"class_list":["post-1213","post","type-post","status-publish","format-standard","hentry","category-latest-news"],"_links":{"self":[{"href":"https:\/\/www.obispadorqta.org.ar\/v3\/wp-json\/wp\/v2\/posts\/1213","targetHints":{"allow":["GET"]}}],"collection":[{"href":"https:\/\/www.obispadorqta.org.ar\/v3\/wp-json\/wp\/v2\/posts"}],"about":[{"href":"https:\/\/www.obispadorqta.org.ar\/v3\/wp-json\/wp\/v2\/types\/post"}],"author":[{"embeddable":true,"href":"https:\/\/www.obispadorqta.org.ar\/v3\/wp-json\/wp\/v2\/users\/1"}],"replies":[{"embeddable":true,"href":"https:\/\/www.obispadorqta.org.ar\/v3\/wp-json\/wp\/v2\/comments?post=1213"}],"version-history":[{"count":1,"href":"https:\/\/www.obispadorqta.org.ar\/v3\/wp-json\/wp\/v2\/posts\/1213\/revisions"}],"predecessor-version":[{"id":1463,"href":"https:\/\/www.obispadorqta.org.ar\/v3\/wp-json\/wp\/v2\/posts\/1213\/revisions\/1463"}],"wp:attachment":[{"href":"https:\/\/www.obispadorqta.org.ar\/v3\/wp-json\/wp\/v2\/media?parent=1213"}],"wp:term":[{"taxonomy":"category","embeddable":true,"href":"https:\/\/www.obispadorqta.org.ar\/v3\/wp-json\/wp\/v2\/categories?post=1213"},{"taxonomy":"post_tag","embeddable":true,"href":"https:\/\/www.obispadorqta.org.ar\/v3\/wp-json\/wp\/v2\/tags?post=1213"}],"curies":[{"name":"wp","href":"https:\/\/api.w.org\/{rel}","templated":true}]}}