{"id":1214,"date":"2016-05-26T14:45:43","date_gmt":"2016-05-26T14:45:43","guid":{"rendered":"http:\/\/www.obispadorqta.org.ar\/v3\/diacononuevo\/"},"modified":"2017-04-17T14:22:31","modified_gmt":"2017-04-17T14:22:31","slug":"diacononuevo","status":"publish","type":"post","link":"https:\/\/www.obispadorqta.org.ar\/v3\/diacononuevo\/","title":{"rendered":"Ordenaci\u00f3n Diaconal"},"content":{"rendered":"<p style=\"font-family: Verdana,Arial,Helvetica,sans-serif; font-size: 14px\" align=\"center\"><strong><font color=\"#000000\">\u00abSE ACERCO Y VENDO SUS HERIDAS\u00bb<\/font><\/strong><\/p>\n<p align=\"center\">\u00a0<img loading=\"lazy\" decoding=\"async\" src=\"https:\/\/scontent-gru2-1.xx.fbcdn.net\/v\/t1.0-9\/13260185_998274860269005_8186772641001352746_n.jpg?oh=b254f3c7279d28c6c6f7f5a38cb3f14e&#038;oe=57D200EA\" border=\"0\" width=\"254\" height=\"343\" \/><\/p>\n<p>&nbsp;<\/p>\n<p align=\"justify\"><font face=\"Verdana, Arial, Helvetica, sans-serif\" color=\"#000000\"><span style=\"font-size: 12px; line-height: normal\">El domingo 12 de Junio de 2016, el Obispo Diocesano, Mons. \u00c1ngel Jos\u00e9 Mac\u00edn ordenar\u00e1 Di\u00e1cono al ac\u00f3lito Guillermo Nicol\u00e1s Ben\u00edtez.<\/span><\/font><\/p>\n<p align=\"justify\"><font face=\"Verdana, Arial, Helvetica, sans-serif\" color=\"#000000\"><span style=\"font-size: 12px; line-height: normal\">Este acontecimiento se llevar\u00e1 a cabo en el patio parroquial de la Parroquia \u00abNuestra Se\u00f1ora de la Merced\u00bb de Avellaneda a las 18:00 hs., luego se realizar\u00e1 un compartir fraterno en lugar a confirmar.<\/span><\/font><\/p>\n<p align=\"justify\"><font face=\"Verdana, Arial, Helvetica, sans-serif\" color=\"#000000\"><span style=\"font-size: 12px; line-height: normal\">Compartimos esta gran alegr\u00eda para toda nuestra Di\u00f3cesis y continuamos orando por las vocaciones y nuestros sacerdotes.<\/span><\/font><\/p>\n<p>&nbsp;<\/p>\n<p>&nbsp;<\/p>\n","protected":false},"excerpt":{"rendered":"<div class=\"mh-excerpt\"><p>\u00abSE ACERCO Y VENDO SUS HERIDAS\u00bb \u00a0 &nbsp; El domingo 12 de Junio de 2016, el Obispo Diocesano, Mons. \u00c1ngel Jos\u00e9 Mac\u00edn ordenar\u00e1 Di\u00e1cono al <a class=\"mh-excerpt-more\" href=\"https:\/\/www.obispadorqta.org.ar\/v3\/diacononuevo\/\" title=\"Ordenaci\u00f3n Diaconal\">[&#8230;]<\/a><\/p>\n<\/div>","protected":false},"author":1,"featured_media":0,"comment_status":"closed","ping_status":"open","sticky":false,"template":"","format":"standard","meta":{"footnotes":""},"categories":[28],"tags":[],"class_list":["post-1214","post","type-post","status-publish","format-standard","hentry","category-latest-news"],"_links":{"self":[{"href":"https:\/\/www.obispadorqta.org.ar\/v3\/wp-json\/wp\/v2\/posts\/1214","targetHints":{"allow":["GET"]}}],"collection":[{"href":"https:\/\/www.obispadorqta.org.ar\/v3\/wp-json\/wp\/v2\/posts"}],"about":[{"href":"https:\/\/www.obispadorqta.org.ar\/v3\/wp-json\/wp\/v2\/types\/post"}],"author":[{"embeddable":true,"href":"https:\/\/www.obispadorqta.org.ar\/v3\/wp-json\/wp\/v2\/users\/1"}],"replies":[{"embeddable":true,"href":"https:\/\/www.obispadorqta.org.ar\/v3\/wp-json\/wp\/v2\/comments?post=1214"}],"version-history":[{"count":1,"href":"https:\/\/www.obispadorqta.org.ar\/v3\/wp-json\/wp\/v2\/posts\/1214\/revisions"}],"predecessor-version":[{"id":1462,"href":"https:\/\/www.obispadorqta.org.ar\/v3\/wp-json\/wp\/v2\/posts\/1214\/revisions\/1462"}],"wp:attachment":[{"href":"https:\/\/www.obispadorqta.org.ar\/v3\/wp-json\/wp\/v2\/media?parent=1214"}],"wp:term":[{"taxonomy":"category","embeddable":true,"href":"https:\/\/www.obispadorqta.org.ar\/v3\/wp-json\/wp\/v2\/categories?post=1214"},{"taxonomy":"post_tag","embeddable":true,"href":"https:\/\/www.obispadorqta.org.ar\/v3\/wp-json\/wp\/v2\/tags?post=1214"}],"curies":[{"name":"wp","href":"https:\/\/api.w.org\/{rel}","templated":true}]}}