{"id":1215,"date":"2016-05-30T13:02:31","date_gmt":"2016-05-30T13:02:31","guid":{"rendered":"http:\/\/www.obispadorqta.org.ar\/v3\/avisos-parroquiales-15\/"},"modified":"2017-04-17T14:22:21","modified_gmt":"2017-04-17T14:22:21","slug":"avisos-parroquiales-15","status":"publish","type":"post","link":"https:\/\/www.obispadorqta.org.ar\/v3\/avisos-parroquiales-15\/","title":{"rendered":"AVISOS PARROQUIALES"},"content":{"rendered":"<div style=\"text-align: center\"><img loading=\"lazy\" decoding=\"async\" src=\"https:\/\/fbcdn-photos-c-a.akamaihd.net\/hphotos-ak-xtp1\/v\/t1.0-0\/p206x206\/10629738_657100437719784_2278871948402721872_n.jpg?oh=48e70b677b18ae71a0322809728c0fdb&#038;oe=578019B8&#038;__gda__=1464893487_1ac37a65ca5f13997b15e9365c25e224\" border=\"0\" width=\"338\" height=\"245\" \/><\/div>\n<div align=\"left\">\u00a0<\/div>\n<div align=\"left\"><font color=\"#FF0000\"><u style=\"line-height: normal\"><strong><span style=\"font-size: 12pt; line-height: 107%; font-family: 'Raspoutine Classic'\">PARROQUIA <\/span><\/strong><strong><span style=\"font-size: 12pt; line-height: 107%; font-family: 'Raspoutine Classic'\">\u201c<\/span><\/strong><strong><span style=\"font-size: 12pt; line-height: 107%; font-family: 'Raspoutine Classic'\">INMACULADA CONCEPCI<\/span><\/strong><strong><span style=\"font-size: 12pt; line-height: 107%; font-family: 'Raspoutine Classic'\">\u00d3<\/span><\/strong><strong><span style=\"font-size: 12pt; line-height: 107%; font-family: 'Raspoutine Classic'\">N<\/span><\/strong><strong><span style=\"font-size: 12pt; line-height: 107%; font-family: 'Raspoutine Classic'\">\u201d<\/span><\/strong><strong><span style=\"font-size: 12pt; line-height: 107%; font-family: 'Raspoutine Classic'\"> &#8211; RECONQUISTA<\/span><\/strong><\/u><\/font><\/div>\n<div align=\"left\">\u00a0<\/div>\n<div align=\"left\"><font color=\"#000000\"><u><strong>ADORACI\u00d3N AL SANT\u00cdSIMO:<\/strong><\/u> en Catedral\u00a0 el jueves 02 de junio de 15:00 a 21:00 Hs. y el viernes 3 de 7 a 12 y 15 a 19: 00<\/font><\/div>\n<div align=\"left\">\u00a0<\/div>\n<div align=\"left\"><font color=\"#000000\"><u><strong>FIESTA DEL SAGRADO CORAZ\u00d3N:<\/strong><\/u> la celebraremos el viernes 03 de junio en las misas de Catedral 6:30 y 19:15 Hs. <\/font><\/div>\n<div align=\"left\">\u00a0<\/div>\n<div align=\"left\"><font color=\"#000000\"><u><strong>CURSO DE FORMACION DE LITURGIA 1\u00ba NIVEL:<\/strong><\/u> para todos aqu\u00e9llos interesados en aprender sobre liturgia,\u00a0\u00a0 el s\u00e1bados 04 de junio a las 16 hs en capilla Virgen de Lourdes\u00a0 (barrio La Cortada). <\/font><\/div>\n<div align=\"left\">\u00a0<\/div>\n<div align=\"left\"><font color=\"#000000\"><u><strong>MES DEDICADO AL SAGRADO CORAZ\u00d3N de JES\u00daS:<\/strong><\/u> Se rezar\u00e1 en Catedral todos los d\u00edas del mes antes de la Misa vespertina.<\/font><\/div>\n<div align=\"left\">\u00a0<\/div>\n<div align=\"left\"><font color=\"#000000\"><u><strong>CURSILLO DE NOVIOS:<\/strong><\/u> el domingo 5 de Junio\u00a0en el sal\u00f3n parroquial de 7:30 a 12:30 Hs.<\/font><\/div>\n<div align=\"left\">\u00a0<\/div>\n<div align=\"left\"><font color=\"#000000\"><u><strong>COLABORACI\u00d3N PARA EL SEMINARIO \u2018LA ENCARNACI\u00d3N\u2019:<\/strong><\/u> Se solicita alimentos no perecederos y art\u00edculos de limpieza e higiene\u00a0para el Seminario. Acercarlos durante el mes de junio a la secretar\u00eda parroquial.<\/font><\/div>\n<div align=\"left\">\u00a0<\/div>\n<div align=\"left\"><font color=\"#000000\"><u><strong>MISAS DE LA SEMANA<\/strong><\/u><\/font><\/div>\n<div align=\"left\">\u00a0<\/div>\n<div align=\"left\"><font color=\"#000000\"><strong>Martes 31 a Viernes 03<\/strong><br \/>06:30\u00a0\u00a0\u00a0 Catedral<br \/>19:15\u00a0\u00a0\u00a0 Catedral<\/font><\/div>\n<div align=\"left\">\u00a0<\/div>\n<div align=\"left\"><font color=\"#000000\"><strong>S\u00e1bado 04<\/strong><br \/>17:30\u00a0\u00a0\u00a0 Capilla Virgen de\u00a0 Lourdes (B\u00ba La Cortada)<br \/>17:30\u00a0\u00a0\u00a0 Capilla Buen Pastor (B\u00ba Noreste)<br \/>18:30\u00a0\u00a0\u00a0 Capilla Transfiguraci\u00f3n del Se\u00f1or (Bo. Fraternidad)<br \/>19:00\u00a0\u00a0\u00a0 Catedral <br \/>20:00\u00a0\u00a0\u00a0 Capilla Esp\u00edritu Santo (Bo San Mart\u00edn)<\/font><\/div>\n<div align=\"left\">\u00a0<\/div>\n<div align=\"left\"><font color=\"#000000\"><strong>Domingo 05<\/strong><br \/>09:00\u00a0\u00a0\u00a0 Capilla Jes\u00fas de la Buena Esperanza (B\u00ba Las Ranas)<br \/>10:30\u00a0\u00a0\u00a0 Catedral<br \/>19:00\u00a0\u00a0\u00a0 Catedral<br \/>19:00\u00a0\u00a0\u00a0 Capilla Virgen de Itat\u00ed (Bo Sarmiento)<br \/>\u00a0<\/font><\/div>\n<div align=\"left\">\u00a0<\/div>\n<p><\/p>\n<div align=\"left\"><font color=\"#FF0000\"><u style=\"line-height: normal\"><strong><span style=\"font-size: 12pt; line-height: 107%; font-family: 'Raspoutine Classic'\">PARROQUIA <\/span><\/strong><strong><span style=\"font-size: 12pt; line-height: 107%; font-family: 'Raspoutine Classic'\">\u201c<\/span><\/strong><strong><span style=\"font-size: 12pt; line-height: 107%; font-family: 'Raspoutine Classic'\">NUESTRA SE\u00d1ORA DE LA MERCED\u00bb &#8211; AVELLANEDA<\/span><\/strong><\/u><\/font><\/div>\n<div align=\"left\">\u00a0<\/div>\n<div align=\"left\">\u00a0<\/div>\n<p><\/p>\n<div align=\"left\"><font color=\"#FF0000\"><u style=\"line-height: normal\"><strong><span style=\"font-size: 12pt; line-height: 107%; font-family: 'Raspoutine Classic'\">PARROQUIA <\/span><\/strong><strong><span style=\"font-size: 12pt; line-height: 107%; font-family: 'Raspoutine Classic'\">\u201c<\/span><\/strong><strong><span style=\"font-size: 12pt; line-height: 107%; font-family: 'Raspoutine Classic'\">MAR\u00cdA MADRE DE DIOS\u00bb RECONQUISTA<\/span><\/strong><\/u><\/font><\/div>\n<div align=\"left\">\u00a0<\/div>\n<div align=\"left\">\u00a0<\/div>\n<div align=\"left\">\u00a0<\/div>\n<div align=\"left\"><font color=\"#FF0000\"><u style=\"line-height: normal\"><strong><span style=\"font-size: 12pt; line-height: 107%; font-family: 'Raspoutine Classic'\">PARROQUIA <\/span><\/strong><strong><span style=\"font-size: 12pt; line-height: 107%; font-family: 'Raspoutine Classic'\">\u201c<\/span><\/strong><strong><span style=\"font-size: 12pt; line-height: 107%; font-family: 'Raspoutine Classic'\">SAN LUIS GONZAGA\u00bb &#8211; CALCHAQU\u00cd<\/span><\/strong><\/u><\/font><\/div>\n<div align=\"left\">\u00a0<\/div>\n<div align=\"left\"><font color=\"#000000\"><u><strong>LUNES\u00a0 30<\/strong><\/u><br \/>20:00 Reuni\u00f3n de coordinadores de CAFA y Confirmaci\u00f3n en el Sal\u00f3n Parroquial.\u00a0\u00a0 <\/font><\/div>\n<div align=\"left\">\u00a0<\/div>\n<div align=\"left\"><font color=\"#000000\"><u><strong>MARTES\u00a0 31<\/strong><\/u><br \/>19:30 Misa en la Capilla de Adoraci\u00f3n\u00a0 Perpetua.\u00a0 <\/font><\/div>\n<div align=\"left\">\u00a0<\/div>\n<div align=\"left\"><font color=\"#000000\"><u><strong>MI\u00c9RCOLES 1\u00a0 DE JUNIO<\/strong><\/u><br \/>17:00 Reuni\u00f3n de todas\u00a0 las misioneras de manzana en el Sal\u00f3n\u00a0 Parroquial. <br \/>19:30 Misa en la Capilla de Adoraci\u00f3n\u00a0 Perpetua.\u00a0\u00a0 <\/font><\/div>\n<div align=\"left\">\u00a0<\/div>\n<div align=\"left\"><font color=\"#000000\"><u><strong>JUEVES\u00a0 2 <\/strong><\/u><br \/>19:30 Misa en la Capilla de Adoraci\u00f3n\u00a0 Perpetua.\u00a0\u00a0 <\/font><\/div>\n<div align=\"left\">\u00a0<\/div>\n<div align=\"left\"><font color=\"#000000\"><u><strong>VIERNES 3 \u2013\u00a0 Solemnidad del Sagrado Coraz\u00f3n de Jes\u00fas. <\/strong><\/u><br \/>19:30 Misa en el templo. <\/font><\/div>\n<div align=\"left\">\u00a0<\/div>\n<div align=\"left\"><font color=\"#000000\"><u><strong>S\u00c1BADO\u00a0 4 <\/strong><\/u><br \/>17:00 Misa en el Templo.\u00a0\u00a0 <\/font><\/div>\n<div align=\"left\">\u00a0<\/div>\n<div align=\"left\"><font color=\"#000000\"><u><strong>DOMINGO 5\u00a0 <\/strong><\/u><br \/>10:00 Misa con ni\u00f1os en el Templo.\u00a0 Bendici\u00f3n de agua y objetos de devoci\u00f3n.\u00a0 <br \/>17.00 Catequesis pre\u00a0 bautismal en el Sal\u00f3n Parroquial. <br \/>18:00 Misa de clausura de Encuentros\u00a0 Conyugales en el Colegio. <br \/>19:00 Misa en el\u00a0 Templo.\u00a0 <\/font><\/div>\n<div align=\"left\">\u00a0<\/div>\n<div align=\"left\"><font color=\"#000000\"><u><strong>ENCUENTRO VOCACIONAL\u00a0 ABIERTO A TODOS LOS J\u00d3VENES:<\/strong><\/u> bajo el lema \u201cAl ver que lo segu\u00edan, Jes\u00fas les pregunt\u00f3:\u00a0 \u00bfQu\u00e9 buscan?\u201d se realizar\u00e1 este encuentro para j\u00f3venes mayores de 16 a\u00f1os,\u00a0 los d\u00edas 4 y 5 de junio en Reconquista. <\/font><\/div>\n<div align=\"left\">\u00a0<\/div>\n<div align=\"left\"><font color=\"#000000\"><u><strong>MISAS DURANTE LA\u00a0 SEMANA:<\/strong><\/u> se celebrar\u00e1n en la\u00a0 Capilla de Adoraci\u00f3n Perpetua. COLECTA\u00a0 ANUAL DE C\u00c1RITAS:\u00a0 bajo el lema \u201cSi das lo mejor de vos el\u00a0 mundo ser\u00e1 distinto\u201d se realiza esta colecta el segundo fin de semana de\u00a0 junio y se har\u00e1\u00a0 por todos los barrios de la ciudad, como los a\u00f1os\u00a0 anteriores. <\/font><\/div>\n<div align=\"left\">\u00a0<\/div>\n<div align=\"left\"><font color=\"#000000\"><u><strong>NOVENA\u00a0 A SAN LUIS GONZAGA:\u00a0<\/strong><\/u> comienza el domingo 12 de junio.<\/font><\/div>\n<div align=\"left\">\u00a0<\/div>\n<div align=\"left\">\u00a0<\/div>\n<div align=\"left\"><font color=\"#000000\">\u00a0 <\/font><\/div>\n<div align=\"left\">\u00a0<\/div>\n<div align=\"left\">\n<div align=\"left\"><font color=\"#FF0000\"><u style=\"line-height: normal\"><strong><span style=\"font-size: 12pt; line-height: 107%; font-family: 'Raspoutine Classic'\">PARROQUIA <\/span><\/strong><strong><span style=\"font-size: 12pt; line-height: 107%; font-family: 'Raspoutine Classic'\">\u201c<\/span><\/strong><strong><span style=\"font-size: 12pt; line-height: 107%; font-family: 'Raspoutine Classic'\">NUESTRA SE\u00d1ORA DEL HUERTO\u00bb &#8211; MALABRIGO <\/span><\/strong><\/u><\/font><\/div>\n<div align=\"left\">\u00a0<\/div>\n<div align=\"left\"><font color=\"#000000\"><u><strong>Lunes 30<\/strong><\/u><br \/><strong>Pastoral Vocacional Diocesana<\/strong>: Habr\u00e1 un encuentro de discernimiento para los j\u00f3venes con inquietudes vocacionales mayores de 16 a\u00f1os el s\u00e1bado 4 y domingo 5 de junio. Informes en Secretar\u00eda o con el Padre Carlos<br \/><strong>Bono Contribuci\u00f3n Fiesta Patronal<\/strong>: Ya est\u00e1n a la venta los tradicionales bonos a beneficio de la Parroquia para el 2 de Julio. Se solicitan voluntarios para colaborar con este beneficio<\/p>\n<p><u><strong>Martes 31 <\/strong><\/u><br \/>19,30 hs Celebraci\u00f3n en el Templo<br \/><strong>La Liga de Madres de Familia: <\/strong>Agradece los 61 a\u00f1os de labor pastoral en la Parroquia. Invita a un viaje y peregrinaci\u00f3n a Cura Brochero y Carlos Paz del 29 de septiembre al primero de octubre. Mayor informaci\u00f3n con miembros de la comisi\u00f3n.<br \/><strong>Colaboraci\u00f3n con el Seminario: <\/strong>Durante el mes de junio se realiza la Campa\u00f1a de Ayuda para el Seminario. Se pueden donar alimentos no perecederos, art\u00edculos de limpieza y art\u00edculos de higiene personal.<\/p>\n<p><u><strong>Mi\u00e9rcoles 01<\/strong><\/u><br \/>19,30 hs Celebraci\u00f3n en el Templo<br \/>19,30 hs Comienza el triduo en barrio Estaci\u00f3n en preparaci\u00f3n a su Fiesta Patronal<br \/><strong>Preparaci\u00f3n para el Congreso Eucar\u00edstico Nacional<\/strong>: Todas las comisiones y grupos pastorales est\u00e1n invitados a realizar una Hora Santa en el d\u00eda y horario que les resulte m\u00e1s conveniente, hasta el 16 de junio. Tambi\u00e9n cada uno de los fieles, en forma individual. En la Capilla del Sant\u00edsimo encontrar\u00e1n una gu\u00eda de oraci\u00f3n. <\/p>\n<p><u><strong>Jueves 02<\/strong><\/u><br \/>19,30 hs Misa en el Templo<br \/>19,30 hs Contin\u00faa el triduo en barrio Estaci\u00f3n<br \/>20,15 hs Reuni\u00f3n de Ministros de la Comuni\u00f3n<br \/><strong>Oraci\u00f3n por los sacerdotes:<\/strong> Se invita a toda la comunidad a orar pidiendo al Se\u00f1or que sostenga y fortalezca al obispo y a los sacerdotes de nuestra di\u00f3cesis en su entrega cotidiana y en sus dificultades. Todos los jueves de 20 a 21 hs en el Sant\u00edsimo<\/p>\n<p><strong><u>Viernes 03\u00a0<\/u> \u201cSolemnidad del Sagrado Coraz\u00f3n\u201d <\/strong><br \/>16,00 hs Misa de primer viernes. Luego de la misa agasajo a todas las socias del Apostolado de la Oraci\u00f3n, en el Sal\u00f3n Parroquia<br \/>19,30 hs Misa de Fiesta Patronal en Barrio\u00a0 Estaci\u00f3n<\/p>\n<p><u><strong>S\u00e1bado 04<\/strong><\/u><br \/>17,30 hs Misa en Campo Ramseyer<br \/>19,00 hs Misa en el Templo<br \/>20,30 hs Ultreya del Movimiento de Cursillos con convivencia a la canasta<\/p>\n<p><u><strong>Domingo 05<\/strong><\/u><br \/>10,00 hs Misa de Ni\u00f1os<br \/>10,00 hs Celebraci\u00f3n en Berna<br \/>19,00 hs Misa en el Templo<br \/><strong>Ordenaci\u00f3n diaconal: <\/strong>El domingo 12 de junio ser\u00e1 ordenado di\u00e1cono en camino al sacerdocio el joven Nicol\u00e1s Ben\u00edtez, en la parroquia de Avellaneda a las 18 hs<br \/><strong><br \/>Grupo Rural San Antonio<\/strong><br \/>En preparaci\u00f3n a su Fiesta Patronal se rezar\u00e1 un triduo los d\u00edas martes 31 de mayo; martes 7 y jueves 9 de junio en la Capilla del Grupo a las 18,30 hs<\/font><br \/>\u00a0<br \/>\u00a0<\/div>\n<\/div>\n<div align=\"left\">\u00a0<\/div>\n<div align=\"left\"><font color=\"#FF0000\"><u style=\"line-height: normal\"><strong><span style=\"font-size: 12pt; line-height: 107%; font-family: 'Raspoutine Classic'\">PARROQUIA <\/span><\/strong><strong><span style=\"font-size: 12pt; line-height: 107%; font-family: 'Raspoutine Classic'\">\u201c<\/span><\/strong><strong><span style=\"font-size: 12pt; line-height: 107%; font-family: 'Raspoutine Classic'\">SAN JUAN BAUTISTA\u00bb &#8211; VERA<\/span><\/strong><\/u><\/font><\/div>\n<div align=\"left\">\u00a0<\/div>\n<div align=\"left\"><font color=\"#000000\"><strong>MARTES 31:\u00a0\u00a0\u00a0<\/strong> \u00a0\u00a0\u00a0 <br \/>19:30\u00a0 Celebraci\u00f3n de la Palabra en el Templo<br \/>\u00a0\u00a0\u00a0 \u00a0\u00a0\u00a0 <br \/><strong>MI\u00c9RCOLES 01 de junio: <\/strong><br \/>19:00\u00a0 Triduo en Capilla Sagrado Coraz\u00f3n, preparando la Fiesta Patronal \u00a0\u00a0\u00a0 <br \/>19:30\u00a0 Misa en el Templo<\/p>\n<p><strong>JUEVES 02:\u00a0\u00a0<\/strong> \u00a0\u00a0\u00a0 <br \/>17:30\u00a0 Misa en Capilla San Mart\u00edn de Porres<br \/>19:00\u00a0 Triduo en Capilla Sagrado Coraz\u00f3n, preparando la Fiesta Patronal<br \/>19:30\u00a0 Celebraci\u00f3n de la Palabra en el Templo<br \/>20:00 a 23:00\u00a0 Adoraci\u00f3n por las vocaciones en el Templo <\/p>\n<p><strong>VIERNES 03:\u00a0\u00a0\u00a0 SAGRADO CORAZ\u00d3N DE JES\u00daS<\/strong><br \/>07:00 a 19:30 hs. Adoraci\u00f3n al Sant\u00edsimo en el Templo<br \/>17:30\u00a0 Confesiones en Capilla Sagrado Coraz\u00f3n<br \/>19:00\u00a0 Misa finalizando el triduo, en Capilla Sagrado Coraz\u00f3n<br \/>19:30\u00a0 Celebraci\u00f3n de la Palabra en el Templo<br \/>\u00a0\u00a0\u00a0 <br \/><strong>S\u00c1BADO 04: \u00a0<\/strong>\u00a0\u00a0 <br \/>16:00\u00a0 Procesi\u00f3n y Misa en Capilla Sagrado Coraz\u00f3n de Vera<br \/>18:00\u00a0 Procesi\u00f3n y Misa en Capilla Sagrado Coraz\u00f3n de Santa Felicia<br \/>19:30\u00a0 Celebraci\u00f3n de la Palabra en el Templo<\/p>\n<p><strong>DOMINGO 05:\u00a0\u00a0\u00a0 \u00a0<\/strong>\u00a0\u00a0 <br \/>10:00\u00a0 Misa en el Templo<br \/>19:30\u00a0 Misa en el Templo<\/font><\/div>\n<div align=\"left\">\u00a0<\/div>\n<div align=\"left\">\u00a0<\/div>\n<div align=\"left\">\n<div align=\"left\">\u00a0<\/div>\n<div align=\"left\"><font color=\"#FF0000\"><u style=\"line-height: normal\"><strong><span style=\"font-size: 12pt; line-height: 107%; font-family: 'Raspoutine Classic'\">PARROQUIA <\/span><\/strong><strong><span style=\"font-size: 12pt; line-height: 107%; font-family: 'Raspoutine Classic'\">\u201c<\/span><\/strong><strong><span style=\"font-size: 12pt; line-height: 107%; font-family: 'Raspoutine Classic'\">SAGRADO CORAZ\u00d3N DE JES\u00daS\u00bb -ROMANG<\/span><\/strong><\/u><\/font><\/div>\n<div align=\"left\">\u00a0<\/div>\n<div align=\"left\"><u><strong><font color=\"#000000\">Lunes 3<u>0<\/u> <\/font><\/strong><\/u><\/div>\n<div align=\"left\"><font color=\"#000000\">14,00 hs\u00a0 Procesi\u00f3n de Corpus Christi desde el Templo al Colegio Inmaculada. <br \/>15,00 hs\u00a0 Rezo del rosario en la ermita de la Virgen Schoenstatt.<br \/>\u00a0\u00a0\u00a0\u00a0\u00a0\u00a0\u00a0\u00a0\u00a0\u00a0\u00a0\u00a0\u00a0\u00a0\u00a0\u00a0\u00a0\u00a0 <br \/><u><strong>Martes 31<\/strong><\/u><\/font><\/div>\n<div align=\"left\"><font color=\"#000000\">17,30 hs.\u00a0 Reuni\u00f3n Grupo de preparaci\u00f3n Kermes para la Fiesta Patronal.<br \/>\u00a0<br \/><u><strong>Jueves 02<\/strong><\/u><\/font><\/div>\n<div align=\"left\"><font color=\"#000000\">18,00 hs\u00a0\u00a0 Adoraci\u00f3n al Sant\u00edsimo rezando por las vocaciones.<br \/>19,00 hs.\u00a0 Misa en el Templo.<br \/>19,30 hs.\u00a0 Reuni\u00f3n del Consejo de Pastoral.<br \/>21,00 hs.\u00a0 Reuni\u00f3n Grupo ambulatorio de C.E.P.A.R. en el Templo<br \/>\u00a0\u00a0\u00a0\u00a0\u00a0\u00a0\u00a0\u00a0\u00a0\u00a0\u00a0\u00a0\u00a0\u00a0\u00a0\u00a0\u00a0\u00a0 <br \/><u><strong>Viernes 03<\/strong><\/u><\/font><\/div>\n<div align=\"left\"><font color=\"#000000\">15,00 hs.\u00a0 Inicio Novena Patronal en el Templo.<br \/>\u00a0\u00a0\u00a0\u00a0\u00a0\u00a0\u00a0\u00a0\u00a0\u00a0\u00a0\u00a0\u00a0\u00a0\u00a0\u00a0\u00a0\u00a0 <br \/><u><strong>S\u00e1bado 04<\/strong><\/u><\/font><\/div>\n<div align=\"left\"><font color=\"#000000\">15,00 hs\u00a0\u00a0 Misa en el Gusano.<br \/>15,00 hs.\u00a0 Novena Patronal en el Templo <br \/>17,00 hs.\u00a0 Misa en La Loma.<br \/>19,00 hs\u00a0\u00a0 Misa en Colonia Dur\u00e1n<br \/>\u00a0<br \/><u><strong>Domingo 05<\/strong><\/u><\/font><\/div>\n<div align=\"left\"><font color=\"#000000\">09,00 hs.\u00a0 Misa en Las Palmas.<br \/>17,00 hs.\u00a0 Reuni\u00f3n Grupos de Padres de C.E.P.A.R. en el Templo.<br \/>18,00 hs.\u00a0 Novena Patronal en el Templo.<br \/>19,00 hs.\u00a0 Misa en Templo.<br \/>\u00a0<br \/><strong>REUNION del CONSEJO de PASTORAL: <\/strong>a todos los referentes de los grupos, movimiento y capillas les recordamos acercar Balances y esquemas para las fiestas patronales a la reuni\u00f3n de este jueves a las 19,30 hs.<\/font><\/p>\n<\/div>\n<\/div>\n<div align=\"left\"><!--[if gte mso 9]><xml>  <o:OfficeDocumentSettings>   <o:TargetScreenSize>800x600<\/o:TargetScreenSize>  <\/o:OfficeDocumentSettings> <\/xml><![endif]--><\/div>\n<p><\/p>\n<div align=\"left\">\u00a0<\/div>\n<div>\n<div align=\"left\"><font color=\"#FF0000\"><u style=\"line-height: normal\"><strong><span style=\"font-size: 12pt; line-height: 107%; font-family: 'Raspoutine Classic'\">PARROQUIA <\/span><\/strong><strong><span style=\"font-size: 12pt; line-height: 107%; font-family: 'Raspoutine Classic'\">\u201c<\/span><\/strong><strong><span style=\"font-size: 12pt; line-height: 107%; font-family: 'Raspoutine Classic'\">SAN ROQUE\u00bb &#8211; MARGARITA<\/span><\/strong><\/u><\/font><\/div>\n<div align=\"left\">\u00a0<\/div>\n<div><font color=\"#000000\"><u><strong>MARTES 31 DE MAYO<\/strong><\/u><br \/>17.00\u00a0 Reuni\u00f3n de liturgia<\/p>\n<p><u><strong>MI\u00c9RCOLES 1 DE JUNIO <\/strong><\/u><br \/>17.00\u00a0 Misa en el Hogar de Ancianos<br \/>\u00a0<br \/><u><strong>JUEVES 2 DE JUNIO<\/strong><\/u><br \/>20.30\u00a0\u00a0 Reuni\u00f3n de Consejo de Pastoral parroquial.<\/p>\n<p><u><strong>VIERNES 3 DE JUNIO<\/strong><\/u> &#8211; Fiesta del Sagrado Coraz\u00f3n de Jes\u00fas y 1 er Viernes de Mes<br \/>18.00\u00a0\u00a0 Santa misa al Coraz\u00f3n de Jes\u00fas\u00a0 en el templo.<\/p>\n<p><u><strong>S\u00c1BADO 4 DE JUNIO<\/strong><\/u><br \/>19.00\u00a0\u00a0 Misa en el templo<\/p>\n<p><u><strong>DOMINGO 5 DE JUNIO<\/strong><\/u><br \/>10.00\u00a0\u00a0 Santa Misa de la IAM<br \/>19.00\u00a0\u00a0 Misa en el templo.<\/p>\n<p><u><strong>Encuentro Vocacional para j\u00f3venes<\/strong><\/u><br \/>Para mayores de 16 a\u00f1os<br \/>Inicia s\u00e1bado 4 de junio a las 8 hs y culmina el domingo 5 a las 17.30 hs.<br \/>Lugar: CECABs. Paraje La Lola (Reconquista).<br \/>Los interesados consultar en secretar\u00eda o por facebook Centro Vocacional Di\u00f3cesis de Reconquista.<br \/><strong><br \/>El domingo 12 de Junio de 2016<\/strong>, el Obispo Diocesano, Mons. \u00c1ngel Jos\u00e9 Mac\u00edn ordenar\u00e1 Di\u00e1cono al\u00a0ac\u00f3lito Guillermo Nicol\u00e1s Ben\u00edtez.<br \/>Este acontecimiento se llevar\u00e1 a cabo en el patio parroquial de la Parroquia \u00abNuestra Se\u00f1ora de la Merced\u00bb de Avellaneda a las 18:00 hs.,<\/p>\n<p><strong style=\"font-size: 14px\">Bautismos: 18 de Junio<\/strong><\/font><br \/>\u00a0<\/div>\n<\/div>\n<div>\u00a0<\/div>\n<div>\u00a0<\/div>\n<div>\u00a0<\/div>\n<div><font color=\"#FF0000\"><u style=\"line-height: normal\"><strong><span style=\"font-size: 12pt; line-height: 107%; font-family: 'Raspoutine Classic'\">PARROQUIA <\/span><\/strong><strong><span style=\"font-size: 12pt; line-height: 107%; font-family: 'Raspoutine Classic'\">\u201c<\/span><\/strong><strong><span style=\"font-size: 12pt; line-height: 107%; font-family: 'Raspoutine Classic'\">NUESTRA SE\u00d1ORA DE ITAT\u00cd\u00bb -FORT\u00cdN OLMOS<\/span><\/strong><\/u><\/font><\/div>\n<div>\u00a0<\/div>\n<div><font color=\"#000000\"><u><strong>Jueves 2 de Junio<\/strong><\/u><br \/>17 hs Celebraci\u00f3n de la misa en Fort\u00edn Chilca<br \/>19 hs Celebraci\u00f3n de la misa en Fort\u00edn Charr\u00faa<\/font><\/div>\n<div>\u00a0<\/div>\n<div><font color=\"#000000\"><u><strong>Viernes 3 de Junio<\/strong><\/u><br \/>18 hs Fiesta del Coraz\u00f3n de Jes\u00fas. Celebraci\u00f3n de la misa en el Templo Parroquial de Fort\u00edn Olmos. Como cada a\u00f1o, las Hermanas renovar\u00e1n su consagraci\u00f3n.\u00a0 <br \/>Invitamos a todos a acompa\u00f1arlas con su presencia, cercan\u00eda y oraci\u00f3n.<\/font><\/div>\n<div>\u00a0<\/div>\n<div><font color=\"#000000\"><u><strong>S\u00e1bado 4 de Junio<\/strong><\/u><br \/>17 hs Celebraci\u00f3n de bautismos en el templo Parroquial.<br \/>19 hs Celebraci\u00f3n de la misa en el Templo Parroquial \u2013 Fort\u00edn Olmos<\/font><\/div>\n<div>\u00a0<\/div>\n<div><font color=\"#000000\"><u><strong>Domingo 5 de Junio<\/strong><\/u><br \/>10 hs Celebraci\u00f3n de la misa en el Km 29.<br \/>\u00a0<br \/><u><strong>Ordenaci\u00f3n Diaconal <\/strong><\/u><br \/>El domingo 12 de junio a las 18 hs en la Parroquia de Avellaneda ser\u00e1 ordenado di\u00e1cono Nicol\u00e1s Ben\u00edtez.\u00a0 Acompa\u00f1emos con nuestra oraci\u00f3n. Un a\u00f1o de su etapa de formaci\u00f3n \u00a0Nicol\u00e1s\u00a0la ha vivido aqu\u00ed, en Fort\u00edn Olmos, acompa\u00f1ando al P Omar Faccioli.<\/font><br \/>\u00a0<\/div>\n<div>\u00a0<\/div>\n<div align=\"left\">\u00a0<\/div>\n<div align=\"left\">\u00a0<\/div>\n<div><font color=\"#FF0000\"><u style=\"line-height: normal\"><strong><span style=\"font-size: 12pt; line-height: 107%; font-family: 'Raspoutine Classic'\">PARROQUIA <\/span><\/strong><strong><span style=\"font-size: 12pt; line-height: 107%; font-family: 'Raspoutine Classic'\">\u201c<\/span><\/strong><strong><span style=\"font-size: 12pt; line-height: 107%; font-family: 'Raspoutine Classic'\">NUESTRA SE\u00d1ORA DEL ROSARIO\u00bb &#8211; LANTERI<\/span><\/strong><\/u><\/font><\/div>\n<div>\u00a0<\/div>\n<div>\u00a0<\/div>\n","protected":false},"excerpt":{"rendered":"<div class=\"mh-excerpt\"><div style=\"text-align: center\"><img loading=\"lazy\" decoding=\"async\" src=\"https:\/\/fbcdn-photos-c-a.akamaihd.net\/hphotos-ak-xtp1\/v\/t1.0-0\/p206x206\/10629738_657100437719784_2278871948402721872_n.jpg?oh=48e70b677b18ae71a0322809728c0fdb&#038;oe=578019B8&#038;__gda__=1464893487_1ac37a65ca5f13997b15e9365c25e224\" border=\"0\" width=\"338\" height=\"245\" \/><\/div>\n<\/div>","protected":false},"author":1,"featured_media":0,"comment_status":"closed","ping_status":"open","sticky":false,"template":"","format":"standard","meta":{"footnotes":""},"categories":[28],"tags":[],"class_list":["post-1215","post","type-post","status-publish","format-standard","hentry","category-latest-news"],"_links":{"self":[{"href":"https:\/\/www.obispadorqta.org.ar\/v3\/wp-json\/wp\/v2\/posts\/1215","targetHints":{"allow":["GET"]}}],"collection":[{"href":"https:\/\/www.obispadorqta.org.ar\/v3\/wp-json\/wp\/v2\/posts"}],"about":[{"href":"https:\/\/www.obispadorqta.org.ar\/v3\/wp-json\/wp\/v2\/types\/post"}],"author":[{"embeddable":true,"href":"https:\/\/www.obispadorqta.org.ar\/v3\/wp-json\/wp\/v2\/users\/1"}],"replies":[{"embeddable":true,"href":"https:\/\/www.obispadorqta.org.ar\/v3\/wp-json\/wp\/v2\/comments?post=1215"}],"version-history":[{"count":1,"href":"https:\/\/www.obispadorqta.org.ar\/v3\/wp-json\/wp\/v2\/posts\/1215\/revisions"}],"predecessor-version":[{"id":1461,"href":"https:\/\/www.obispadorqta.org.ar\/v3\/wp-json\/wp\/v2\/posts\/1215\/revisions\/1461"}],"wp:attachment":[{"href":"https:\/\/www.obispadorqta.org.ar\/v3\/wp-json\/wp\/v2\/media?parent=1215"}],"wp:term":[{"taxonomy":"category","embeddable":true,"href":"https:\/\/www.obispadorqta.org.ar\/v3\/wp-json\/wp\/v2\/categories?post=1215"},{"taxonomy":"post_tag","embeddable":true,"href":"https:\/\/www.obispadorqta.org.ar\/v3\/wp-json\/wp\/v2\/tags?post=1215"}],"curies":[{"name":"wp","href":"https:\/\/api.w.org\/{rel}","templated":true}]}}