{"id":1217,"date":"2016-06-01T13:36:13","date_gmt":"2016-06-01T13:36:13","guid":{"rendered":"http:\/\/www.obispadorqta.org.ar\/v3\/visitaspastorales\/"},"modified":"2016-06-01T13:36:13","modified_gmt":"2016-06-01T13:36:13","slug":"visitaspastorales","status":"publish","type":"post","link":"https:\/\/www.obispadorqta.org.ar\/v3\/visitaspastorales\/","title":{"rendered":"Carta Pastoral \u00abVisitas Pastorales\u00bb"},"content":{"rendered":"<div><\/div>\n<h1 style=\"text-align: center\"><img loading=\"lazy\" decoding=\"async\" src=\"https:\/\/scontent-eze1-1.xx.fbcdn.net\/v\/t1.0-9\/13315778_1002041156559042_2957271893810159662_n.jpg?oh=69ce504c3fe097112d28615a7e02c1ee&#038;oe=57CB8262\" border=\"0\" width=\"273\" height=\"400\" \/>\u00a0<\/h1>\n<p style=\"text-align: center\"><span style=\"font-size: 12.16px; line-height: 1.3em\">A continuaci\u00f3n adjuntamos la Carta Pastoral de nuestro Obispo Diocesano, Mons. \u00c1ngel Jos\u00e9 Mac\u00edn.<\/span><\/p>\n<p style=\"text-align: center\">&nbsp;<\/p>\n<p style=\"text-align: center\">HACER CLICK\u00a0<a href=\"https:\/\/www.dropbox.com\/s\/2gw1bxa34hio15p\/Carta%20pastoral%20-%20La%20visita%20pastoral%20a%20las%20parroquias.docx?dl=0\">AQU\u00cd<\/a>\u00a0<\/p>\n","protected":false},"excerpt":{"rendered":"<div class=\"mh-excerpt\"><p>\u00a0 A continuaci\u00f3n adjuntamos la Carta Pastoral de nuestro Obispo Diocesano, Mons. \u00c1ngel Jos\u00e9 Mac\u00edn. &nbsp; HACER CLICK\u00a0AQU\u00cd\u00a0<\/p>\n<\/div>","protected":false},"author":1,"featured_media":0,"comment_status":"open","ping_status":"open","sticky":false,"template":"","format":"standard","meta":{"footnotes":""},"categories":[28],"tags":[],"class_list":["post-1217","post","type-post","status-publish","format-standard","hentry","category-latest-news"],"_links":{"self":[{"href":"https:\/\/www.obispadorqta.org.ar\/v3\/wp-json\/wp\/v2\/posts\/1217","targetHints":{"allow":["GET"]}}],"collection":[{"href":"https:\/\/www.obispadorqta.org.ar\/v3\/wp-json\/wp\/v2\/posts"}],"about":[{"href":"https:\/\/www.obispadorqta.org.ar\/v3\/wp-json\/wp\/v2\/types\/post"}],"author":[{"embeddable":true,"href":"https:\/\/www.obispadorqta.org.ar\/v3\/wp-json\/wp\/v2\/users\/1"}],"replies":[{"embeddable":true,"href":"https:\/\/www.obispadorqta.org.ar\/v3\/wp-json\/wp\/v2\/comments?post=1217"}],"version-history":[{"count":0,"href":"https:\/\/www.obispadorqta.org.ar\/v3\/wp-json\/wp\/v2\/posts\/1217\/revisions"}],"wp:attachment":[{"href":"https:\/\/www.obispadorqta.org.ar\/v3\/wp-json\/wp\/v2\/media?parent=1217"}],"wp:term":[{"taxonomy":"category","embeddable":true,"href":"https:\/\/www.obispadorqta.org.ar\/v3\/wp-json\/wp\/v2\/categories?post=1217"},{"taxonomy":"post_tag","embeddable":true,"href":"https:\/\/www.obispadorqta.org.ar\/v3\/wp-json\/wp\/v2\/tags?post=1217"}],"curies":[{"name":"wp","href":"https:\/\/api.w.org\/{rel}","templated":true}]}}