{"id":1218,"date":"2016-06-06T13:38:27","date_gmt":"2016-06-06T13:38:27","guid":{"rendered":"http:\/\/www.obispadorqta.org.ar\/v3\/avisos-parroquiales-16\/"},"modified":"2016-06-06T13:38:27","modified_gmt":"2016-06-06T13:38:27","slug":"avisos-parroquiales-16","status":"publish","type":"post","link":"https:\/\/www.obispadorqta.org.ar\/v3\/avisos-parroquiales-16\/","title":{"rendered":"AVISOS PARROQUIALES"},"content":{"rendered":"<div style=\"text-align: center\"><img loading=\"lazy\" decoding=\"async\" src=\"https:\/\/scontent-eze1-1.xx.fbcdn.net\/v\/t1.0-9\/10422509_699087743521053_5064346962273245343_n.jpg?oh=072d1a2d5fbf76801f7cd93c32603795&#038;oe=58049EC3\" border=\"0\" width=\"350\" height=\"254\" align=\"middle\" \/><\/div>\n<div align=\"left\">\u00a0<\/div>\n<div align=\"left\"><font color=\"#FF0000\"><u style=\"line-height: normal\"><strong><span style=\"font-size: 12pt; line-height: 107%; font-family: 'Raspoutine Classic'\">PARROQUIA <\/span><\/strong><strong><span style=\"font-size: 12pt; line-height: 107%; font-family: 'Raspoutine Classic'\">\u201c<\/span><\/strong><strong><span style=\"font-size: 12pt; line-height: 107%; font-family: 'Raspoutine Classic'\">INMACULADA CONCEPCI<\/span><\/strong><strong><span style=\"font-size: 12pt; line-height: 107%; font-family: 'Raspoutine Classic'\">\u00d3<\/span><\/strong><strong><span style=\"font-size: 12pt; line-height: 107%; font-family: 'Raspoutine Classic'\">N<\/span><\/strong><strong><span style=\"font-size: 12pt; line-height: 107%; font-family: 'Raspoutine Classic'\">\u201d<\/span><\/strong><strong><span style=\"font-size: 12pt; line-height: 107%; font-family: 'Raspoutine Classic'\"> &#8211; RECONQUISTA<\/span><\/strong><\/u><\/font><\/div>\n<div align=\"left\">\u00a0<\/div>\n<div align=\"left\"><font color=\"#000000\"><strong>COLECTA ANUAL DE C\u00c1RITAS:<\/strong> con el lema \u201cSI DAS LO MEJOR DE VOS EL MUNDO SERA DISTINTO\u201d. Se realizar\u00e1 esta colecta los d\u00edas 11 y 12 de junio. Invitamos a colaborar generosamente con la obra que C\u00e1ritas realiza en la comunidad y en el pa\u00eds.<\/font><\/div>\n<div align=\"left\">\u00a0<\/div>\n<div align=\"left\"><font color=\"#000000\"><strong>ORDENACION DIACONAL DE NICOLAS BENITEZ:<\/strong> Se realizar\u00e1 el domingo 12 \u00a0de Junio a las 18:00 hs en la Parroquia Nuestra Se\u00f1ora de la Merced de Avellaneda. Luego habr\u00e1 un compartir fraterno a la canasta.\u00a0 Acompa\u00f1emos con nuestra presencia y oraci\u00f3n. <\/font><\/div>\n<div align=\"left\">\u00a0<\/div>\n<div align=\"left\"><font color=\"#000000\"><strong>COLABORACI\u00d3N PARA EL SEMINARIO \u2018LA ENCARNACI\u00d3N\u2019:<\/strong> Se solicita alimentos no perecederos y art\u00edculos de limpieza e higiene\u00a0para el Seminario. Acercarlos durante el mes de junio a la secretar\u00eda parroquial.<\/font><\/div>\n<div align=\"left\">\u00a0<\/div>\n<div align=\"left\"><font color=\"#000000\"><strong>PEREGRINACION A ITATI: <\/strong>Informes e inscripciones: martes y jueves de 20 a 21:30 hs en Catedral.\u00a0 <\/font><\/div>\n<div align=\"left\">\u00a0<\/div>\n<div align=\"left\"><font color=\"#000000\"><u><strong>MISAS DE LA SEMANA<\/strong><\/u><\/font><\/div>\n<div align=\"left\">\u00a0<\/div>\n<div align=\"left\"><font color=\"#000000\"><strong>Martes 07 a viernes 10<\/strong><br \/>06:30\u00a0\u00a0 Catedral<br \/>19:15\u00a0\u00a0 Catedral<\/font><\/div>\n<div align=\"left\">\u00a0<\/div>\n<div align=\"left\"><font color=\"#000000\"><strong>S\u00e1bado 11<\/strong><br \/>17:30\u00a0\u00a0 Capilla Virgen de Lourdes (Bo. La Cortada) Celebraci\u00f3n de la Palabra<br \/>18:30\u00a0\u00a0 Capilla Transfiguraci\u00f3n del Se\u00f1or (Bo Fraternidad)<br \/>19:00\u00a0\u00a0 Catedral \u00a0<br \/>20:00\u00a0\u00a0 Capilla Esp\u00edritu Santo (Bo San Mart\u00edn)<\/font><\/div>\n<div align=\"left\">\u00a0<\/div>\n<div align=\"left\"><font color=\"#000000\"><strong>Domingo 12<\/strong><br \/>09:00\u00a0\u00a0 Capilla Virgen de Itati (B\u00ba Ombusal) <br \/>10:30\u00a0\u00a0 Catedral\u00a0\u00a0\u00a0\u00a0 <br \/>19:30\u00a0\u00a0 Catedral<br \/>19:00\u00a0\u00a0 Capilla Itat\u00ed (Bo Sarmiento) <\/font><br \/>\u00a0<\/div>\n<div align=\"left\">\u00a0<\/div>\n<p><\/p>\n<div align=\"left\"><font color=\"#FF0000\"><u style=\"line-height: normal\"><strong><span style=\"font-size: 12pt; line-height: 107%; font-family: 'Raspoutine Classic'\">PARROQUIA <\/span><\/strong><strong><span style=\"font-size: 12pt; line-height: 107%; font-family: 'Raspoutine Classic'\">\u201c<\/span><\/strong><strong><span style=\"font-size: 12pt; line-height: 107%; font-family: 'Raspoutine Classic'\">NUESTRA SE\u00d1ORA DE LA MERCED\u00bb &#8211; AVELLANEDA<\/span><\/strong><\/u><\/font><\/div>\n<p><\/p>\n<div align=\"left\"><font color=\"#FF0000\"><u style=\"line-height: normal\"><strong><span style=\"font-size: 12pt; line-height: 107%; font-family: 'Raspoutine Classic'\">PARROQUIA <\/span><\/strong><strong><span style=\"font-size: 12pt; line-height: 107%; font-family: 'Raspoutine Classic'\">\u201c<\/span><\/strong><strong><span style=\"font-size: 12pt; line-height: 107%; font-family: 'Raspoutine Classic'\">MAR\u00cdA MADRE DE DIOS\u00bb RECONQUISTA<\/span><\/strong><\/u><\/font><\/div>\n<div align=\"left\">\u00a0<\/div>\n<div align=\"left\">\u00a0<\/div>\n<div align=\"left\">\u00a0<\/div>\n<div align=\"left\">\n<div align=\"left\"><font color=\"#FF0000\"><u style=\"line-height: normal\"><strong><span style=\"font-size: 12pt; line-height: 107%; font-family: 'Raspoutine Classic'\">PARROQUIA <\/span><\/strong><strong><span style=\"font-size: 12pt; line-height: 107%; font-family: 'Raspoutine Classic'\">\u201c<\/span><\/strong><strong><span style=\"font-size: 12pt; line-height: 107%; font-family: 'Raspoutine Classic'\">SAN LUIS GONZAGA\u00bb &#8211; CALCHAQU\u00cd<\/span><\/strong><\/u><\/font><\/div>\n<div align=\"left\">\u00a0<\/div>\n<div align=\"left\"><font color=\"#000000\"><strong>MARTES\u00a0 07 <\/strong><br \/>16:00 Inicia la novena a Mar\u00eda de la Dulce Espera en la Capilla de Adoraci\u00f3n Perpetua. <\/font><\/div>\n<div align=\"left\"><font color=\"#000000\">19:30 Misa en la Capilla de Adoraci\u00f3n Perpetua.\u00a0\u00a0 <\/font><\/div>\n<div align=\"left\">\u00a0<\/div>\n<div align=\"left\"><font color=\"#000000\"><strong>MI\u00c9RCOLES\u00a0 08 <\/strong><br \/>13:00 Un minuto por la paz con el Papa Francisco. Cada uno nos detengamos un momento, durante un minuto, rezando por la paz, todav\u00eda quebrada en distintas regiones del mundo. <br \/>19:30 Misa en la Capilla de Adoraci\u00f3n Perpetua con bendici\u00f3n para embarazadas. <\/font><\/div>\n<div align=\"left\">\u00a0<\/div>\n<div align=\"left\"><font color=\"#000000\"><strong>JUEVES\u00a0 09 <\/strong><br \/>19:30 Misa en la Capilla de Adoraci\u00f3n Perpetua. <\/font><\/div>\n<div align=\"left\"><font color=\"#000000\">20:00 Reuni\u00f3n del Consejo de Pastoral\u00a0 Parroquial.\u00a0 <\/font><\/div>\n<div align=\"left\">\u00a0<\/div>\n<div align=\"left\"><font color=\"#000000\"><strong>VIERNES 10 <\/strong><\/font><\/div>\n<div align=\"left\"><font color=\"#000000\">17:00 Misa en Capilla \u201cSan Cayetano\u201d. <\/font><\/div>\n<div align=\"left\"><font color=\"#000000\">20:30 Bautismos Comunitarios en el Templo. <\/font><\/div>\n<div align=\"left\">\u00a0<\/div>\n<div align=\"left\"><font color=\"#000000\"><strong>S\u00c1BADO 11 \u2013\u00a0 <em>Colecta anual de C\u00e1ritas.<\/em>\u00a0<\/strong> <br \/>17:00 Misa en el Templo.\u00a0\u00a0 <br \/>18:30 Misa de Fiesta Patronal en Colonia \u201cLa Angelita\u201d en honor a \u201cSan Antonio de Padua\u201d.<\/font><\/div>\n<div align=\"left\">\u00a0<\/div>\n<div align=\"left\"><font color=\"#000000\"><strong>DOMINGO 12 \u2013\u00a0<\/strong> <strong><em>Comienza la\u00a0 Novena en honor a San Luis Gonzaga. Colecta anual de C\u00e1ritas.\u00a0 Jes\u00fas, rostro de la\u00a0 Misericordia de Dios. <\/em><\/strong><br \/>10:00 Misa con ni\u00f1os en el\u00a0 Templo. 18:30 Adoraci\u00f3n al Sant\u00edsimo. Animan\u00a0 j\u00f3venes de Confirmaci\u00f3n y monaguillos. <br \/>19:00 Misa en el\u00a0 Templo.\u00a0 <\/font><\/div>\n<div align=\"left\">\u00a0<\/div>\n<div><font color=\"#000000\"><strong>AYUDA PARA EL SEMINARIO:<\/strong> el mes de junio corresponde a la Di\u00f3cesis de Reconquista\u00a0 realizar esta campa\u00f1a de aportes en alimentos no perecederos y art\u00edculos de limpieza e higiene para nuestro\u00a0 Seminario. Acercarlos a Secretar\u00eda o en las cajas disponibles en supermercados. <br \/><\/font><\/div>\n<div align=\"left\"><font color=\"#000000\">\u00a0<\/font><\/div>\n<p><\/p>\n<div align=\"left\">\u00a0<\/div>\n<div align=\"left\">\u00a0<\/div>\n<div>\n<div align=\"left\"><font color=\"#FF0000\"><u style=\"line-height: normal\"><strong><span style=\"font-size: 12pt; line-height: 107%; font-family: 'Raspoutine Classic'\">PARROQUIA <\/span><\/strong><strong><span style=\"font-size: 12pt; line-height: 107%; font-family: 'Raspoutine Classic'\">\u201c<\/span><\/strong><strong><span style=\"font-size: 12pt; line-height: 107%; font-family: 'Raspoutine Classic'\">SAN JUAN BAUTISTA\u00bb &#8211; VERA<\/span><\/strong><\/u><\/font><\/div>\n<div align=\"left\">\u00a0<\/div>\n<div align=\"left\"><strong><font color=\"#000000\">MARTES 07<\/font><\/strong><\/div>\n<div align=\"left\"><font color=\"#000000\">19:30\u00a0 Misa en el Templo<br \/>20:15\u00a0 Reuni\u00f3n del Consejo Pastoral Parroquial (todos los grupos y comisiones deber\u00e1n enviar un delegado a esta reuni\u00f3n)<br \/>\u00a0\u00a0\u00a0 \u00a0\u00a0\u00a0 <br \/><strong>MI\u00c9RCOLES 08<\/strong><\/font><\/div>\n<div align=\"left\"><font color=\"#000000\">19:30\u00a0 Misa en el Templo<\/p>\n<p><strong>JUEVES 09<\/strong><\/font><\/div>\n<div align=\"left\"><font color=\"#000000\"> 19:30\u00a0 Celebraci\u00f3n de la Palabra en el Templo<br \/>20:00 a 23:00\u00a0 Adoraci\u00f3n por las vocaciones en el Templo, a cargo de los Ministerio de M\u00fasica de la parroquia. (Todos podemos participar) <\/p>\n<p><strong>VIERNES 10<\/strong><\/font><\/div>\n<div align=\"left\"><font color=\"#000000\">07:00 a 19:30 hs. Adoraci\u00f3n al Sant\u00edsimo en el Templo<br \/>18:00\u00a0 Misa en Capilla San Cayetano<br \/>19:30\u00a0 Celebraci\u00f3n de la Palabra en el Templo<br \/>\u00a0\u00a0\u00a0 <br \/><strong>S\u00c1BADO 11\u00a0 &#8211;\u00a0 COLECTA ANUAL DE C\u00c1RITAS<\/strong><br \/>17:30\u00a0 Misa en Capilla Virgen de Guadalupe<br \/>19:30\u00a0 Misa en el Templo<\/p>\n<p><strong>DOMINGO 12<\/strong><\/font><\/div>\n<div align=\"left\"><font color=\"#000000\">08:30\u00a0 Misa en Costa del Toba<br \/>10:00\u00a0 Misa en el Templo<br \/>18:00\u00a0 Ordenaci\u00f3n Diaconal de Nicol\u00e1s Ben\u00edtez, en Avellaneda<br \/>19:30\u00a0 Celebraci\u00f3n en el Templo<\/p>\n<p><strong>COLECTA ANUAL DE C\u00c1RITAS<\/strong><br \/>El pr\u00f3ximo s\u00e1bado 11 y domingo 12 de junio, se realiza en todo el pa\u00eds la COLECTA ANUAL DE C\u00c1RITAS, bajo el lema: \u201cSi das lo mejor de vos el mundo ser\u00e1 distinto\u201d. Al finalizar la Misa se distribuir\u00e1n los sobres. <\/font><\/div>\n<div align=\"left\">\u00a0<\/div>\n<div align=\"left\"><font color=\"#000000\">\u00a0<\/font><\/div>\n<div align=\"left\">\u00a0<\/div>\n<div>\n<div align=\"left\"><font color=\"#FF0000\"><u style=\"line-height: normal\"><strong><span style=\"font-size: 12pt; line-height: 107%; font-family: 'Raspoutine Classic'\">PARROQUIA <\/span><\/strong><strong><span style=\"font-size: 12pt; line-height: 107%; font-family: 'Raspoutine Classic'\">\u201c<\/span><\/strong><strong><span style=\"font-size: 12pt; line-height: 107%; font-family: 'Raspoutine Classic'\">NUESTRA SE\u00d1ORA DEL HUERTO\u00bb &#8211; MALABRIGO<\/span><\/strong><\/u><\/font><\/div>\n<div align=\"left\">\u00a0<\/div>\n<div align=\"left\"><font color=\"#000000\"><u><strong>Lunes 06<\/strong><\/u><br \/><strong>Preparaci\u00f3n para el Congreso Eucar\u00edstico Nacional<\/strong>: Todas las comisiones y grupos pastorales est\u00e1n invitados a realizar una Hora Santa en el d\u00eda y horario que les resulte m\u00e1s conveniente, hasta el 16 de junio. Tambi\u00e9n cada uno de los fieles, en forma individual. En la Capilla del Sant\u00edsimo encontrar\u00e1n una gu\u00eda de oraci\u00f3n. <br \/><strong>Colaboraci\u00f3n con el Seminario:<\/strong> Durante el mes de junio corresponde a nuestra di\u00f3cesis la Campa\u00f1a de Ayuda para el Seminario. Se pueden donar alimentos no perecederos, art\u00edculos de limpieza y art\u00edculos de higiene personal.<\/font><\/div>\n<div align=\"left\">\u00a0<\/div>\n<div align=\"left\"><font color=\"#000000\"><u><strong>Martes 07<\/strong><\/u> <br \/>19,30 hs Misa en el Templo <br \/><strong>Fiesta Patronal Grupo San Antonio:<\/strong> Se celebrar\u00e1 el lunes 13 a las 19,00 hs. El triduo de preparaci\u00f3n, ya iniciado, contin\u00faa hoy martes 7 y el jueves 9 a las 18,30 hs<\/font><\/div>\n<div align=\"left\">\u00a0<\/div>\n<div><font color=\"#000000\"><strong><u>Mi\u00e9rcoles 08<\/u> <\/strong><br \/>15,30 hs Caminata mensual al oratorio de la Virgen Desatanudos<br \/>19,30 hs Celebraci\u00f3n en el Templo<br \/><strong>Preparaci\u00f3n a la Fiesta Patronal Parroquial<\/strong><br \/><strong>\u00a0\u00a0\u00a0\u00a0 Misioneras de manazana:<\/strong>\u00a0Pasar a retirar los programas el viernes 10 a las 16,30 hs<br \/>\u00a0\u00a0\u00a0<strong>\u00a0 Bono Contribuci\u00f3n:<\/strong>\u00a0Ya est\u00e1 a la venta la Rifa Parroquial para el 2 de Julio. Se solicitan voluntarios para colaborar con este beneficio<\/font><\/div>\n<div>\u00a0<\/div>\n<div><font color=\"#000000\"><strong><u>Jueves 09<\/u><br \/><\/strong>19,30 hs Celebraci\u00f3n en el Templo<br \/><strong>Oraci\u00f3n por los sacerdotes<\/strong>: Se invita a toda la comunidad a orar pidiendo al Se\u00f1or que sostenga y fortalezca al obispo y a los sacerdotes de nuestra di\u00f3cesis en su entrega cotidiana y en sus dificultades. Todos los jueves de 20 a 21 hs en la Capilla del Sant\u00edsimo<\/font><\/div>\n<div>\u00a0<\/div>\n<div><font color=\"#000000\"><u><strong>Viernes 10<\/strong><\/u><br \/>19,30 hs Misa en el Templo <br \/><strong>Colecta anual de Caritas:<\/strong>\u00a0 Se realizar\u00e1 en las Misas de este fin de semana, 11 y 12 de junio.<br \/>Durante esta semana los j\u00f3venes de Confirmaci\u00f3n est\u00e1n visitando las casa llevando los sobres e invitando a colaborar. <\/font><\/div>\n<div>\u00a0<\/div>\n<div><font color=\"#000000\"><u><strong>S\u00e1bado 11<\/strong><\/u><br \/>16,00 hs Bautismos<br \/>17,30 hs Misa en Santo Domingo<br \/>19,00 hs Misa en el Templo<\/font><\/div>\n<div>\u00a0<\/div>\n<div><font color=\"#000000\"><u><strong>Domingo 12<\/strong><\/u><br \/>08,20 hs Misa en Barrio San Nicol\u00e1s<br \/>10,00 hs Misa en el Templo<br \/>18,00 hs Ordenaci\u00f3n diaconal del joven Nicol\u00e1s Ben\u00edtez. Ser\u00e1 en la parroquia de Avellaneda<br \/>19,00 hs Celebraci\u00f3n en el Templo<br \/>\u00a0<\/font><\/div>\n<div align=\"left\">\u00a0<\/div>\n<div align=\"left\">\u00a0<\/div>\n<div align=\"left\"><font color=\"#FF0000\"><u style=\"line-height: normal\"><strong><span style=\"font-size: 12pt; line-height: 107%; font-family: 'Raspoutine Classic'\">PARROQUIA <\/span><\/strong><strong><span style=\"font-size: 12pt; line-height: 107%; font-family: 'Raspoutine Classic'\">\u201c<\/span><\/strong><strong><span style=\"font-size: 12pt; line-height: 107%; font-family: 'Raspoutine Classic'\">SAGRADO CORAZ\u00d3N DE JES\u00daS\u00bb &#8211; ROMANG<\/span><\/strong><\/u><\/font><\/div>\n<div align=\"left\">\u00a0<\/div>\n<div align=\"left\"><strong><font color=\"#000000\">Lunes 06<\/font><\/strong><\/div>\n<div align=\"left\"><font color=\"#000000\">15,00 hs. Novena Patronal: \u201cEl Padre bueno Siempre sale a nuestro Encuentro\u201d<br \/>\u00a0<br \/>\u00a0<br \/><strong>Martes 07<\/strong><\/font><\/div>\n<div align=\"left\"><font color=\"#000000\">15,00 hs. Novena Patronal <em><strong>\u201cSean Misericordiosos y bondadosos como el Padre\u201d<\/strong><\/em><br \/>15,00 hs. Misa en San Roque.<br \/>17,00 hs. Misa en La Mar\u00eda.<br \/>\u00a0<br \/><strong>Mi\u00e9rcoles 08<\/strong><\/font><\/div>\n<div align=\"left\"><font color=\"#000000\">08,00 hs. Reuni\u00f3n organizaci\u00f3n Kermesse. <br \/>15,00 hs. Misa de Novena Patronal:<strong><em> \u201cEl Esp\u00edritu Santo hace con nosotros y de nosotros testigos de la Misericordia\u201d.<\/em><\/strong><br \/>\u00a0<br \/><strong>Jueves 09<\/strong><\/font><\/div>\n<div align=\"left\"><font color=\"#000000\">15,00 hs. Misa de Novena Patronal: <em><strong>\u201cLa misericordia en nuestras vidas\u201d<\/strong><\/em><br \/>15,30 hs. Reuni\u00f3n de C\u00e1ritas.<br \/>De 17 a 20 hs. Confesiones Comunitarias en el Templo<br \/>\u00a0<br \/><strong>Viernes 10<\/strong><\/font><\/div>\n<div align=\"left\"><font color=\"#000000\">15,00 hs. Novena Patronal: <em><strong>\u201cUna Iglesia que vive de la misericordia\u201d<br \/>\u00a0<\/strong><\/em><br \/><strong>S\u00e1bado 11<\/strong><\/font><\/div>\n<div align=\"left\"><font color=\"#000000\">15,00 hs. Novena Patronal: <em><strong>\u201cMar\u00eda, Madre de la Misericordia\u201d<\/strong><\/em><br \/>16,00 hs\u00a0 Bautismos.\u00a0\u00a0\u00a0\u00a0 <br \/>19,00 hs. Misa en Costa Itat\u00ed.<br \/>20,00 hs. Misa en Los Laureles.<br \/>\u00a0<br \/><strong>Domingo 12\u00a0 &#8211;\u00a0 Fiesta Patronal <\/strong><br \/><strong>10,00 hs. Procesi\u00f3n y misa presidida por Mons. \u00c1ngel Jos\u00e9 Mac\u00edn.<\/strong><br \/>\u00a0\u00a0\u00a0\u00a0\u00a0\u00a0\u00a0\u00a0\u00a0\u00a0\u00a0\u00a0\u00a0\u00a0\u00a0\u00a0\u00a0\u00a0\u00a0\u00a0 12,00 hs. Venta de asado, chorizo, empanadas, platos dulces, etc.<br \/>\u00a0\u00a0\u00a0\u00a0\u00a0\u00a0\u00a0\u00a0\u00a0\u00a0\u00a0\u00a0\u00a0\u00a0\u00a0\u00a0\u00a0\u00a0\u00a0\u00a0 14,00 hs. Inicio Kermesse frente al Templo. JUEGOS de Aventura LISTO YA: Tirolesa, Jumping, karting, Inflables. <br \/>\u00a0\u00a0\u00a0\u00a0\u00a0\u00a0\u00a0\u00a0\u00a0\u00a0\u00a0\u00a0\u00a0\u00a0\u00a0\u00a0\u00a0\u00a0\u00a0\u00a0 17,00 hs. Sorteo Bono Contribuci\u00f3n. <br \/><strong>\u00a0<br \/>COLECTA ANUAL DE ALIMENTOS PARA EL SEMINARIO: <\/strong>Junio se realiza la colecta anual de alimentos, art\u00edculos de higiene y limpieza para el Seminario. Acercar a la Secretaria o en las misas.<\/font><br \/>\u00a0<\/div>\n<div align=\"left\">\u00a0<\/div>\n<div align=\"left\">\u00a0<\/div>\n<div align=\"left\">\u00a0<\/div>\n<div>\n<div align=\"left\"><font color=\"#FF0000\"><u style=\"line-height: normal\"><strong><span style=\"font-size: 12pt; line-height: 107%; font-family: 'Raspoutine Classic'\">PARROQUIA <\/span><\/strong><strong><span style=\"font-size: 12pt; line-height: 107%; font-family: 'Raspoutine Classic'\">\u201c<\/span><\/strong><strong><span style=\"font-size: 12pt; line-height: 107%; font-family: 'Raspoutine Classic'\">SAN ROQUE\u00bb &#8211; MARGARITA<br \/><\/span><\/strong><\/u><\/font><\/div>\n<div align=\"left\"><strong>\u00a0<\/strong><\/div>\n<div><font color=\"#000000\"><u><strong>MARTES 7 DE JUNIO<\/strong><\/u><br \/>15 hs Reuni\u00f3n de misioneras<br \/>17 hs Santa misa en honor a San Cayetano en el quincho de San Cayetano<\/font><\/div>\n<div>\u00a0<\/div>\n<div><font color=\"#000000\"><u><strong>VIERNES 10 DE JUNIO<\/strong><\/u><br \/>18 hs Santa misa al\u00a0 Sagrado Coraz\u00f3n en el templo.<\/font><\/div>\n<div>\u00a0<\/div>\n<div><font color=\"#000000\"><u><strong>S\u00c1BADO 11 DE JUNIO<\/strong><\/u><br \/>19 hs. Misa en el templo<\/font><\/div>\n<div>\u00a0<\/div>\n<div><font color=\"#000000\"><u><strong>DOMINGO 12 DE JUNIO<\/strong><\/u><br \/>19 hs Misa en el templo.<\/font><\/div>\n<div>\u00a0<\/div>\n<div><font color=\"#000000\"><strong>El s\u00e1bado 11 y el domingo 12 se realizar\u00e1 la colecta anual de C\u00e1ritas<\/strong><br \/><strong>El domingo 12 de Junio de 2016,<\/strong> el Obispo Diocesano, Mons. \u00c1ngel Jos\u00e9 Mac\u00edn ordenar\u00e1 Di\u00e1cono al\u00a0ac\u00f3lito Guillermo Nicol\u00e1s Ben\u00edtez.<br \/>Este acontecimiento se llevar\u00e1 a cabo en el patio parroquial de la Parroquia \u00abNuestra Se\u00f1ora de la Merced\u00bb de Avellaneda a las 18:00 hs.,<\/p>\n<p><strong>\u00a0\u00a0\u00a0\u00a0\u00a0\u00a0\u00a0\u00a0\u00a0\u00a0\u00a0\u00a0\u00a0\u00a0\u00a0\u00a0\u00a0\u00a0\u00a0\u00a0\u00a0\u00a0\u00a0\u00a0\u00a0\u00a0\u00a0\u00a0\u00a0\u00a0\u00a0\u00a0\u00a0\u00a0\u00a0\u00a0\u00a0\u00a0\u00a0\u00a0\u00a0\u00a0\u00a0\u00a0\u00a0\u00a0\u00a0\u00a0\u00a0\u00a0\u00a0\u00a0\u00a0\u00a0\u00a0\u00a0\u00a0\u00a0\u00a0\u00a0\u00a0\u00a0\u00a0\u00a0\u00a0\u00a0\u00a0\u00a0\u00a0\u00a0\u00a0 Bautismos: 18 de Junio<br \/><\/strong><\/font><\/div>\n<\/div>\n<div>\u00a0<\/div>\n<div>\u00a0<\/div>\n<div>\u00a0<\/div>\n<div><font color=\"#FF0000\"><u style=\"line-height: normal\"><strong><span style=\"font-size: 12pt; line-height: 107%; font-family: 'Raspoutine Classic'\">PARROQUIA <\/span><\/strong><strong><span style=\"font-size: 12pt; line-height: 107%; font-family: 'Raspoutine Classic'\">\u201c<\/span><\/strong><strong><span style=\"font-size: 12pt; line-height: 107%; font-family: 'Raspoutine Classic'\">NUESTRA SE\u00d1ORA DE ITAT\u00cd\u00bb -FORT\u00cdN OLMOS<\/span><\/strong><\/u><\/font><\/div>\n<div><font color=\"#000000\">\u00a0<\/font><\/div>\n<div><font color=\"#000000\"><u><strong>Jueves 9 de Junio<\/strong><\/u><br \/>17 hs Celebraci\u00f3n en el Km 17.<\/font><\/div>\n<div>\u00a0<\/div>\n<div><font color=\"#000000\"><u><strong>Viernes 10 de Junio<\/strong><\/u><br \/>17 hs Celebraci\u00f3n de la misa en el Km 101 (Pozo de los Indios)<\/font><\/div>\n<div>\u00a0<\/div>\n<div><font color=\"#000000\"><u><strong>S\u00e1bado 11 de Junio<\/strong><\/u><br \/>Celebraci\u00f3n de S Antonio en el Paraje El Campanal.\u00a0 Horario a confirmar.<br \/>19 hs Celebraci\u00f3n de la misa en el Templo Parroquial \u2013 Fort\u00edn Olmos<\/font><\/div>\n<div>\u00a0<\/div>\n<div><font color=\"#000000\"><u><strong>Domingo 12 de Mayo<\/strong><\/u><br \/>10 hs Celebraci\u00f3n de la misa en el Km 70-800.<br \/>18 hs Ordenaci\u00f3n Diaconal de Nicol\u00e1s Benitez.\u00a0 Parroquia Avellaneda.<br \/>\u00a0<br \/><u><strong>Reuni\u00f3n de oraci\u00f3n e informaci\u00f3n para peregrinos a Itat\u00ed en septiembre<\/strong><\/u><br \/>El viernes 10 a las 20 hs nos reuniremos con todos aquellos que participaran del la pr\u00f3xima peregrinaci\u00f3n juvenil a Itat\u00ed el 17 y 18 de septiembre.<strong><br \/><\/strong><br \/><\/font><\/div>\n<div>\u00a0<\/div>\n<div align=\"left\">\u00a0<\/div>\n<div align=\"left\">\u00a0<\/div>\n<div align=\"left\">\n<div><font color=\"#FF0000\"><u style=\"line-height: normal\"><strong><span style=\"font-size: 12pt; line-height: 107%; font-family: 'Raspoutine Classic'\">PARROQUIA <\/span><\/strong><strong><span style=\"font-size: 12pt; line-height: 107%; font-family: 'Raspoutine Classic'\">\u201c<\/span><\/strong><strong><span style=\"font-size: 12pt; line-height: 107%; font-family: 'Raspoutine Classic'\">NUESTRA SE\u00d1ORA DEL ROSARIO\u00bb &#8211; LANTERI<\/span><\/strong><\/u><\/font><\/div>\n<div>\u00a0<\/div>\n<div align=\"left\"><strong><font style=\"font-size: 12px\" color=\"#000000\">Mi\u00e9rcoles 08<\/font><\/strong><\/div>\n<div align=\"left\"><font color=\"#000000\">16:00\u00a0\u00a0 Misa\u00a0 TRE ISLETA.<br \/>\u00a0<br \/><strong>Jueves 09<\/strong><\/font><\/div>\n<div align=\"left\"><font color=\"#000000\">18:30\u00a0\u00a0 Misa en las Garzas en la casa de Estela Brites.\u00a0\u00a0\u00a0 <br \/>\u00a0 <br \/><strong>Viernes 10<\/strong><\/font><\/div>\n<div align=\"left\"><font color=\"#000000\">17:30\u00a0 Misa en el Hospital Reconquista. <\/p>\n<p><strong>S\u00e1bado 11<\/strong><\/font><\/div>\n<div align=\"left\"><font color=\"#000000\">17:30\u00a0\u00a0 Misa en los Lapachos.<br \/>19:30\u00a0\u00a0 Misa en Lanteri. <\/p>\n<p><strong>Domingo 12<\/strong><\/font><\/div>\n<div align=\"left\"><font color=\"#000000\">09:00\u00a0 Misa en Chanourdie.<\/p>\n<p>Rezamos\u00a0 por Guillermo Nicol\u00e1s Ben\u00edtez que ser\u00e1 ordenado\u00a0 Di\u00e1cono, el domingo 12de junio, en el patio parroquial\u00a0 \u00abNuestra Se\u00f1ora de la Merced\u00bb de Avellaneda a las 18:00 hs.<br \/><\/font><\/div>\n<div>\u00a0<\/div>\n<\/div>\n<\/div>\n<p>\u00a0<\/p><\/div>\n<p>\u00a0<\/p><\/div>\n","protected":false},"excerpt":{"rendered":"<div class=\"mh-excerpt\"><div style=\"text-align: center\"><img loading=\"lazy\" decoding=\"async\" src=\"https:\/\/scontent-eze1-1.xx.fbcdn.net\/v\/t1.0-9\/10422509_699087743521053_5064346962273245343_n.jpg?oh=072d1a2d5fbf76801f7cd93c32603795&#038;oe=58049EC3\" border=\"0\" width=\"350\" height=\"254\" align=\"middle\" \/><\/div>\n<\/div>","protected":false},"author":1,"featured_media":0,"comment_status":"open","ping_status":"open","sticky":false,"template":"","format":"standard","meta":{"footnotes":""},"categories":[28],"tags":[],"class_list":["post-1218","post","type-post","status-publish","format-standard","hentry","category-latest-news"],"_links":{"self":[{"href":"https:\/\/www.obispadorqta.org.ar\/v3\/wp-json\/wp\/v2\/posts\/1218","targetHints":{"allow":["GET"]}}],"collection":[{"href":"https:\/\/www.obispadorqta.org.ar\/v3\/wp-json\/wp\/v2\/posts"}],"about":[{"href":"https:\/\/www.obispadorqta.org.ar\/v3\/wp-json\/wp\/v2\/types\/post"}],"author":[{"embeddable":true,"href":"https:\/\/www.obispadorqta.org.ar\/v3\/wp-json\/wp\/v2\/users\/1"}],"replies":[{"embeddable":true,"href":"https:\/\/www.obispadorqta.org.ar\/v3\/wp-json\/wp\/v2\/comments?post=1218"}],"version-history":[{"count":0,"href":"https:\/\/www.obispadorqta.org.ar\/v3\/wp-json\/wp\/v2\/posts\/1218\/revisions"}],"wp:attachment":[{"href":"https:\/\/www.obispadorqta.org.ar\/v3\/wp-json\/wp\/v2\/media?parent=1218"}],"wp:term":[{"taxonomy":"category","embeddable":true,"href":"https:\/\/www.obispadorqta.org.ar\/v3\/wp-json\/wp\/v2\/categories?post=1218"},{"taxonomy":"post_tag","embeddable":true,"href":"https:\/\/www.obispadorqta.org.ar\/v3\/wp-json\/wp\/v2\/tags?post=1218"}],"curies":[{"name":"wp","href":"https:\/\/api.w.org\/{rel}","templated":true}]}}