{"id":1219,"date":"2016-06-06T14:45:57","date_gmt":"2016-06-06T14:45:57","guid":{"rendered":"http:\/\/www.obispadorqta.org.ar\/v3\/ordenacion-diaconal-3\/"},"modified":"2016-06-06T14:45:57","modified_gmt":"2016-06-06T14:45:57","slug":"ordenacion-diaconal-3","status":"publish","type":"post","link":"https:\/\/www.obispadorqta.org.ar\/v3\/ordenacion-diaconal-3\/","title":{"rendered":"Ordenaci\u00f3n Diaconal"},"content":{"rendered":"<p align=\"justify\"><img loading=\"lazy\" decoding=\"async\" src=\"https:\/\/fbcdn-photos-a-a.akamaihd.net\/hphotos-ak-xat1\/v\/t1.0-0\/s526x395\/13321618_1004944496268708_2663659617545837854_n.jpg?oh=74a5ca08ca99623ce9f7abf028203fb5&#038;oe=57CD8694&#038;__gda__=1472731967_786f5a5fdb062469d90c93f30ced3a88\" border=\"0\" width=\"279\" height=\"395\" align=\"middle\" \/> <\/p>\n<p align=\"justify\"><font face=\"Verdana, Arial, Helvetica, sans-serif\" color=\"#000000\"><span style=\"font-size: 12px; line-height: normal\">El  domingo 12 de Junio de 2016, el Obispo Diocesano, Mons. \u00c1ngel Jos\u00e9  Mac\u00edn ordenar\u00e1 Di\u00e1cono al ac\u00f3lito Guillermo Nicol\u00e1s Ben\u00edtez.<\/span><\/font><\/p>\n<p align=\"justify\"><font face=\"Verdana, Arial, Helvetica, sans-serif\" color=\"#000000\"><span style=\"font-size: 12px; line-height: normal\">Este  acontecimiento se llevar\u00e1 a cabo en el patio parroquial de la Parroquia  \u00abNuestra Se\u00f1ora de la Merced\u00bb de Avellaneda a las 18:00 hs., luego se  realizar\u00e1 un compartir fraterno en lugar a confirmar.<\/span><\/font><\/p>\n<p align=\"justify\"><font face=\"Verdana, Arial, Helvetica, sans-serif\" color=\"#000000\"><span style=\"font-size: 12px; line-height: normal\">Compartimos esta gran alegr\u00eda para toda nuestra Di\u00f3cesis y continuamos orando por las vocaciones y nuestros sacerdotes.<\/span><\/font><\/p>\n","protected":false},"excerpt":{"rendered":"<div class=\"mh-excerpt\"><p>El domingo 12 de Junio de 2016, el Obispo Diocesano, Mons. \u00c1ngel Jos\u00e9 Mac\u00edn ordenar\u00e1 Di\u00e1cono al ac\u00f3lito Guillermo Nicol\u00e1s Ben\u00edtez. Este acontecimiento se llevar\u00e1 <a class=\"mh-excerpt-more\" href=\"https:\/\/www.obispadorqta.org.ar\/v3\/ordenacion-diaconal-3\/\" title=\"Ordenaci\u00f3n Diaconal\">[&#8230;]<\/a><\/p>\n<\/div>","protected":false},"author":1,"featured_media":0,"comment_status":"open","ping_status":"open","sticky":false,"template":"","format":"standard","meta":{"footnotes":""},"categories":[28],"tags":[],"class_list":["post-1219","post","type-post","status-publish","format-standard","hentry","category-latest-news"],"_links":{"self":[{"href":"https:\/\/www.obispadorqta.org.ar\/v3\/wp-json\/wp\/v2\/posts\/1219","targetHints":{"allow":["GET"]}}],"collection":[{"href":"https:\/\/www.obispadorqta.org.ar\/v3\/wp-json\/wp\/v2\/posts"}],"about":[{"href":"https:\/\/www.obispadorqta.org.ar\/v3\/wp-json\/wp\/v2\/types\/post"}],"author":[{"embeddable":true,"href":"https:\/\/www.obispadorqta.org.ar\/v3\/wp-json\/wp\/v2\/users\/1"}],"replies":[{"embeddable":true,"href":"https:\/\/www.obispadorqta.org.ar\/v3\/wp-json\/wp\/v2\/comments?post=1219"}],"version-history":[{"count":0,"href":"https:\/\/www.obispadorqta.org.ar\/v3\/wp-json\/wp\/v2\/posts\/1219\/revisions"}],"wp:attachment":[{"href":"https:\/\/www.obispadorqta.org.ar\/v3\/wp-json\/wp\/v2\/media?parent=1219"}],"wp:term":[{"taxonomy":"category","embeddable":true,"href":"https:\/\/www.obispadorqta.org.ar\/v3\/wp-json\/wp\/v2\/categories?post=1219"},{"taxonomy":"post_tag","embeddable":true,"href":"https:\/\/www.obispadorqta.org.ar\/v3\/wp-json\/wp\/v2\/tags?post=1219"}],"curies":[{"name":"wp","href":"https:\/\/api.w.org\/{rel}","templated":true}]}}