{"id":1223,"date":"2016-06-14T11:07:32","date_gmt":"2016-06-14T11:07:32","guid":{"rendered":"http:\/\/www.obispadorqta.org.ar\/v3\/avisos-parroquiales-17\/"},"modified":"2017-04-17T14:22:14","modified_gmt":"2017-04-17T14:22:14","slug":"avisos-parroquiales-17","status":"publish","type":"post","link":"https:\/\/www.obispadorqta.org.ar\/v3\/avisos-parroquiales-17\/","title":{"rendered":"AVISOS PARROQUIALES"},"content":{"rendered":"<div align=\"left\">\n<div style=\"text-align: center\"><img loading=\"lazy\" decoding=\"async\" src=\"https:\/\/scontent-grt2-1.xx.fbcdn.net\/v\/t1.0-9\/1506053_578094348953727_329175415_n.jpg?oh=6ae2ca764c76de548d2dfd0cfd6e726f&#038;oe=57C7D30C\" border=\"0\" width=\"237\" height=\"168\" \/><\/div>\n<\/p><\/div>\n<div align=\"left\">\u00a0<\/div>\n<div align=\"left\"><font color=\"#FF0000\"><u style=\"line-height: normal\"><strong><span style=\"font-size: 12pt; line-height: 107%; font-family: 'Raspoutine Classic'\">PARROQUIA <\/span><\/strong><strong><span style=\"font-size: 12pt; line-height: 107%; font-family: 'Raspoutine Classic'\">\u201c<\/span><\/strong><strong><span style=\"font-size: 12pt; line-height: 107%; font-family: 'Raspoutine Classic'\">INMACULADA CONCEPCI<\/span><\/strong><strong><span style=\"font-size: 12pt; line-height: 107%; font-family: 'Raspoutine Classic'\">\u00d3<\/span><\/strong><strong><span style=\"font-size: 12pt; line-height: 107%; font-family: 'Raspoutine Classic'\">N<\/span><\/strong><strong><span style=\"font-size: 12pt; line-height: 107%; font-family: 'Raspoutine Classic'\">\u201d<\/span><\/strong><strong><span style=\"font-size: 12pt; line-height: 107%; font-family: 'Raspoutine Classic'\"> &#8211; RECONQUISTA<\/span><\/strong><\/u><\/font><\/div>\n<div align=\"left\">\u00a0<\/div>\n<div align=\"left\" style=\"font-family: Arial,Helvetica,sans-serif; font-size: 12px; line-height: normal\"><font style=\"font-family: Arial,Helvetica,sans-serif; font-size: 14px; font-style: normal; line-height: normal\" color=\"#000000\"><strong style=\"font-family: Arial,Helvetica,sans-serif; font-size: 14px; font-style: normal; line-height: normal\">COLECTA DE C\u00c1RITAS:<\/strong> hasta fin de este mes se contin\u00faan recibiendo en Secretar\u00eda sobres y colaboraci\u00f3n para la colecta anual de C\u00e1ritas.<\/font><\/div>\n<div align=\"left\" style=\"font-family: Arial,Helvetica,sans-serif; font-size: 12px; line-height: normal\">\u00a0<\/div>\n<div align=\"left\" style=\"font-family: Arial,Helvetica,sans-serif; font-size: 12px; line-height: normal\"><font style=\"font-family: Arial,Helvetica,sans-serif; font-size: 14px; font-style: normal; line-height: normal\" color=\"#000000\"><strong>MINISTROS DE LA EUCARISTIA: <\/strong>reuni\u00f3n mensual el martes 14. Inicia con la Santa misa a las 19:15 Hs.<\/font><\/div>\n<div align=\"left\" style=\"font-family: Arial,Helvetica,sans-serif; font-size: 12px; line-height: normal\">\u00a0<\/div>\n<div align=\"left\" style=\"font-family: Arial,Helvetica,sans-serif; font-size: 12px; line-height: normal\"><font style=\"font-family: Arial,Helvetica,sans-serif; font-size: 14px; font-style: normal; line-height: normal\" color=\"#000000\"><strong>APOSTOLADO DE LA ORACION:<\/strong> se reunir\u00e1 el mi\u00e9rcoles 15 de junio a las 16:30 Hs en el sal\u00f3n Parroquial.<\/font><\/div>\n<div align=\"left\" style=\"font-family: Arial,Helvetica,sans-serif; font-size: 12px; line-height: normal\">\u00a0<\/div>\n<div align=\"left\" style=\"font-family: Arial,Helvetica,sans-serif; font-size: 12px; line-height: normal\"><font style=\"font-family: Arial,Helvetica,sans-serif; font-size: 14px; font-style: normal; line-height: normal\" color=\"#000000\"><strong>CONGRESO EUCARISTICO NACIONAL EN TUCUMAN:<\/strong> se realizar\u00e1 del 16 al 19 de junio.\u00a0 Participar\u00e1n hermanos de nuestra di\u00f3cesis. Acompa\u00f1ando el Congreso habr\u00e1 ADORACI\u00d3N AL SANT\u00cdSIMO: \u00a0en Catedral\u00a0 el jueves 16 de 15:00 a 21:00 Hs. y el viernes 17 de 7 a 12 y 15 a 19: 00<\/font><\/div>\n<div align=\"left\" style=\"font-family: Arial,Helvetica,sans-serif; font-size: 12px; line-height: normal\">\u00a0<\/div>\n<div align=\"left\" style=\"font-family: Arial,Helvetica,sans-serif; font-size: 12px; line-height: normal\"><font style=\"font-family: Arial,Helvetica,sans-serif; font-size: 14px; font-style: normal; line-height: normal\" color=\"#000000\"><strong>REZO DEL ROSARIO ILUMINADO:<\/strong> se invita a rezar el rosario en Catedral el s\u00e1bado 18 a las 18:00hs.<\/font><\/div>\n<div align=\"left\" style=\"font-family: Arial,Helvetica,sans-serif; font-size: 12px; line-height: normal\">\u00a0<\/div>\n<div align=\"left\" style=\"font-family: Arial,Helvetica,sans-serif; font-size: 12px; line-height: normal\"><font style=\"font-family: Arial,Helvetica,sans-serif; font-size: 14px; font-style: normal; line-height: normal\" color=\"#000000\"><strong>MISA DEL DIA DEL PADRE:<\/strong> lo celebraremos en las misas del fin de semana. <\/font><\/div>\n<div align=\"left\" style=\"font-family: Arial,Helvetica,sans-serif; font-size: 12px; line-height: normal\">\u00a0<\/div>\n<div align=\"left\" style=\"font-family: Arial,Helvetica,sans-serif; font-size: 12px; line-height: normal\"><font style=\"font-family: Arial,Helvetica,sans-serif; font-size: 14px; font-style: normal; line-height: normal\" color=\"#000000\"><strong>CURSO DE FORMACION DE LITURGIA 2\u00ba NIVEL:\u00a0<\/strong>\u00a0 por este mes, ser\u00e1 el s\u00e1bado 25 de junio a las 16 hs. en catedral.<\/font><\/div>\n<div align=\"left\" style=\"font-family: Arial,Helvetica,sans-serif; font-size: 12px; line-height: normal\">\u00a0<\/div>\n<div align=\"left\" style=\"font-family: Arial,Helvetica,sans-serif; font-size: 12px; line-height: normal\">\u00a0<\/div>\n<div align=\"left\" style=\"font-family: Arial,Helvetica,sans-serif; font-size: 12px; line-height: normal\"><font color=\"#000000\"><u><strong style=\"font-family: Arial,Helvetica,sans-serif; font-size: 14px; font-style: normal; line-height: normal\">MISAS DE LA SEMANA<\/strong><\/u><\/font><\/div>\n<div align=\"left\" style=\"font-family: Arial,Helvetica,sans-serif; font-size: 12px; line-height: normal\">\u00a0<\/div>\n<div align=\"left\" style=\"font-family: Arial,Helvetica,sans-serif; font-size: 12px; line-height: normal\"><font color=\"#000000\"><strong style=\"font-family: Arial,Helvetica,sans-serif; font-size: 14px; font-style: normal; line-height: normal\">Martes 14 al Viernes 17<\/strong><\/font><\/div>\n<div align=\"left\" style=\"font-family: Arial,Helvetica,sans-serif; font-size: 12px; line-height: normal\"><font style=\"font-family: Arial,Helvetica,sans-serif; font-size: 14px; font-style: normal; line-height: normal\" color=\"#000000\">06:30\u00a0\u00a0\u00a0 Catedral<\/font><\/div>\n<div align=\"left\" style=\"font-family: Arial,Helvetica,sans-serif; font-size: 12px; line-height: normal\"><font style=\"font-family: Arial,Helvetica,sans-serif; font-size: 14px; font-style: normal; line-height: normal\" color=\"#000000\">19:15\u00a0\u00a0\u00a0 Catedral<br \/>\u00a0<br \/><strong>S\u00e1bado 18<\/strong><\/font><\/div>\n<div align=\"left\" style=\"font-family: Arial,Helvetica,sans-serif; font-size: 12px; line-height: normal\"><font style=\"font-family: Arial,Helvetica,sans-serif; font-size: 14px; font-style: normal; line-height: normal\" color=\"#000000\">17:30\u00a0\u00a0 Capilla Buen Pastor (Bo. Noreste)<\/font><\/div>\n<div align=\"left\" style=\"font-family: Arial,Helvetica,sans-serif; font-size: 12px; line-height: normal\"><font style=\"font-family: Arial,Helvetica,sans-serif; font-size: 14px; font-style: normal; line-height: normal\" color=\"#000000\">18:30\u00a0\u00a0 Capilla Transfiguraci\u00f3n del Se\u00f1or (Bo. Fraternidad)<\/font><\/div>\n<div align=\"left\" style=\"font-family: Arial,Helvetica,sans-serif; font-size: 12px; line-height: normal\"><font style=\"font-family: Arial,Helvetica,sans-serif; font-size: 14px; font-style: normal; line-height: normal\" color=\"#000000\">19:00\u00a0\u00a0 Catedral <\/font><\/div>\n<div align=\"left\" style=\"font-family: Arial,Helvetica,sans-serif; font-size: 12px; line-height: normal\"><font style=\"font-family: Arial,Helvetica,sans-serif; font-size: 14px; font-style: normal; line-height: normal\" color=\"#000000\">20:00\u00a0\u00a0 Capilla Esp\u00edritu Santo (Bo. San Mart\u00edn)<\/font><\/div>\n<div align=\"left\" style=\"font-family: Arial,Helvetica,sans-serif; font-size: 12px; line-height: normal\"><font style=\"font-family: Arial,Helvetica,sans-serif; font-size: 14px; font-style: normal; line-height: normal\" color=\"#000000\">\u00a0<br \/><strong>Domingo 19<\/strong><\/font><\/div>\n<div align=\"left\" style=\"font-family: Arial,Helvetica,sans-serif; font-size: 12px; line-height: normal\"><font style=\"font-family: Arial,Helvetica,sans-serif; font-size: 14px; font-style: normal; line-height: normal\" color=\"#000000\">09:00\u00a0\u00a0 Capilla Jes\u00fas de la Buena Esperanza (Bo. Las Ranas)<\/font><\/div>\n<div align=\"left\" style=\"font-family: Arial,Helvetica,sans-serif; font-size: 12px; line-height: normal\"><font style=\"font-family: Arial,Helvetica,sans-serif; font-size: 14px; font-style: normal; line-height: normal\" color=\"#000000\">10:30\u00a0\u00a0 Catedral<\/font><\/div>\n<div align=\"left\" style=\"font-family: Arial,Helvetica,sans-serif; font-size: 12px; line-height: normal\"><font style=\"font-family: Arial,Helvetica,sans-serif; font-size: 14px; font-style: normal; line-height: normal\" color=\"#000000\">19:00\u00a0\u00a0 Catedral<\/font><\/div>\n<div align=\"left\" style=\"font-family: Arial,Helvetica,sans-serif; font-size: 12px; line-height: normal\"><font style=\"font-family: Arial,Helvetica,sans-serif; font-size: 14px; font-style: normal; line-height: normal\" color=\"#000000\">19:00\u00a0\u00a0 Capilla Virgen de Itat\u00ed (Bo Sarmiento)<\/font><br \/>\u00a0<\/div>\n<div align=\"left\">\u00a0<\/div>\n<p><\/p>\n<div align=\"left\"><font color=\"#FF0000\"><u style=\"line-height: normal\"><strong><span style=\"font-size: 12pt; line-height: 107%; font-family: 'Raspoutine Classic'\">PARROQUIA <\/span><\/strong><strong><span style=\"font-size: 12pt; line-height: 107%; font-family: 'Raspoutine Classic'\">\u201c<\/span><\/strong><strong><span style=\"font-size: 12pt; line-height: 107%; font-family: 'Raspoutine Classic'\">NUESTRA SE\u00d1ORA DE LA MERCED\u00bb &#8211; AVELLANEDA<\/span><\/strong><\/u><\/font><\/div>\n<div align=\"left\">\u00a0<\/div>\n<div align=\"left\"><img loading=\"lazy\" decoding=\"async\" src=\"https:\/\/scontent-grt2-1.xx.fbcdn.net\/v\/t1.0-9\/13428483_1416909691659940_3296379700910618181_n.jpg?oh=6cb01d21f6091b33305e867cb5ec45ce&#038;oe=57C24AD9\" border=\"0\" width=\"402\" height=\"497\" align=\"left\" \/> <\/div>\n<div align=\"left\">\u00a0<\/div>\n<p><\/p>\n<div align=\"left\"><font color=\"#FF0000\"><u style=\"line-height: normal\"><strong><span style=\"font-size: 12pt; line-height: 107%; font-family: 'Raspoutine Classic'\">PARROQUIA <\/span><\/strong><strong><span style=\"font-size: 12pt; line-height: 107%; font-family: 'Raspoutine Classic'\">\u201c<\/span><\/strong><strong><span style=\"font-size: 12pt; line-height: 107%; font-family: 'Raspoutine Classic'\">MAR\u00cdA MADRE DE DIOS\u00bb RECONQUISTA<\/span><\/strong><\/u><\/font><\/div>\n<div align=\"left\">\u00a0<\/div>\n<div align=\"left\">\u00a0<\/div>\n<div align=\"left\">\u00a0<\/div>\n<div>\n<div align=\"left\"><font color=\"#FF0000\"><u style=\"line-height: normal\"><strong><span style=\"font-size: 12pt; line-height: 107%; font-family: 'Raspoutine Classic'\">PARROQUIA <\/span><\/strong><strong><span style=\"font-size: 12pt; line-height: 107%; font-family: 'Raspoutine Classic'\">\u201c<\/span><\/strong><strong><span style=\"font-size: 12pt; line-height: 107%; font-family: 'Raspoutine Classic'\">SAN LUIS GONZAGA\u00bb &#8211; CALCHAQU\u00cd<\/span><\/strong><\/u><\/font><\/div>\n<div align=\"left\">\u00a0<\/div>\n<div align=\"left\"><font style=\"font-family: Arial,Helvetica,sans-serif; font-size: 14px; font-style: normal; line-height: normal\" color=\"#000000\"><u><strong>PROGRAMA DE LA NOVENA Y FIESTA PATRONAL\u00a0<\/strong><\/u>\u00a0 <br \/>\u00a0 <br \/><u><strong>LUNES 13:<\/strong><\/u><strong> <\/strong><strong><em>Dios no se cansa nunca de perdonar. <\/em><\/strong><br \/>14:00 Visita de San Luis Gonzaga y adoraci\u00f3n al Sant\u00edsimo en Capilla Maternidad. <br \/>17:00 Misa en el Hogar de Ancianos celebrando a San Antonio de Padua. <br \/>19:45 Adoraci\u00f3n al Sant\u00edsimo. Anima Grupo de Liturgia. <br \/>20:15 Misa en el Templo.\u00a0\u00a0 <\/font><\/div>\n<div align=\"left\">\u00a0<\/div>\n<div align=\"left\"><font style=\"font-family: Arial,Helvetica,sans-serif; font-size: 14px; font-style: normal; line-height: normal\" color=\"#000000\"><u><strong>MARTES 14<\/strong><\/u><strong>: <em>La Misericordia nos anima a ser perdonados y a perdonar. <\/em><\/strong><br \/>14:00 Visita de San Luis Gonzaga y adoraci\u00f3n al Sant\u00edsimo en Capilla San Jos\u00e9.<br \/>19:45 Adoraci\u00f3n al Sant\u00edsimo. Animan ni\u00f1os y familias de Catequesis de Comuni\u00f3n. 20:15 Misa en el Templo.\u00a0 <\/font><\/div>\n<div align=\"left\"><font style=\"font-family: Arial,Helvetica,sans-serif; font-size: 14px; font-style: normal; line-height: normal\" color=\"#000000\">21:00 Tema \u201cLas tentaciones de los agentes de pastoral\u201d. Es dada por el Dr. Enrique Cabral de Reconquista y abierta a toda la comunidad. <\/font><\/div>\n<div align=\"left\">\u00a0<\/div>\n<div align=\"left\"><font style=\"font-family: Arial,Helvetica,sans-serif; font-size: 14px; font-style: normal; line-height: normal\" color=\"#000000\"><u><strong>MI\u00c9RCOLES 15<\/strong><\/u>: <em>El perd\u00f3n es fuerza para una vida nueva y nos hace mirar el futuro con esperanza<\/em>. <br \/>14:00 Visita de San Luis Gonzaga y adoraci\u00f3n al Sant\u00edsimo en Capilla San Cayetano.<br \/>19:45 Adoraci\u00f3n al Sant\u00edsimo. Animan las familias del Colegio N. S. de Guadalupe.<br \/>20:15 Misa en el Templo.\u00a0\u00a0 <\/font><\/div>\n<div align=\"left\">\u00a0<\/div>\n<div align=\"left\"><font style=\"font-family: Arial,Helvetica,sans-serif; font-size: 14px; font-style: normal; line-height: normal\" color=\"#000000\"><u><strong>JUEVES 16<\/strong><\/u><em><strong>: <\/strong><\/em><strong><em>Hacer de la Iglesia la Casa de la Misericordia.<\/em><\/strong><u><strong> <\/strong><\/u><br \/>14:00 Visita de San Luis Gonzaga y adoraci\u00f3n al Sant\u00edsimo en Colegio N. S. de Guadalupe. <\/font><\/div>\n<div align=\"left\"><font style=\"font-family: Arial,Helvetica,sans-serif; font-size: 14px; font-style: normal; line-height: normal\" color=\"#000000\">16:30 a 21: Confesiones en el Templo.\u00a0\u00a0 <\/font><\/div>\n<div align=\"left\"><font style=\"font-family: Arial,Helvetica,sans-serif; font-size: 14px; font-style: normal; line-height: normal\" color=\"#000000\">19:45 Adoraci\u00f3n al Sant\u00edsimo. Anima Movimiento de Cursillos y Renovaci\u00f3n Carism\u00e1tica. <\/font><\/div>\n<div align=\"left\"><font style=\"font-family: Arial,Helvetica,sans-serif; font-size: 14px; font-style: normal; line-height: normal\" color=\"#000000\">20:15 Misa en el Templo.\u00a0 <br \/><strong><u><br \/>VIERNES 17:<\/u><\/strong> <em><strong>La credibilidad de la Iglesia pasa a trav\u00e9s del camino del amor misericordioso y compasivo. <\/strong><\/em><br \/>14:00 Visita de San Luis Gonzaga y adoraci\u00f3n al Sant\u00edsimo en Capilla Itat\u00ed, de Malvinas. <\/font><\/div>\n<div align=\"left\"><font style=\"font-family: Arial,Helvetica,sans-serif; font-size: 14px; font-style: normal; line-height: normal\" color=\"#000000\">19:45 Adoraci\u00f3n al Sant\u00edsimo. Animan Misioneras de Manzana y Consejo Econ\u00f3mico. <br \/>20:15 Misa en el Templo. <\/font><\/div>\n<div align=\"left\">\u00a0<\/div>\n<div align=\"left\"><font style=\"font-family: Arial,Helvetica,sans-serif; font-size: 14px; font-style: normal; line-height: normal\" color=\"#000000\"><u><strong>S\u00c1BADO 18<\/strong><\/u>: <strong><em>Jesucristo, Pan de Vida y comuni\u00f3n para nuestro pueblo. <\/em><\/strong><br \/>14:00 Visita de San Luis Gonzaga y adoraci\u00f3n al Sant\u00edsimo en Capilla La Merced. <br \/>16:00 Visita de San Luis Gonzaga y adoraci\u00f3n al Sant\u00edsimo en Capilla Santa Rosa. <br \/>18:30 Adoraci\u00f3n al Sant\u00edsimo. Animan Encuentros Conyugales y Grupo de Matrimonios. <\/font><\/div>\n<div align=\"left\"><font style=\"font-family: Arial,Helvetica,sans-serif; font-size: 14px; font-style: normal; line-height: normal\" color=\"#000000\">19:00 Misa en el Templo.\u00a0 <\/font><\/div>\n<div align=\"left\"><font style=\"font-family: Arial,Helvetica,sans-serif; font-size: 14px; font-style: normal; line-height: normal\" color=\"#000000\"><u><strong>Fiesta Patronal Popular\u00a0<\/strong><\/u><\/font><\/div>\n<div align=\"left\"><font style=\"font-family: Arial,Helvetica,sans-serif; font-size: 14px; font-style: normal; line-height: normal\" color=\"#000000\"> <br \/><u><strong>DOMINGO 19<\/strong><\/u>: <em><strong>La alegr\u00eda del amor en la familia. <\/strong><\/em><br \/>09:30 Adoraci\u00f3n al Sant\u00edsimo. Anima Mar Adentro. <br \/>10:00 Misa con ni\u00f1os en el Templo. <br \/><em><strong>14.00 Festejos Populares frente al Templo Parroquial. M\u00fasica, torta frita, mate y baile.\u00a0\u00a0 <\/strong><\/em><\/font><\/div>\n<div align=\"left\">\u00a0<\/div>\n<div align=\"left\"><font style=\"font-family: Arial,Helvetica,sans-serif; font-size: 14px; font-style: normal; line-height: normal\" color=\"#000000\"><u><strong>LUNES 20:<\/strong><\/u> <em><strong>Mar\u00eda, Madre de Misericordia. <\/strong><\/em><br \/>14:00 Visita de San Luis Gonzaga y adoraci\u00f3n al Sant\u00edsimo en el Templo Parroquial. <br \/>19:45 Adoraci\u00f3n al Sant\u00edsimo. Anima Grupo de C\u00e1ritas.<br \/>20:15 Misa en el Templo.\u00a0\u00a0\u00a0\u00a0 <\/font><\/div>\n<div align=\"left\">\u00a0<\/div>\n<div align=\"left\"><u><strong><font style=\"font-family: Arial,Helvetica,sans-serif; font-size: 14px; font-style: normal; line-height: normal\" color=\"#000000\">Fiesta Patronal Lit\u00fargica en honor a San Luis Gonzaga\u00a0<\/font><\/strong><\/u><\/div>\n<div align=\"left\">\u00a0<\/div>\n<div align=\"left\"><font style=\"font-family: Arial,Helvetica,sans-serif; font-size: 14px; font-style: normal; line-height: normal\" color=\"#000000\"> <u><strong>MARTES 21:<\/strong><\/u> <em><strong>Misericordiosos como el Padre<\/strong><\/em>. <br \/>10:00 Procesi\u00f3n y Solemne Eucarist\u00eda en honor a San Luis Gonzaga en el A\u00f1o de la Misericordia.\u00a0 <br \/>12.00 Venta de asado, chorizos, empanadas y pasteles en la panader\u00eda de G\u00f3mez.\u00a0 <\/font><\/div>\n<div align=\"left\">\u00a0<\/div>\n<div align=\"left\"><font style=\"font-family: Arial,Helvetica,sans-serif; font-size: 14px; font-style: normal; line-height: normal\" color=\"#000000\"><u><strong>AYUDA PARA EL SEMINARIO: <\/strong><\/u>el mes de junio corresponde a la Di\u00f3cesis de Reconquista realizar esta campa\u00f1a de aportes en alimentos no perecederos y art\u00edculos de limpieza e higiene para nuestro Seminario. Acercarlos a Secretar\u00eda o en las cajas disponibles en supermercados. <br \/><u><strong>CONFESIONES PARA LA FIESTA PATRONAL: <\/strong><\/u>ser\u00e1n este jueves 16 de 16:30 a 21:00.\u00a0 <br \/>\u00a0\u00a0 <\/font><\/div>\n<div align=\"justify\"><font style=\"font-family: Arial,Helvetica,sans-serif; font-size: 14px; font-style: normal; line-height: normal\" color=\"#000000\">\u00a0\u00a0\u00a0\u00a0\u00a0<em><strong> Oraci\u00f3n del Congreso Eucar\u00edstico Nacional Tucum\u00e1n 2016 Jesucristo,<\/strong><\/em> Se\u00f1or de la historia te necesitamos. T\u00fa eres el Pan de Vida para nuestro pueblo peregrino. Consientes de tu presencia real en el Sant\u00edsimo Sacramento te alabamos y adoramos, te celebramos y proclamamos, te recibimos y compartimos. En el bicentenario de la independencia de nuestra Patria agradecemos tu presencia constante en nuestra historia, pedimos tu gracia para forjar el presente guiados por tu Evangelio.\u00a0\u00a0 Ponemos en tus manos nuestro futuro con esperanza y compromiso.\u00a0\u00a0 Con la alegr\u00eda que nos da tu Palabra salimos al encuentro de todos los argentinos, sin excluir a nadie, para gestar juntos una cultura del encuentro en la Patria, siendo aut\u00e9nticos disc\u00edpulos misioneros. Con nuestra Madre, la Virgen Mar\u00eda, y unidos a los santos que son nuestros modelos nos ponemos en camino dej\u00e1ndonos conducir por la Providencia del Padre y animados por el fuego del Esp\u00edritu Santo. Am\u00e9n.\u00a0\u00a0\u00a0\u00a0 <\/font><\/div>\n<div align=\"left\">\u00a0<\/div>\n<div align=\"left\">\u00a0<\/div>\n<div align=\"left\">\u00a0<\/div>\n<div align=\"left\">\n<div align=\"left\"><font color=\"#FF0000\"><u style=\"line-height: normal\"><strong><span style=\"font-size: 12pt; line-height: 107%; font-family: 'Raspoutine Classic'\">PARROQUIA <\/span><\/strong><strong><span style=\"font-size: 12pt; line-height: 107%; font-family: 'Raspoutine Classic'\">\u201c<\/span><\/strong><strong><span style=\"font-size: 12pt; line-height: 107%; font-family: 'Raspoutine Classic'\">SAN JUAN BAUTISTA\u00bb &#8211; VERA<\/span><\/strong><\/u><\/font><\/div>\n<div align=\"left\">\u00a0<\/div>\n<p><\/p>\n<div align=\"left\">\u00a0<\/div>\n<div align=\"left\">\u00a0<\/div>\n<div>\n<div align=\"left\"><font color=\"#FF0000\"><u style=\"line-height: normal\"><strong><span style=\"font-size: 12pt; line-height: 107%; font-family: 'Raspoutine Classic'\">PARROQUIA <\/span><\/strong><strong><span style=\"font-size: 12pt; line-height: 107%; font-family: 'Raspoutine Classic'\">\u201c<\/span><\/strong><strong><span style=\"font-size: 12pt; line-height: 107%; font-family: 'Raspoutine Classic'\">NUESTRA SE\u00d1ORA DEL HUERTO\u00bb &#8211; MALABRIGO<\/span><\/strong><\/u><\/font><\/div>\n<div align=\"left\">\u00a0<\/div>\n<div align=\"left\"><font style=\"font-family: Arial,Helvetica,sans-serif; font-size: 14px; font-style: normal; line-height: normal\" color=\"#000000\"><u><strong>Lunes 13<\/strong><\/u><br \/>19,00 hs Misa de Fiesta Patronal en San Antonio<br \/><strong>Preparaci\u00f3n a la Fiesta Patronal Parroquial<\/strong>: Los programas est\u00e1n siendo repartidos por las casas<br \/><strong>Beneficios: <\/strong>Est\u00e1n a la venta la Rifa Parroquial y las tarjetas para pollo a la parrilla del 2 de Julio. Se solicitan voluntarios para colaborar con este beneficio<br \/><u><strong><br \/>Martes 14 <\/strong><\/u><br \/>19,30 hs Misa en el Templo <br \/><strong>Oraci\u00f3n por los sacerdotes<\/strong>: Se invita a toda la comunidad a orar pidiendo al Se\u00f1or que sostenga y fortalezca al obispo y a los sacerdotes de nuestra di\u00f3cesis en su entrega cotidiana y en sus dificultades. Todos los jueves de 20 a 21 hs en la Capilla del Sant\u00edsimo<br \/><u><strong><br \/>Mi\u00e9rcoles 15<\/strong><\/u> <br \/>19,30 hs Celebraci\u00f3n en el Templo<br \/><strong>Preparaci\u00f3n para el Congreso Eucar\u00edstico Nacional<\/strong>: Todas las comisiones y grupos pastorales est\u00e1n invitados a realizar una Hora Santa en el d\u00eda y horario que les resulte m\u00e1s conveniente, hasta el 16 de junio. Tambi\u00e9n cada uno de los fieles, en forma individual. En la Capilla del Sant\u00edsimo encontrar\u00e1n una gu\u00eda de oraci\u00f3n. <\/p>\n<p><u><strong>Jueves 16<\/strong><\/u><br \/>19,30 hs Celebraci\u00f3n en el Templo<br \/><strong>Colaboraci\u00f3n con el Seminario<\/strong>: Durante el mes de junio corresponde a nuestra di\u00f3cesis la Campa\u00f1a de Ayuda para el Seminario. Se pueden donar alimentos no perecederos, art\u00edculos de limpieza y art\u00edculos de higiene personal.<\/p>\n<p><strong>Viernes 17<\/strong><br \/>17,30 hs Misa en el Hogar de Ancianos<br \/><u><strong><br \/>S\u00e1bado 18<\/strong><\/u><br \/>18,00 hs Misa en el Templo con Bendici\u00f3n de frutos<br \/><u><strong><br \/>Domingo 19<\/strong><\/u><br \/>08,30 hs Misa en Barrio Pellegrina<br \/>10,00 hs Misa en Berna<br \/><strong>Por la tarde no hay misa<\/strong><\/font><br \/>\u00a0<\/div>\n<div align=\"left\">\u00a0<\/div>\n<div align=\"left\">\u00a0<\/div>\n<div align=\"left\">\u00a0<\/div>\n<div align=\"left\" style=\"font-family: Arial,Helvetica,sans-serif; font-size: 14px; font-style: normal; line-height: normal\"><font color=\"#FF0000\"><u style=\"line-height: normal\"><strong><span style=\"font-size: 12pt; line-height: 107%; font-family: 'Raspoutine Classic'\">PARROQUIA <\/span><\/strong><strong><span style=\"font-size: 12pt; line-height: 107%; font-family: 'Raspoutine Classic'\">\u201c<\/span><\/strong><strong><span style=\"font-size: 12pt; line-height: 107%; font-family: 'Raspoutine Classic'\">SAGRADO CORAZ\u00d3N DE JES\u00daS\u00bb &#8211; ROMANG<\/span><\/strong><\/u><\/font><\/p>\n<p><u><strong><font color=\"#000000\">Martes 14<\/font><\/strong><\/u><\/div>\n<div align=\"left\" style=\"font-family: Arial,Helvetica,sans-serif; font-size: 14px; font-style: normal; line-height: normal\"><font color=\"#000000\">18,00 hs Misa en B\u00b0 Obrero<br \/>\u00a0<br \/><u><strong>Jueves 16<\/strong><\/u><\/font><\/div>\n<div align=\"left\" style=\"font-family: Arial,Helvetica,sans-serif; font-size: 14px; font-style: normal; line-height: normal\"><font color=\"#000000\">Confesiones en Calchaqu\u00ed.<\/font><\/div>\n<div align=\"left\" style=\"font-family: Arial,Helvetica,sans-serif; font-size: 14px; font-style: normal; line-height: normal\"><font color=\"#000000\">21,00 hs. Reuni\u00f3n del Grupo ambulatorio de CEPAR.<br \/>\u00a0<br \/><u><strong>S\u00e1bado 18<\/strong><\/u><\/font><\/div>\n<div align=\"left\" style=\"font-family: Arial,Helvetica,sans-serif; font-size: 14px; font-style: normal; line-height: normal\"><font color=\"#000000\">16,00 hs Misa en El 94<br \/>19,00 hs. Misa en Colonia Dur\u00e1n.<br \/>\u00a0<br \/><u><strong>Domingo 19<\/strong><\/u><\/font><\/div>\n<div align=\"left\" style=\"font-family: Arial,Helvetica,sans-serif; font-size: 14px; font-style: normal; line-height: normal\"><font color=\"#000000\">09,00 hs. Misa en Las Palmas.<br \/>17,00 hs. Reuni\u00f3n Grupos de Padres de C.E.P.A.R. en el Templo.<br \/>19,00 hs. Misa en el Templo.<br \/>\u00a0<br \/><strong>FIESTA PATRONAL:<\/strong> Agradecemos a todos los que han colaborado para de diferentes maneras para que nuestra Fiesta Patronal sea posible y pedimos al Sagrado Coraz\u00f3n de Jes\u00fas le retribuya y bendiga el ciento por uno. <br \/><strong><br \/>COLECTA ANUAL DE ALIMENTOS PARA EL SEMINARIO: <\/strong>Junio se realiza la colecta anual de alimentos, art\u00edculos de higiene y limpieza para el Seminario. Acercar a la Secretaria o en las misas<br \/><\/font><\/div>\n<div align=\"left\">\u00a0<\/div>\n<div align=\"left\">\u00a0<\/div>\n<div>\n<div align=\"left\"><font color=\"#FF0000\"><u style=\"line-height: normal\"><strong><span style=\"font-size: 12pt; line-height: 107%; font-family: 'Raspoutine Classic'\">PARROQUIA <\/span><\/strong><strong><span style=\"font-size: 12pt; line-height: 107%; font-family: 'Raspoutine Classic'\">\u201c<\/span><\/strong><strong><span style=\"font-size: 12pt; line-height: 107%; font-family: 'Raspoutine Classic'\">SAN ROQUE\u00bb &#8211; MARGARITA<br \/><\/span><\/strong><\/u><\/font><\/div>\n<div align=\"left\"><strong>\u00a0<\/strong><\/div>\n<\/div>\n<p><\/p>\n<div>\u00a0<\/div>\n<div>\u00a0<\/div>\n<div><font color=\"#FF0000\"><u style=\"line-height: normal\"><strong><span style=\"font-size: 12pt; line-height: 107%; font-family: 'Raspoutine Classic'\">PARROQUIA <\/span><\/strong><strong><span style=\"font-size: 12pt; line-height: 107%; font-family: 'Raspoutine Classic'\">\u201c<\/span><\/strong><strong><span style=\"font-size: 12pt; line-height: 107%; font-family: 'Raspoutine Classic'\">NUESTRA SE\u00d1ORA DE ITAT\u00cd\u00bb -FORT\u00cdN OLMOS<\/span><\/strong><\/u><\/font><\/div>\n<div>\u00a0<\/div>\n<div><font color=\"#000000\"><br \/><\/font><\/div>\n<div>\u00a0<\/div>\n<div align=\"left\">\u00a0<\/div>\n<div align=\"left\">\u00a0<\/div>\n<div align=\"left\">\n<div><font color=\"#FF0000\"><u style=\"line-height: normal\"><strong><span style=\"font-size: 12pt; line-height: 107%; font-family: 'Raspoutine Classic'\">PARROQUIA <\/span><\/strong><strong><span style=\"font-size: 12pt; line-height: 107%; font-family: 'Raspoutine Classic'\">\u201c<\/span><\/strong><strong><span style=\"font-size: 12pt; line-height: 107%; font-family: 'Raspoutine Classic'\">NUESTRA SE\u00d1ORA DEL ROSARIO\u00bb &#8211; LANTERI<\/span><\/strong><\/u><\/font><\/div>\n<div><font color=\"#000000\">\u00a0<\/font><\/div>\n<div style=\"font-family: Arial,Helvetica,sans-serif; font-size: 14px; font-style: normal; line-height: normal\"><font color=\"#000000\"><u><strong>Martes 14<\/strong><\/u><br \/>18:00\u00a0\u00a0 Reuni\u00f3n de catequistas en Lanteri<\/font><\/div>\n<div style=\"font-family: Arial,Helvetica,sans-serif; font-size: 14px; font-style: normal; line-height: normal\"><font color=\"#000000\">\u00a0\u00a0\u00a0\u00a0\u00a0\u00a0\u00a0\u00a0\u00a0\u00a0\u00a0\u00a0\u00a0\u00a0\u00a0\u00a0\u00a0\u00a0\u00a0\u00a0\u00a0\u00a0\u00a0\u00a0\u00a0\u00a0\u00a0\u00a0\u00a0\u00a0\u00a0\u00a0\u00a0\u00a0\u00a0\u00a0\u00a0\u00a0\u00a0\u00a0\u00a0\u00a0\u00a0\u00a0\u00a0\u00a0\u00a0\u00a0\u00a0\u00a0\u00a0\u00a0\u00a0\u00a0\u00a0\u00a0\u00a0\u00a0\u00a0\u00a0\u00a0\u00a0\u00a0\u00a0\u00a0\u00a0\u00a0\u00a0\u00a0\u00a0\u00a0\u00a0\u00a0\u00a0\u00a0\u00a0\u00a0\u00a0\u00a0\u00a0\u00a0\u00a0\u00a0\u00a0\u00a0\u00a0\u00a0\u00a0\u00a0\u00a0\u00a0\u00a0\u00a0\u00a0\u00a0\u00a0 <br \/><u><strong>Mi\u00e9rcoles 15<\/strong><\/u><br \/>17:30\u00a0\u00a0 Misa en el Tapialito<\/font><\/div>\n<div style=\"font-family: Arial,Helvetica,sans-serif; font-size: 14px; font-style: normal; line-height: normal\">\u00a0<\/div>\n<div style=\"font-family: Arial,Helvetica,sans-serif; font-size: 14px; font-style: normal; line-height: normal\"><font color=\"#000000\"><u><strong>Jueves 16<\/strong><\/u> Comienza el Congreso Eucar\u00edstico en Tucum\u00e1n nos unimos en la oraci\u00f3n <br \/>17:30\u00a0\u00a0 Misa en Las Garcitas <br \/>18:30\u00a0\u00a0 Adoraci\u00f3n del sant\u00edsimo por los frutos del congreso eucar\u00edstico y 19:00 misa en Lanteri.<\/font><\/div>\n<div style=\"font-family: Arial,Helvetica,sans-serif; font-size: 14px; font-style: normal; line-height: normal\">\u00a0<\/div>\n<div style=\"font-family: Arial,Helvetica,sans-serif; font-size: 14px; font-style: normal; line-height: normal\"><font color=\"#000000\"><u><strong>Viernes 17<\/strong><\/u><br \/>17:00\u00a0\u00a0 Nos unimos a la oraci\u00f3n del congreso. Haciendo una hora de adoraci\u00f3n al Sant\u00edsimo. <br \/>17:30\u00a0\u00a0 Misa en el Hospital de Reconquista<\/font><\/div>\n<div style=\"font-family: Arial,Helvetica,sans-serif; font-size: 14px; font-style: normal; line-height: normal\">\u00a0<\/div>\n<div style=\"font-family: Arial,Helvetica,sans-serif; font-size: 14px; font-style: normal; line-height: normal\"><font color=\"#000000\"><u><strong>S\u00e1bado 1<\/strong><\/u><strong><u>8<\/u>\u00a0 <\/strong>&#8211; Misas celebrando el D\u00eda del Padre. <br \/>17:00\u00a0\u00a0 Misa en 7 provincias. <br \/>19:30\u00a0\u00a0 Misa en B\u00ba Lanteri. <\/font><\/div>\n<div style=\"font-family: Arial,Helvetica,sans-serif; font-size: 14px; font-style: normal; line-height: normal\">\u00a0<\/div>\n<div style=\"font-family: Arial,Helvetica,sans-serif; font-size: 14px; font-style: normal; line-height: normal\"><font color=\"#000000\"><u><strong>Domingo 19<\/strong><\/u><\/font><\/div>\n<div style=\"font-family: Arial,Helvetica,sans-serif; font-size: 14px; font-style: normal; line-height: normal\"><font color=\"#000000\">10:00\u00a0 Misa en Flor de Oro.<br \/>\u00a0<\/font><\/div>\n<div>\u00a0<\/div>\n<p><\/div>\n<\/div>\n<p>\u00a0<\/p><\/div>\n<p>\u00a0<\/p><\/div>\n","protected":false},"excerpt":{"rendered":"<div class=\"mh-excerpt\"><div align=\"left\">\n<div style=\"text-align: center\"><img loading=\"lazy\" decoding=\"async\" src=\"https:\/\/scontent-grt2-1.xx.fbcdn.net\/v\/t1.0-9\/1506053_578094348953727_329175415_n.jpg?oh=6ae2ca764c76de548d2dfd0cfd6e726f&#038;oe=57C7D30C\" border=\"0\" width=\"237\" height=\"168\" \/><\/div>\n<\/div>","protected":false},"author":1,"featured_media":0,"comment_status":"closed","ping_status":"open","sticky":false,"template":"","format":"standard","meta":{"footnotes":""},"categories":[28],"tags":[],"class_list":["post-1223","post","type-post","status-publish","format-standard","hentry","category-latest-news"],"_links":{"self":[{"href":"https:\/\/www.obispadorqta.org.ar\/v3\/wp-json\/wp\/v2\/posts\/1223","targetHints":{"allow":["GET"]}}],"collection":[{"href":"https:\/\/www.obispadorqta.org.ar\/v3\/wp-json\/wp\/v2\/posts"}],"about":[{"href":"https:\/\/www.obispadorqta.org.ar\/v3\/wp-json\/wp\/v2\/types\/post"}],"author":[{"embeddable":true,"href":"https:\/\/www.obispadorqta.org.ar\/v3\/wp-json\/wp\/v2\/users\/1"}],"replies":[{"embeddable":true,"href":"https:\/\/www.obispadorqta.org.ar\/v3\/wp-json\/wp\/v2\/comments?post=1223"}],"version-history":[{"count":1,"href":"https:\/\/www.obispadorqta.org.ar\/v3\/wp-json\/wp\/v2\/posts\/1223\/revisions"}],"predecessor-version":[{"id":1459,"href":"https:\/\/www.obispadorqta.org.ar\/v3\/wp-json\/wp\/v2\/posts\/1223\/revisions\/1459"}],"wp:attachment":[{"href":"https:\/\/www.obispadorqta.org.ar\/v3\/wp-json\/wp\/v2\/media?parent=1223"}],"wp:term":[{"taxonomy":"category","embeddable":true,"href":"https:\/\/www.obispadorqta.org.ar\/v3\/wp-json\/wp\/v2\/categories?post=1223"},{"taxonomy":"post_tag","embeddable":true,"href":"https:\/\/www.obispadorqta.org.ar\/v3\/wp-json\/wp\/v2\/tags?post=1223"}],"curies":[{"name":"wp","href":"https:\/\/api.w.org\/{rel}","templated":true}]}}