{"id":1224,"date":"2016-06-14T14:57:18","date_gmt":"2016-06-14T14:57:18","guid":{"rendered":"http:\/\/www.obispadorqta.org.ar\/v3\/sasass\/"},"modified":"2016-06-14T14:57:18","modified_gmt":"2016-06-14T14:57:18","slug":"sasass","status":"publish","type":"post","link":"https:\/\/www.obispadorqta.org.ar\/v3\/sasass\/","title":{"rendered":"Congreso Eucar\u00edstico Nacional"},"content":{"rendered":"<div style=\"text-align: center\"><img loading=\"lazy\" decoding=\"async\" src=\"https:\/\/scontent-grt2-1.xx.fbcdn.net\/v\/t1.0-9\/13434818_1010027699093721_299758068574196593_n.jpg?oh=26f4208b2543ac0be96ad1f5e033d3e1&#038;oe=5805205A\" border=\"0\" width=\"190\" height=\"266\" \/><\/div>\n<div>\u00a0<\/div>\n<div style=\"text-align: justify\"><span style=\"font-size: 12.16px; line-height: 1.3em\">En el marco del Congreso Eucar\u00edstico Nacional, el d\u00eda mi\u00e9rcoles 15 de junio a las 19:15 hs en la Catedral de Reconquista, parroquia \u00abInmaculada Concepci\u00f3n\u00bb, el Obispo Diocesano, Mons. \u00c1ngel Jos\u00e9 Mac\u00edn celebrar\u00e1 la Santa Misa y all\u00ed se realizar\u00e1 el env\u00edo de la delegaci\u00f3n de nuestra di\u00f3cesis que parte hacia Tucum\u00e1n a participar de este evento que congrega a toda la Iglesia Argentina. Invitamos a todos a compartir este momento y elevamos nuestras oraciones para que Jes\u00fas hecho Eucarist\u00eda siga bendiciendo nuestra Iglesia.<\/span><\/div>\n<div><span style=\"font-size: 12.16px; line-height: 1.3em\"><br \/><\/span><\/div>\n<div>\u00a0<\/div>\n","protected":false},"excerpt":{"rendered":"<div class=\"mh-excerpt\"><p>\u00a0 En el marco del Congreso Eucar\u00edstico Nacional, el d\u00eda mi\u00e9rcoles 15 de junio a las 19:15 hs en la Catedral de Reconquista, parroquia \u00abInmaculada <a class=\"mh-excerpt-more\" href=\"https:\/\/www.obispadorqta.org.ar\/v3\/sasass\/\" title=\"Congreso Eucar\u00edstico Nacional\">[&#8230;]<\/a><\/p>\n<\/div>","protected":false},"author":1,"featured_media":0,"comment_status":"open","ping_status":"open","sticky":false,"template":"","format":"standard","meta":{"footnotes":""},"categories":[28],"tags":[],"class_list":["post-1224","post","type-post","status-publish","format-standard","hentry","category-latest-news"],"_links":{"self":[{"href":"https:\/\/www.obispadorqta.org.ar\/v3\/wp-json\/wp\/v2\/posts\/1224","targetHints":{"allow":["GET"]}}],"collection":[{"href":"https:\/\/www.obispadorqta.org.ar\/v3\/wp-json\/wp\/v2\/posts"}],"about":[{"href":"https:\/\/www.obispadorqta.org.ar\/v3\/wp-json\/wp\/v2\/types\/post"}],"author":[{"embeddable":true,"href":"https:\/\/www.obispadorqta.org.ar\/v3\/wp-json\/wp\/v2\/users\/1"}],"replies":[{"embeddable":true,"href":"https:\/\/www.obispadorqta.org.ar\/v3\/wp-json\/wp\/v2\/comments?post=1224"}],"version-history":[{"count":0,"href":"https:\/\/www.obispadorqta.org.ar\/v3\/wp-json\/wp\/v2\/posts\/1224\/revisions"}],"wp:attachment":[{"href":"https:\/\/www.obispadorqta.org.ar\/v3\/wp-json\/wp\/v2\/media?parent=1224"}],"wp:term":[{"taxonomy":"category","embeddable":true,"href":"https:\/\/www.obispadorqta.org.ar\/v3\/wp-json\/wp\/v2\/categories?post=1224"},{"taxonomy":"post_tag","embeddable":true,"href":"https:\/\/www.obispadorqta.org.ar\/v3\/wp-json\/wp\/v2\/tags?post=1224"}],"curies":[{"name":"wp","href":"https:\/\/api.w.org\/{rel}","templated":true}]}}