{"id":1225,"date":"2016-06-22T12:01:25","date_gmt":"2016-06-22T12:01:25","guid":{"rendered":"http:\/\/www.obispadorqta.org.ar\/v3\/avisos-parroquiales-18\/"},"modified":"2017-04-17T14:22:06","modified_gmt":"2017-04-17T14:22:06","slug":"avisos-parroquiales-18","status":"publish","type":"post","link":"https:\/\/www.obispadorqta.org.ar\/v3\/avisos-parroquiales-18\/","title":{"rendered":"AVISOS PARROQUIALES"},"content":{"rendered":"<div align=\"left\">\n<div style=\"text-align: center\"><img loading=\"lazy\" decoding=\"async\" src=\"https:\/\/scontent-grt2-1.xx.fbcdn.net\/v\/t1.0-9\/1506053_578094348953727_329175415_n.jpg?oh=6ae2ca764c76de548d2dfd0cfd6e726f&#038;oe=57C7D30C\" border=\"0\" width=\"234\" height=\"166\" \/><\/div>\n<\/p><\/div>\n<div align=\"left\">\u00a0<\/div>\n<div align=\"left\"><font color=\"#FF0000\"><u style=\"line-height: normal\"><strong><span style=\"font-size: 12pt; line-height: 107%; font-family: 'Raspoutine Classic'\">PARROQUIA <\/span><\/strong><strong><span style=\"font-size: 12pt; line-height: 107%; font-family: 'Raspoutine Classic'\">\u201c<\/span><\/strong><strong><span style=\"font-size: 12pt; line-height: 107%; font-family: 'Raspoutine Classic'\">INMACULADA CONCEPCI<\/span><\/strong><strong><span style=\"font-size: 12pt; line-height: 107%; font-family: 'Raspoutine Classic'\">\u00d3<\/span><\/strong><strong><span style=\"font-size: 12pt; line-height: 107%; font-family: 'Raspoutine Classic'\">N<\/span><\/strong><strong><span style=\"font-size: 12pt; line-height: 107%; font-family: 'Raspoutine Classic'\">\u201d<\/span><\/strong><strong><span style=\"font-size: 12pt; line-height: 107%; font-family: 'Raspoutine Classic'\"> &#8211; RECONQUISTA<\/span><\/strong><\/u><\/font><\/div>\n<div align=\"left\">\u00a0<\/div>\n<div align=\"left\" style=\"font-family: Arial,Helvetica,sans-serif; font-size: 14px; font-style: normal; line-height: normal\"><font style=\"font-family: Arial,Helvetica,sans-serif; font-size: 14px; font-style: normal; line-height: normal\" color=\"#000000\"><strong>MAR ADENTRO RETIRO: <\/strong>se invita a los j\u00f3venes\u00a0 mayores de 18 a\u00f1os al retiro que se realizar\u00e1 del 24 al 26 de junio. Informes en Secretaria.<\/font><\/div>\n<div align=\"left\" style=\"font-family: Arial,Helvetica,sans-serif; font-size: 14px; font-style: normal; line-height: normal\">\u00a0<\/div>\n<div align=\"left\" style=\"font-family: Arial,Helvetica,sans-serif; font-size: 14px; font-style: normal; line-height: normal\"><font color=\"#000000\"><strong>ADORACI\u00d3N AL SANT\u00cdSIMO: <\/strong>en Catedral \u00a0el viernes 24 de junio \u00a0de 7:00 de la ma\u00f1ana a 19:00\u00a0hs.\u00a0 <\/font><\/div>\n<div align=\"left\">\u00a0<\/div>\n<div align=\"left\"><font style=\"font-family: Arial,Helvetica,sans-serif; font-size: 14px; font-style: normal; line-height: normal\" color=\"#000000\"><strong>CURSO DE FORMACION DE LITURGIA 2\u00ba NIVEL:<\/strong> ser\u00e1 el\u00a0 s\u00e1bado 25 de junio a las 16 hs. en catedral. <\/font><\/div>\n<div align=\"left\">\u00a0<\/div>\n<div align=\"left\"><font style=\"font-family: Arial,Helvetica,sans-serif; font-size: 14px; font-style: normal; line-height: normal\" color=\"#000000\"><strong>RENOVACI\u00d3N DE ALIANZAS MATRIMONIALES<\/strong>: a los matrimonios que celebran su aniversario de bodas en JUNIO, se los invita a renovar las promesas matrimoniales en Catedral y en Capilla Esp\u00edritu Santo, en las misas del s\u00e1bado 25.<\/font><\/div>\n<div align=\"left\">\u00a0<\/div>\n<div align=\"left\"><font style=\"font-family: Arial,Helvetica,sans-serif; font-size: 14px; font-style: normal; line-height: normal\" color=\"#000000\"><strong>PEREGRINACION JUVENIL A ITATI:<\/strong> Informes e inscripciones: martes y jueves de 20 a 21:30\u00a0 hs en Catedral.<br \/>\u00a0<br \/>\u00a0 <br \/><u><strong>MISAS DE LA SEMANA<\/strong><\/u><\/font><\/div>\n<div align=\"left\"><strong><font style=\"font-family: Arial,Helvetica,sans-serif; font-size: 14px; font-style: normal; line-height: normal\" color=\"#000000\">Martes 21 al viernes 24<\/font><\/strong><\/div>\n<div align=\"left\"><font style=\"font-family: Arial,Helvetica,sans-serif; font-size: 14px; font-style: normal; line-height: normal\" color=\"#000000\">06:30\u00a0\u00a0 Catedral<\/font><\/div>\n<div align=\"left\"><font style=\"font-family: Arial,Helvetica,sans-serif; font-size: 14px; font-style: normal; line-height: normal\" color=\"#000000\">19:15\u00a0\u00a0 Catedral<br \/><\/font><\/div>\n<div align=\"left\"><strong><font style=\"font-family: Arial,Helvetica,sans-serif; font-size: 14px; font-style: normal; line-height: normal\" color=\"#000000\">S\u00e1bado 25<\/font><\/strong><\/div>\n<div align=\"left\"><font style=\"font-family: Arial,Helvetica,sans-serif; font-size: 14px; font-style: normal; line-height: normal\" color=\"#000000\">17:30\u00a0\u00a0 Capilla Virgen de Lourdes (B\u00ba La Cortada)<\/font><\/div>\n<div align=\"left\"><font style=\"font-family: Arial,Helvetica,sans-serif; font-size: 14px; font-style: normal; line-height: normal\" color=\"#000000\">18:30\u00a0\u00a0 Capilla Transfiguraci\u00f3n del Se\u00f1or (Bo Fraternidad)<\/font><\/div>\n<div align=\"left\"><font style=\"font-family: Arial,Helvetica,sans-serif; font-size: 14px; font-style: normal; line-height: normal\" color=\"#000000\">19:00\u00a0\u00a0 Catedral<\/font><\/div>\n<div align=\"left\"><font style=\"font-family: Arial,Helvetica,sans-serif; font-size: 14px; font-style: normal; line-height: normal\" color=\"#000000\">20:00\u00a0\u00a0 Capilla Esp\u00edritu Santo (Bo San Mart\u00edn)<\/font><\/div>\n<div align=\"left\"><strong><font style=\"font-family: Arial,Helvetica,sans-serif; font-size: 14px; font-style: normal; line-height: normal\" color=\"#000000\">Domingo 26<\/font><\/strong><\/div>\n<div align=\"left\"><font style=\"font-family: Arial,Helvetica,sans-serif; font-size: 14px; font-style: normal; line-height: normal\" color=\"#000000\">09:00\u00a0\u00a0 Capilla Virgen de Itat\u00ed (B\u00ba Ombusal)<\/font><\/div>\n<div align=\"left\"><font style=\"font-family: Arial,Helvetica,sans-serif; font-size: 14px; font-style: normal; line-height: normal\" color=\"#000000\">10:30\u00a0\u00a0 Catedral\u00a0<\/font><\/div>\n<div align=\"left\"><font style=\"font-family: Arial,Helvetica,sans-serif; font-size: 14px; font-style: normal; line-height: normal\" color=\"#000000\">19:00\u00a0\u00a0 Catedral<\/font><\/div>\n<div align=\"left\"><font style=\"font-family: Arial,Helvetica,sans-serif; font-size: 14px; font-style: normal; line-height: normal\" color=\"#000000\">19:00\u00a0\u00a0 Capilla Itat\u00ed (Bo Sarmiento) <\/font><br \/>\u00a0<\/div>\n<div align=\"left\">\u00a0<\/div>\n<p><\/p>\n<div align=\"left\"><font color=\"#FF0000\"><u style=\"line-height: normal\"><strong><span style=\"font-size: 12pt; line-height: 107%; font-family: 'Raspoutine Classic'\">PARROQUIA <\/span><\/strong><strong><span style=\"font-size: 12pt; line-height: 107%; font-family: 'Raspoutine Classic'\">\u201c<\/span><\/strong><strong><span style=\"font-size: 12pt; line-height: 107%; font-family: 'Raspoutine Classic'\">NUESTRA SE\u00d1ORA DE LA MERCED\u00bb &#8211; AVELLANEDA<\/span><\/strong><\/u><\/font><\/div>\n<div align=\"left\">\u00a0<\/div>\n<div align=\"left\"><img loading=\"lazy\" decoding=\"async\" src=\"https:\/\/fbcdn-photos-a-a.akamaihd.net\/hphotos-ak-xtl1\/v\/t1.0-0\/s526x395\/13450956_1424272557590320_596037296635857059_n.jpg?oh=4d66e4f309dc6d0cd13fa7a3e3c90fd0&#038;oe=57F52CD8&#038;__gda__=1472621922_786ee3a4e824a54ec9298f868602bcc4\" border=\"0\" width=\"443\" height=\"493\" align=\"left\" \/> <\/div>\n<div align=\"left\">\u00a0<\/div>\n<div align=\"left\">\u00a0<\/div>\n<div align=\"left\">\u00a0<\/div>\n<p><\/p>\n<div align=\"left\"><font color=\"#FF0000\"><u style=\"line-height: normal\"><strong><span style=\"font-size: 12pt; line-height: 107%; font-family: 'Raspoutine Classic'\">PARROQUIA <\/span><\/strong><strong><span style=\"font-size: 12pt; line-height: 107%; font-family: 'Raspoutine Classic'\">\u201c<\/span><\/strong><strong><span style=\"font-size: 12pt; line-height: 107%; font-family: 'Raspoutine Classic'\">MAR\u00cdA MADRE DE DIOS\u00bb RECONQUISTA<\/span><\/strong><\/u><\/font><\/div>\n<div align=\"left\">\u00a0<\/div>\n<div align=\"left\">\u00a0<\/div>\n<div align=\"left\">\u00a0<\/div>\n<div>\n<div align=\"left\"><font color=\"#FF0000\"><u style=\"line-height: normal\"><strong><span style=\"font-size: 12pt; line-height: 107%; font-family: 'Raspoutine Classic'\">PARROQUIA <\/span><\/strong><strong><span style=\"font-size: 12pt; line-height: 107%; font-family: 'Raspoutine Classic'\">\u201c<\/span><\/strong><strong><span style=\"font-size: 12pt; line-height: 107%; font-family: 'Raspoutine Classic'\">SAN LUIS GONZAGA\u00bb &#8211; CALCHAQU\u00cd<\/span><\/strong><\/u><\/font><\/div>\n<div align=\"left\">\u00a0<\/div>\n<div align=\"left\">\u00a0<\/div>\n<div align=\"left\">\u00a0<\/div>\n<div align=\"left\">\u00a0<\/div>\n<div align=\"left\">\n<div align=\"left\"><font color=\"#FF0000\"><u style=\"line-height: normal\"><strong><span style=\"font-size: 12pt; line-height: 107%; font-family: 'Raspoutine Classic'\">PARROQUIA <\/span><\/strong><strong><span style=\"font-size: 12pt; line-height: 107%; font-family: 'Raspoutine Classic'\">\u201c<\/span><\/strong><strong><span style=\"font-size: 12pt; line-height: 107%; font-family: 'Raspoutine Classic'\">SAN JUAN BAUTISTA\u00bb &#8211; VERA<\/span><\/strong><\/u><\/font><\/div>\n<\/div>\n<div align=\"left\"><u><strong><br \/><\/strong><\/u><\/p>\n<div align=\"left\"><font style=\"font-family: Arial,Helvetica,sans-serif; font-size: 14px; font-style: normal; line-height: normal\" color=\"#000000\"><u><strong>MARTES 21 al JUEVES 23<\/strong><\/u><br \/>15:30 hs y 20:00\u00a0\u00a0 Misa de novena en el Templo<\/font><\/div>\n<div align=\"left\">\u00a0<\/div>\n<div align=\"left\"><font style=\"font-family: Arial,Helvetica,sans-serif; font-size: 14px; font-style: normal; line-height: normal\" color=\"#000000\"><u><strong>MI\u00c9RCOLES 22<\/strong><\/u><br \/>16:30 a 21:00\u00a0\u00a0 Confesiones en el Templo preparando la Fiesta Patronal. Vendr\u00e1n varios sacerdotes a confesar.<\/font><\/div>\n<div align=\"left\">\u00a0<\/div>\n<div align=\"left\"><font style=\"font-family: Arial,Helvetica,sans-serif; font-size: 14px; font-style: normal; line-height: normal\" color=\"#000000\"><strong><u>VIERNES 24<\/u>\u00a0 &#8211;\u00a0 SAN JUAN BAUTISTA \u2013 Fiesta Patronal Parroquial<\/strong><br \/>10:00\u00a0\u00a0 Rezo del Rosario Iluminado en el Templo<br \/>11:30\u00a0\u00a0 Venta de pollo asado, chorizos, empanadas, tortas dulces<br \/>15:00\u00a0\u00a0 Kermesse en calle Moreno \u2013 Bandas en vivo durante toda la tarde<br \/>18:30\u00a0\u00a0 Procesi\u00f3n con San Juan Bautista (partiendo del Templo Parroquial)<br \/>19:30\u00a0\u00a0 Santa Misa en honor a San Juan Bautista<br \/>21:00\u00a0\u00a0 Tradicional quema del mu\u00f1eco en la Cancha Parroquial<br \/><u><strong><br \/>S\u00c1BADO 25<\/strong><\/u><br \/>19:30\u00a0 Misa de Novena en el Templo<\/font><\/div>\n<div align=\"left\">\u00a0<\/div>\n<div align=\"left\"><font style=\"font-family: Arial,Helvetica,sans-serif; font-size: 14px; font-style: normal; line-height: normal\" color=\"#000000\"><strong><u>DOMINGO 26<\/u>\u00a0 &#8211;\u00a0 Aniversario Sacerdotal de Padre Rolando<\/strong><br \/>10:00\u00a0\u00a0 Misa en el Templo<br \/>19:30\u00a0 Misa en el Templo. (\u00daltima Misa de P. Rolando como p\u00e1rroco en Vera)<\/font><\/div>\n<div align=\"left\">\u00a0<\/div>\n<div align=\"left\">\u00a0<\/div>\n<div>\n<div align=\"left\"><font color=\"#FF0000\"><u style=\"line-height: normal\"><strong><span style=\"font-size: 12pt; line-height: 107%; font-family: 'Raspoutine Classic'\">PARROQUIA <\/span><\/strong><strong><span style=\"font-size: 12pt; line-height: 107%; font-family: 'Raspoutine Classic'\">\u201c<\/span><\/strong><strong><span style=\"font-size: 12pt; line-height: 107%; font-family: 'Raspoutine Classic'\">NUESTRA SE\u00d1ORA DEL HUERTO\u00bb &#8211; MALABRIGO<\/span><\/strong><\/u><\/font><\/div>\n<div align=\"left\">\u00a0<\/div>\n<div align=\"left\"><font color=\"#000000\"><span style=\"font-family: Arial,Helvetica,sans-serif; font-size: 14px; font-style: normal; line-height: normal\"><u><strong>Martes 21 <\/strong><\/u><br \/>19,30 hs Misa en el Templo <br \/><strong>Preparaci\u00f3n a la Fiesta Patronal Parroquial<\/strong>: <\/span><\/font><\/div>\n<div align=\"left\"><font color=\"#000000\"><span style=\"font-family: Arial,Helvetica,sans-serif; font-size: 14px; font-style: normal; line-height: normal\">La <strong>novena<\/strong> comienza el jueves 23, con la Misa de las 19,30 hs<br \/>Las <strong>confesiones comunitarias<\/strong> se realizar\u00e1n el martes 28<br \/>Contin\u00faa la venta de la <strong>Rifa<\/strong> y las <strong>tarjetas de pollos<\/strong> a la parrilla del 2 de Julio<br \/><u><strong><br \/>Mi\u00e9rcoles 22 <\/strong><\/u><br \/>19,30 hs Celebraci\u00f3n en el Templo<br \/><strong>Campa\u00f1a de Ayuda al Seminario<\/strong>: Contin\u00faa durante este mes la Campa\u00f1a de Donaciones para el sostenimiento del Seminario, aportando alimentos no perecederos, art\u00edculos de higiene personal y de limpieza. <br \/><u><strong><br \/>Jueves 23<\/strong><\/u><br \/>19,30 hs Misa en el Templo\u00a0 &#8211; <em><strong>Comienza la Novena <\/strong><\/em><br \/>20,154 hs Reuni\u00f3n del Consejo de Pastoral<br \/><strong>Colecta Nacional de Caritas<\/strong>: En nuestra parroquia se recaud\u00f3 un total de $ 31.757,35 sumando las colectas del fin de semana, las urnas que llevaron por las casas los j\u00f3venes de Confirmaci\u00f3n y la urna colocada en Secretar\u00eda Parroquial. Esta cifra se destina en tres partes iguales, una para Caritas Nacional, otra para Caritas Diocesana y otra para Caritas Parroquial. <\/p>\n<p><u><strong>Viernes 24<\/strong><\/u><br \/>19,30 hs Celebraci\u00f3n con novena<\/p>\n<p><u><strong>S\u00e1bado 25<\/strong><\/u><br \/>19,00 hs Misa en el Templo<\/p>\n<p><u><strong>Domingo 26<\/strong><\/u><br \/>08,30 hs Misa en Barrio San Jos\u00e9<br \/>10,00 hs Misa en Berna<br \/>19,00 hs Misa en el Templo<\/span><u><strong style=\"font-family: Arial,Helvetica,sans-serif; font-size: 14px; font-style: normal; line-height: normal\"><br \/><\/strong><\/u><\/font><br \/>\u00a0<\/div>\n<div align=\"left\">\u00a0<\/div>\n<div align=\"left\">\u00a0<\/div>\n<div align=\"left\" style=\"font-family: Arial,Helvetica,sans-serif; font-size: 14px; font-style: normal; line-height: normal\"><font color=\"#FF0000\"><u style=\"line-height: normal\"><strong><span style=\"font-size: 12pt; line-height: 107%; font-family: 'Raspoutine Classic'\">PARROQUIA <\/span><\/strong><strong><span style=\"font-size: 12pt; line-height: 107%; font-family: 'Raspoutine Classic'\">\u201c<\/span><\/strong><strong><span style=\"font-size: 12pt; line-height: 107%; font-family: 'Raspoutine Classic'\">SAGRADO CORAZ\u00d3N DE JES\u00daS\u00bb &#8211; ROMANG<\/span><\/strong><\/u><\/font><\/div>\n<div align=\"left\" style=\"font-family: Arial,Helvetica,sans-serif; font-size: 14px; font-style: normal; line-height: normal\">\u00a0<\/div>\n<div align=\"left\" style=\"font-family: Arial,Helvetica,sans-serif; font-size: 14px; font-style: normal; line-height: normal\"><font color=\"#000000\"><u><strong>Lunes 20<\/strong><\/u> <\/font><\/div>\n<div align=\"left\" style=\"font-family: Arial,Helvetica,sans-serif; font-size: 14px; font-style: normal; line-height: normal\"><font color=\"#000000\">15,0hs\u00a0\u00a0 Rezo del rosario en la ermita de la Virgen Schoenstatt.<br \/>\u00a0<br \/><u><strong>Martes 21<\/strong><\/u><\/font><\/div>\n<div align=\"left\" style=\"font-family: Arial,Helvetica,sans-serif; font-size: 14px; font-style: normal; line-height: normal\"><font color=\"#000000\">16,00 hs\u00a0\u00a0 Reuni\u00f3n Misioneras de Schoenstatt.<br \/>18,00 hs\u00a0\u00a0 Misa Capilla Esp\u00edritu Santo.<br \/>19,00 hs\u00a0\u00a0 Reuni\u00f3n Catequistas de CAFA y Confirmaci\u00f3n. <br \/>\u00a0<br \/><u><strong>Mi\u00e9rcoles 22<\/strong><\/u> &#8211; Confesiones en Vera<br \/>\u00a0<br \/><u><strong>Jueves 23<\/strong><\/u><\/font><\/div>\n<div align=\"left\" style=\"font-family: Arial,Helvetica,sans-serif; font-size: 14px; font-style: normal; line-height: normal\"><font color=\"#000000\">17,30 hs Misa en el hogar de ancianos.<br \/>19,30 hs. Misa en Costa Itat\u00ed. <br \/>21,00 hs. Reuni\u00f3n Grupo ambulatorio de C.E.P.A.R. en el Templo.<br \/>\u00a0<br \/><u><strong>S\u00e1bado 24<\/strong><\/u><\/font><\/div>\n<div align=\"left\" style=\"font-family: Arial,Helvetica,sans-serif; font-size: 14px; font-style: normal; line-height: normal\"><font color=\"#000000\">16,00 hs. Misa en La Loma. Fiesta Patronal San Juan Bautista.<br \/>19,00 hs. Misa en Los Laureles.<br \/>\u00a0<strong><br \/><u>Domingo 26<\/u><\/strong><\/font><\/div>\n<div align=\"left\" style=\"font-family: Arial,Helvetica,sans-serif; font-size: 14px; font-style: normal; line-height: normal\"><font color=\"#000000\">09,00 hs\u00a0 Misa en Nueva Romang<br \/>15,00 hs. Bicicleteada CEPAR por el D\u00eda Internacional de la Lucha Contra el Uso Indebido y el Tr\u00e1fico Il\u00edcito De Drogas <br \/>17,00 hs. SE SUSPENDE la reuni\u00f3n Grupos de Padres de C.E.P.A.R.<br \/>19,00 hs. Misa en el Templo.<br \/>\u00a0<br \/><strong>COLECTA ANUAL DE ALIMENTOS PARA EL SEMINARIO:<\/strong> junio se realiza la colecta anual de alimentos, art\u00edculos de higiene y limpieza para el Seminario. Acercar a la Secretaria o en las misas<br \/>\u00a0<br \/><strong>BICICLETEADA CEPAR: <\/strong>ser\u00e1 este domingo 26, D\u00eda Internacional de la Lucha Contra el Uso Indebido y el Tr\u00e1fico Il\u00edcito De Drogas saliendo desde la Plaza San Mart\u00edn a las 15 hs. Para m\u00e1s informaci\u00f3n consultar p\u00e1gina en Facebook CEPAR: <\/font><br \/>\u00a0<\/div>\n<div align=\"left\">\u00a0<\/div>\n<div align=\"left\">\u00a0<\/div>\n<div style=\"font-family: Arial,Helvetica,sans-serif; font-size: 14px; font-style: normal; line-height: normal\">\n<div align=\"left\"><font color=\"#FF0000\"><u style=\"line-height: normal\"><strong><span style=\"font-size: 12pt; line-height: 107%; font-family: 'Raspoutine Classic'\">PARROQUIA <\/span><\/strong><strong><span style=\"font-size: 12pt; line-height: 107%; font-family: 'Raspoutine Classic'\">\u201c<\/span><\/strong><strong><span style=\"font-size: 12pt; line-height: 107%; font-family: 'Raspoutine Classic'\">SAN ROQUE\u00bb &#8211; MARGARITA<\/span><\/strong><\/u><\/font><\/div>\n<div align=\"left\">\u00a0<\/div>\n<div align=\"left\"><font color=\"#000000\"><u><strong>MARTES 21 DE JUNIO<\/strong><\/u><br \/>17:00\u00a0\u00a0 Reuni\u00f3n de liturgia<\/p>\n<p><u><strong>MI\u00c9RCOLES 22 DE JUNIO<\/strong><\/u><br \/>17:00\u00a0\u00a0 Misa en el Hogar de Ancianos<\/p>\n<p><u><strong>VIERNES 24 DE JUNIO<\/strong><\/u><br \/>18:00\u00a0\u00a0 Santa misa al Coraz\u00f3n de Jes\u00fas\u00a0 en el templo.<\/p>\n<p><u><strong>S\u00c1BADO 25 DE JUNIO<\/strong><\/u><br \/>19:00\u00a0\u00a0 Misa en el templo<\/p>\n<p><u><strong>DOMINGO 26 DE JUNIO<\/strong><\/u><br \/>09.30\u00a0\u00a0 Misa en Colonia San Eugenio<br \/>19:00\u00a0\u00a0 Misa en el templo en <strong>acci\u00f3n de gracias por el\u00a0 50\u00ba Aniversario de ordenaci\u00f3n sacerdotal de nuestro cura\u00a0 p\u00e1rroco Giancarlo Maistrello<\/strong>.<br \/>Que nuestra oraci\u00f3n ayude a renovar su consagraci\u00f3n y fidelidad a Dios.<\/p>\n<p>Se est\u00e1 realizando la <strong>Colecta anual de alimentos y productos de limpieza\u00a0 para el seminario la Encarnaci\u00f3n<\/strong>. <br \/>Se reciben las\u00a0 donaciones en la parroquia. Desde ya se agradece su colaboraci\u00f3n.<br \/>\u00a0<\/font><\/div>\n<div align=\"left\">\u00a0<\/div>\n<\/div>\n<div>\u00a0<\/div>\n<div>\u00a0<\/div>\n<div><font color=\"#FF0000\"><u style=\"line-height: normal\"><strong><span style=\"font-size: 12pt; line-height: 107%; font-family: 'Raspoutine Classic'\">PARROQUIA <\/span><\/strong><strong><span style=\"font-size: 12pt; line-height: 107%; font-family: 'Raspoutine Classic'\">\u201c<\/span><\/strong><strong><span style=\"font-size: 12pt; line-height: 107%; font-family: 'Raspoutine Classic'\">NUESTRA SE\u00d1ORA DE ITAT\u00cd\u00bb -FORT\u00cdN OLMOS<\/span><\/strong><\/u><\/font><\/div>\n<div>\u00a0<\/div>\n<div style=\"font-family: Arial,Helvetica,sans-serif; font-size: 14px; font-style: normal; line-height: normal\"><font color=\"#000000\"><u><strong>Jueves 23 de junio<\/strong><\/u><br \/>16 hs Celebraci\u00f3n de la Misa en el Paraje El Cerrito<\/font><\/div>\n<div style=\"font-family: Arial,Helvetica,sans-serif; font-size: 14px; font-style: normal; line-height: normal\">\u00a0<\/div>\n<div style=\"font-family: Arial,Helvetica,sans-serif; font-size: 14px; font-style: normal; line-height: normal\"><font color=\"#000000\"><u><strong>Viernes 24 de junio<\/strong><\/u><br \/>16 hs Celebraci\u00f3n de la Misa en el Paraje Santa Luc\u00eda<\/font><\/div>\n<div style=\"font-family: Arial,Helvetica,sans-serif; font-size: 14px; font-style: normal; line-height: normal\">\u00a0<\/div>\n<div style=\"font-family: Arial,Helvetica,sans-serif; font-size: 14px; font-style: normal; line-height: normal\"><font color=\"#000000\"><u><strong>S\u00e1bado 25 de junio<\/strong><\/u><br \/>17 hs Celebraci\u00f3n de la Misa en el Km 101 (Pozo de los Indios)<br \/>19 hs Celebraci\u00f3n de la Misa en el Templo Parroquial Fort\u00edn Olmos<\/font><\/div>\n<div style=\"font-family: Arial,Helvetica,sans-serif; font-size: 14px; font-style: normal; line-height: normal\">\u00a0<\/div>\n<div style=\"font-family: Arial,Helvetica,sans-serif; font-size: 14px; font-style: normal; line-height: normal\"><font color=\"#000000\"><u><strong>Domingo 26 de junio<\/strong><\/u><br \/>10 hs Celebraci\u00f3n de la Misa en Fort\u00edn Charr\u00faa<br \/>18 hs Celebraci\u00f3n de la Mis en El Cha\u00f1ar<br \/>\u00a0<br \/>Cambio de fecha de bautismos (por este \u00fanico mes)<br \/>El pr\u00f3ximo s\u00e1bado 2 de julio no se realizar\u00e1 la habitual celebraci\u00f3n de bautismos en el Templo Parroquial.\u00a0 Pasar\u00e1 para el s\u00e1bado 16 de julio a las 17 hs.<\/font><br \/>\u00a0<\/div>\n<div>\u00a0<\/div>\n<div style=\"font-family: Arial,Helvetica,sans-serif; font-size: 14px; font-style: normal; line-height: normal\">\u00a0<\/div>\n<div>\u00a0<\/div>\n<div align=\"left\">\u00a0<\/div>\n<div align=\"left\">\u00a0<\/div>\n<div align=\"left\" style=\"font-family: Arial,Helvetica,sans-serif; font-size: 14px; font-style: normal; line-height: normal\">\n<div><font color=\"#FF0000\"><u style=\"line-height: normal\"><strong><span style=\"font-size: 12pt; line-height: 107%; font-family: 'Raspoutine Classic'\">PARROQUIA <\/span><\/strong><strong><span style=\"font-size: 12pt; line-height: 107%; font-family: 'Raspoutine Classic'\">\u201c<\/span><\/strong><strong><span style=\"font-size: 12pt; line-height: 107%; font-family: 'Raspoutine Classic'\">NUESTRA SE\u00d1ORA DEL ROSARIO\u00bb &#8211; LANTERI<\/span><\/strong><\/u><\/font><\/div>\n<div><font color=\"#000000\">\u00a0<\/font><\/div>\n<p><u><strong><font color=\"#000000\">Martes 21<\/font><\/strong><\/u><\/p>\n<div style=\"font-family: Arial,Helvetica,sans-serif; font-size: 14px; font-style: normal; line-height: normal\"><font color=\"#000000\">18:30\u00a0 Reuni\u00f3n de catequistas en Lanteri<br \/><u><strong><br \/>Mi\u00e9rcoles 22<\/strong><\/u><\/font><\/div>\n<div style=\"font-family: Arial,Helvetica,sans-serif; font-size: 14px; font-style: normal; line-height: normal\"><font color=\"#000000\">17:00\u00a0\u00a0 Misa en B\u00ba Batara de las Garzas en la casa de Marcon.<\/p>\n<p><u><strong>Jueves 23<\/strong><\/u><\/font><\/div>\n<div style=\"font-family: Arial,Helvetica,sans-serif; font-size: 14px; font-style: normal; line-height: normal\"><font color=\"#000000\">16:00\u00a0\u00a0 Misa en Tres Bocas<\/font><\/div>\n<div style=\"font-family: Arial,Helvetica,sans-serif; font-size: 14px; font-style: normal; line-height: normal\"><font color=\"#000000\">19:00\u00a0\u00a0 Misa en Central 2.<\/p>\n<p><u><strong>Viernes 24<\/strong><\/u><\/font><\/div>\n<div style=\"font-family: Arial,Helvetica,sans-serif; font-size: 14px; font-style: normal; line-height: normal\"><font color=\"#000000\"> 17:30\u00a0\u00a0 Misa en el Hospital Reconquista.<br \/><u><strong><br \/>S\u00e1bado 25<\/strong><\/u><\/font><\/div>\n<div style=\"font-family: Arial,Helvetica,sans-serif; font-size: 14px; font-style: normal; line-height: normal\"><font color=\"#000000\">16:00\u00a0\u00a0 Bautismo en Lanteri.<br \/>17:30\u00a0\u00a0 Misa en Las Garcitas.<\/font><\/div>\n<div style=\"font-family: Arial,Helvetica,sans-serif; font-size: 14px; font-style: normal; line-height: normal\"><font color=\"#000000\">19:30\u00a0\u00a0 Misa en Lanteri.<\/p>\n<p><strong>Domingo 26<\/strong>\u00a0 &#8211;\u00a0 30 a\u00f1os del Oratorio del Tapialito<br \/>10:30\u00a0\u00a0 Misa y Procesi\u00f3n en el Tapialito. <\/font><\/div>\n<div style=\"font-family: Arial,Helvetica,sans-serif; font-size: 14px; font-style: normal; line-height: normal\"><font color=\"#000000\">Luego al medio d\u00eda almuerzo y entretenimientos. <\/font><\/div>\n<p><\/p>\n<div style=\"font-family: Arial,Helvetica,sans-serif; font-size: 14px; font-style: normal; line-height: normal\"><font color=\"#000000\">\u00a0<\/font><\/div>\n<div>\u00a0<\/div>\n<p><\/div>\n<\/div>\n<p>\u00a0<\/p><\/div>\n<p>\u00a0<\/p><\/div>\n","protected":false},"excerpt":{"rendered":"<div class=\"mh-excerpt\"><div align=\"left\">\n<div style=\"text-align: center\"><img loading=\"lazy\" decoding=\"async\" src=\"https:\/\/scontent-grt2-1.xx.fbcdn.net\/v\/t1.0-9\/1506053_578094348953727_329175415_n.jpg?oh=6ae2ca764c76de548d2dfd0cfd6e726f&#038;oe=57C7D30C\" border=\"0\" width=\"234\" height=\"166\" \/><\/div>\n<\/div>","protected":false},"author":1,"featured_media":0,"comment_status":"closed","ping_status":"open","sticky":false,"template":"","format":"standard","meta":{"footnotes":""},"categories":[28],"tags":[],"class_list":["post-1225","post","type-post","status-publish","format-standard","hentry","category-latest-news"],"_links":{"self":[{"href":"https:\/\/www.obispadorqta.org.ar\/v3\/wp-json\/wp\/v2\/posts\/1225","targetHints":{"allow":["GET"]}}],"collection":[{"href":"https:\/\/www.obispadorqta.org.ar\/v3\/wp-json\/wp\/v2\/posts"}],"about":[{"href":"https:\/\/www.obispadorqta.org.ar\/v3\/wp-json\/wp\/v2\/types\/post"}],"author":[{"embeddable":true,"href":"https:\/\/www.obispadorqta.org.ar\/v3\/wp-json\/wp\/v2\/users\/1"}],"replies":[{"embeddable":true,"href":"https:\/\/www.obispadorqta.org.ar\/v3\/wp-json\/wp\/v2\/comments?post=1225"}],"version-history":[{"count":1,"href":"https:\/\/www.obispadorqta.org.ar\/v3\/wp-json\/wp\/v2\/posts\/1225\/revisions"}],"predecessor-version":[{"id":1458,"href":"https:\/\/www.obispadorqta.org.ar\/v3\/wp-json\/wp\/v2\/posts\/1225\/revisions\/1458"}],"wp:attachment":[{"href":"https:\/\/www.obispadorqta.org.ar\/v3\/wp-json\/wp\/v2\/media?parent=1225"}],"wp:term":[{"taxonomy":"category","embeddable":true,"href":"https:\/\/www.obispadorqta.org.ar\/v3\/wp-json\/wp\/v2\/categories?post=1225"},{"taxonomy":"post_tag","embeddable":true,"href":"https:\/\/www.obispadorqta.org.ar\/v3\/wp-json\/wp\/v2\/tags?post=1225"}],"curies":[{"name":"wp","href":"https:\/\/api.w.org\/{rel}","templated":true}]}}