{"id":1227,"date":"2016-06-27T12:21:16","date_gmt":"2016-06-27T12:21:16","guid":{"rendered":"http:\/\/www.obispadorqta.org.ar\/v3\/avisos-parroquiales-19\/"},"modified":"2017-04-17T14:21:59","modified_gmt":"2017-04-17T14:21:59","slug":"avisos-parroquiales-19","status":"publish","type":"post","link":"https:\/\/www.obispadorqta.org.ar\/v3\/avisos-parroquiales-19\/","title":{"rendered":"AVISOS PARROQUIALES"},"content":{"rendered":"<div align=\"left\">\n<div style=\"text-align: center\"><img loading=\"lazy\" decoding=\"async\" src=\"https:\/\/scontent-grt2-1.xx.fbcdn.net\/v\/t1.0-9\/1506053_578094348953727_329175415_n.jpg?oh=6ae2ca764c76de548d2dfd0cfd6e726f&#038;oe=57C7D30C\" border=\"0\" width=\"287\" height=\"204\" \/><\/div>\n<\/p><\/div>\n<div align=\"left\">\u00a0<\/div>\n<div align=\"left\"><font color=\"#FF0000\"><u style=\"line-height: normal\"><strong><span style=\"font-size: 12pt; line-height: 107%; font-family: 'Raspoutine Classic'\">PARROQUIA <\/span><\/strong><strong><span style=\"font-size: 12pt; line-height: 107%; font-family: 'Raspoutine Classic'\">\u201c<\/span><\/strong><strong><span style=\"font-size: 12pt; line-height: 107%; font-family: 'Raspoutine Classic'\">INMACULADA CONCEPCI<\/span><\/strong><strong><span style=\"font-size: 12pt; line-height: 107%; font-family: 'Raspoutine Classic'\">\u00d3<\/span><\/strong><strong><span style=\"font-size: 12pt; line-height: 107%; font-family: 'Raspoutine Classic'\">N<\/span><\/strong><strong><span style=\"font-size: 12pt; line-height: 107%; font-family: 'Raspoutine Classic'\">\u201d<\/span><\/strong><strong><span style=\"font-size: 12pt; line-height: 107%; font-family: 'Raspoutine Classic'\"> &#8211; RECONQUISTA<\/span><\/strong><\/u><\/font><\/div>\n<div align=\"left\">\u00a0<\/div>\n<div align=\"justify\" style=\"font-family: Verdana,Arial,Helvetica,sans-serif; font-size: 14px; font-style: normal; line-height: normal\"><font style=\"font-family: Arial,Helvetica,sans-serif; font-size: 12px; font-style: normal; line-height: normal\" color=\"#000000\"><u><strong>SOLEMNIDAD DE SAN PEDRO Y SAN PABLO. D\u00eda del Papa:<\/strong><\/u> lo celebraremos en las misas del mi\u00e9rcoles 29 en catedral. Rezaremos especialmente por el Papa Francisco, por su vida, su servicio en la Iglesia y sus intenciones.<\/font><\/div>\n<div align=\"justify\" style=\"font-family: Verdana,Arial,Helvetica,sans-serif; font-size: 14px; font-style: normal; line-height: normal\">\u00a0<\/div>\n<div align=\"justify\" style=\"font-family: Verdana,Arial,Helvetica,sans-serif; font-size: 14px; font-style: normal; line-height: normal\"><font style=\"font-family: Arial,Helvetica,sans-serif; font-size: 12px; font-style: normal; line-height: normal\" color=\"#000000\"><u><strong>ADORACI\u00d3N AL SANT\u00cdSIMO:<\/strong><\/u> en Catedral el viernes 1\u00ba de julio de 07:00 de la ma\u00f1ana a 19:00 hs.<\/font><\/div>\n<div align=\"justify\" style=\"font-family: Verdana,Arial,Helvetica,sans-serif; font-size: 14px; font-style: normal; line-height: normal\">\u00a0<\/div>\n<div align=\"justify\" style=\"font-family: Verdana,Arial,Helvetica,sans-serif; font-size: 14px; font-style: normal; line-height: normal\"><font style=\"font-family: Arial,Helvetica,sans-serif; font-size: 12px; font-style: normal; line-height: normal\" color=\"#000000\"><u><strong>MISA ANIMADA POR LA RENOVACI\u00d3N CARISM\u00c1TICA:<\/strong><\/u> se celebrar\u00e1 el viernes 1\u00ba de julio a las 20:15 hs en Capilla Esp\u00edritu Santo.<\/font><\/div>\n<div align=\"justify\" style=\"font-family: Verdana,Arial,Helvetica,sans-serif; font-size: 14px; font-style: normal; line-height: normal\">\u00a0<\/div>\n<div align=\"justify\" style=\"font-family: Verdana,Arial,Helvetica,sans-serif; font-size: 14px; font-style: normal; line-height: normal\"><font style=\"font-family: Arial,Helvetica,sans-serif; font-size: 12px; font-style: normal; line-height: normal\" color=\"#000000\"><u><strong>CURSO DE FORMACION DE LITURGIA 1\u00ba NIVEL:<\/strong><\/u> el\u00a0s\u00e1bados 02 de julio a las 16:00 hs en capilla Virgen de Lourdes\u00a0(barrio La Cortada).<\/font><\/div>\n<div align=\"justify\" style=\"font-family: Verdana,Arial,Helvetica,sans-serif; font-size: 14px; font-style: normal; line-height: normal\">\u00a0<\/div>\n<div align=\"justify\" style=\"font-family: Verdana,Arial,Helvetica,sans-serif; font-size: 14px; font-style: normal; line-height: normal\"><font style=\"font-family: Arial,Helvetica,sans-serif; font-size: 12px; font-style: normal; line-height: normal\" color=\"#000000\"><u><strong>CURSILLO DE NOVIOS: <\/strong><\/u>Se realizar\u00e1 el domingo 3 en el sal\u00f3n parroquial de 07:30 a 12:30 Hs.<\/font><\/div>\n<div align=\"justify\" style=\"font-family: Verdana,Arial,Helvetica,sans-serif; font-size: 14px; font-style: normal; line-height: normal\">\u00a0<\/div>\n<div align=\"justify\" style=\"font-family: Verdana,Arial,Helvetica,sans-serif; font-size: 14px; font-style: normal; line-height: normal\"><font style=\"font-family: Arial,Helvetica,sans-serif; font-size: 12px; font-style: normal; line-height: normal\" color=\"#000000\"><u><strong>BONO CONTRIBUCION &#8211; CAPILLA BARRIO SARMIENTO COMPARTIDO CON LA IGLESIA CATEDRAL:<\/strong><\/u> adquirir los bonos en secretaria parroquial.<\/font><\/div>\n<div align=\"justify\" style=\"font-family: Verdana,Arial,Helvetica,sans-serif; font-size: 14px; font-style: normal; line-height: normal\">\u00a0<\/div>\n<div align=\"justify\" style=\"font-family: Verdana,Arial,Helvetica,sans-serif; font-size: 14px; font-style: normal; line-height: normal\"><font style=\"font-family: Arial,Helvetica,sans-serif; font-size: 12px; font-style: normal; line-height: normal\" color=\"#000000\"><u><strong>CATEQUESIS PRE-BAUTISMAL:<\/strong><\/u> habr\u00e1 una reuni\u00f3n informativa el martes 5 de julio a las 16:30 hs, para todas las personas interesadas en colaborar con este servicio.<\/font><\/div>\n<div align=\"justify\" style=\"font-family: Verdana,Arial,Helvetica,sans-serif; font-size: 14px; font-style: normal; line-height: normal\">\u00a0<\/div>\n<div align=\"justify\" style=\"font-family: Verdana,Arial,Helvetica,sans-serif; font-size: 14px; font-style: normal; line-height: normal\"><u><strong><font style=\"font-family: Arial,Helvetica,sans-serif; font-size: 12px; font-style: normal; line-height: normal\" color=\"#000000\">MISAS DE LA SEMANA<\/font><\/strong><\/u><\/div>\n<div align=\"justify\" style=\"font-family: Verdana,Arial,Helvetica,sans-serif; font-size: 14px; font-style: normal; line-height: normal\">\u00a0<\/div>\n<div align=\"justify\" style=\"font-family: Verdana,Arial,Helvetica,sans-serif; font-size: 14px; font-style: normal; line-height: normal\"><strong><font style=\"font-family: Arial,Helvetica,sans-serif; font-size: 12px; font-style: normal; line-height: normal\" color=\"#000000\">Martes 28 de junio al viernes 1\u00ba de Julio<\/font><\/strong><\/div>\n<div align=\"justify\" style=\"font-family: Verdana,Arial,Helvetica,sans-serif; font-size: 14px; font-style: normal; line-height: normal\"><font style=\"font-family: Arial,Helvetica,sans-serif; font-size: 12px; font-style: normal; line-height: normal\" color=\"#000000\">06:30\u00a0\u00a0 Catedral<\/font><\/div>\n<div align=\"justify\" style=\"font-family: Verdana,Arial,Helvetica,sans-serif; font-size: 14px; font-style: normal; line-height: normal\"><font style=\"font-family: Arial,Helvetica,sans-serif; font-size: 12px; font-style: normal; line-height: normal\" color=\"#000000\">19:15\u00a0\u00a0 Catedral<\/font><\/div>\n<div align=\"justify\" style=\"font-family: Verdana,Arial,Helvetica,sans-serif; font-size: 14px; font-style: normal; line-height: normal\">\u00a0<\/div>\n<div align=\"justify\" style=\"font-family: Arial,Helvetica,sans-serif; font-size: 12px; font-style: normal; line-height: normal\"><strong><font color=\"#000000\">S\u00e1bado 02 <\/font><\/strong><br \/><font color=\"#000000\">17:30\u00a0\u00a0 Capilla Buen Pastor (Bo. Noreste)<\/font><br \/><font color=\"#000000\">18:30\u00a0\u00a0 Capilla Transfiguraci\u00f3n del Se\u00f1or (Bo Fraternidad)<\/font><br \/><font color=\"#000000\">19:00\u00a0\u00a0 Catedral<\/font><br \/><font color=\"#000000\">20:00\u00a0\u00a0 Capilla Esp\u00edritu Santo (Bo San Mart\u00edn)<\/font><\/div>\n<div align=\"justify\" style=\"font-family: Verdana,Arial,Helvetica,sans-serif; font-size: 14px; font-style: normal; line-height: normal\">\u00a0<\/div>\n<div align=\"justify\" style=\"font-family: Arial,Helvetica,sans-serif; font-size: 12px; font-style: normal; line-height: normal\"><strong><font color=\"#000000\">Domingo 03<\/font><\/strong><br \/><font color=\"#000000\">09:00\u00a0\u00a0 Capilla Jes\u00fas de la Buena Esperanza (B\u00ba Las Ranas)<\/font><br \/><font color=\"#000000\">10:00\u00a0\u00a0 Catedral<\/font><\/div>\n<div align=\"justify\" style=\"font-family: Arial,Helvetica,sans-serif; font-size: 12px; font-style: normal; line-height: normal\"><font color=\"#000000\">19:00\u00a0\u00a0 Catedral<\/font><br \/><font color=\"#000000\">19:00\u00a0\u00a0 Capilla Itat\u00ed (Bo. Sarmiento)<\/font><\/div>\n<p><\/p>\n<div align=\"left\">\u00a0<\/div>\n<p><\/p>\n<div align=\"left\"><font color=\"#FF0000\"><u style=\"line-height: normal\"><strong><span style=\"font-size: 12pt; line-height: 107%; font-family: 'Raspoutine Classic'\">PARROQUIA <\/span><\/strong><strong><span style=\"font-size: 12pt; line-height: 107%; font-family: 'Raspoutine Classic'\">\u201c<\/span><\/strong><strong><span style=\"font-size: 12pt; line-height: 107%; font-family: 'Raspoutine Classic'\">NUESTRA SE\u00d1ORA DE LA MERCED\u00bb &#8211; AVELLANEDA<\/span><\/strong><\/u><\/font><\/div>\n<div align=\"left\">\u00a0<\/div>\n<div align=\"left\"><img loading=\"lazy\" decoding=\"async\" src=\"https:\/\/scontent-eze1-1.xx.fbcdn.net\/v\/t1.0-9\/13466451_1427767890574120_2612273492466519215_n.jpg?oh=35964035b49a3199fa3c216f66471fe1&#038;oe=58038495\" border=\"0\" width=\"352\" height=\"243\" align=\"left\" \/> <\/div>\n<div align=\"left\">\u00a0<\/div>\n<div align=\"left\">\u00a0<\/div>\n<div align=\"left\">\u00a0<\/div>\n<div align=\"left\">\u00a0<\/div>\n<div align=\"left\">\u00a0<\/div>\n<div align=\"left\">\u00a0<\/div>\n<div align=\"left\">\u00a0<\/div>\n<div align=\"left\">\u00a0<\/div>\n<div align=\"left\">\u00a0<\/div>\n<div align=\"left\">\u00a0<\/div>\n<div align=\"left\">\u00a0<\/div>\n<div align=\"left\">\u00a0<\/div>\n<div align=\"left\">\u00a0<\/div>\n<div align=\"left\">\u00a0<\/div>\n<div align=\"left\">\u00a0<\/div>\n<div align=\"left\">\u00a0<\/div>\n<div align=\"left\">\u00a0<\/div>\n<div align=\"left\">\u00a0<\/div>\n<div align=\"left\"><font color=\"#FF0000\"><u style=\"line-height: normal\"><strong><span style=\"font-size: 12pt; line-height: 107%; font-family: 'Raspoutine Classic'\">PARROQUIA <\/span><\/strong><strong><span style=\"font-size: 12pt; line-height: 107%; font-family: 'Raspoutine Classic'\">\u201c<\/span><\/strong><strong><span style=\"font-size: 12pt; line-height: 107%; font-family: 'Raspoutine Classic'\">MAR\u00cdA MADRE DE DIOS\u00bb RECONQUISTA<\/span><\/strong><\/u><\/font><\/div>\n<div align=\"left\">\u00a0<\/div>\n<div align=\"left\">\u00a0<\/div>\n<div align=\"left\">\u00a0<\/div>\n<div align=\"left\">\u00a0<\/div>\n<div style=\"font-family: Arial,Helvetica,sans-serif; font-size: 12px; font-style: normal; line-height: normal\">\n<div align=\"left\"><font color=\"#FF0000\"><u style=\"line-height: normal\"><strong><span style=\"font-size: 12pt; line-height: 107%; font-family: 'Raspoutine Classic'\">PARROQUIA <\/span><\/strong><strong><span style=\"font-size: 12pt; line-height: 107%; font-family: 'Raspoutine Classic'\">\u201c<\/span><\/strong><strong><span style=\"font-size: 12pt; line-height: 107%; font-family: 'Raspoutine Classic'\">SAN LUIS GONZAGA\u00bb &#8211; CALCHAQU\u00cd<\/span><\/strong><\/u><\/font><\/div>\n<div align=\"left\">\u00a0<\/div>\n<div><font style=\"font-family: Arial,Helvetica,sans-serif; font-size: 12px; font-style: normal; line-height: normal\" color=\"#000000\"><u><strong>MARTES 28\u00a0<\/strong><\/u> <br \/>Confesiones en la Parroquia de Malabrigo.\u00a0\u00a0 <\/font><\/div>\n<div>\u00a0<\/div>\n<div><font style=\"font-family: Arial,Helvetica,sans-serif; font-size: 12px; font-style: normal; line-height: normal\" color=\"#000000\"><u><strong>MI\u00c9RCOLES 29 <\/strong><\/u><br \/>19:30 Misa en la Capilla de Adoraci\u00f3n Perpetua.\u00a0\u00a0 <\/font><\/div>\n<div>\u00a0<\/div>\n<div><font style=\"font-family: Arial,Helvetica,sans-serif; font-size: 12px; font-style: normal; line-height: normal\" color=\"#000000\"><u><strong>JUEVES 30<\/strong><\/u><br \/>\u00a019:30 Misa en la Capilla de Adoraci\u00f3n Perpetua.\u00a0 <\/font><\/div>\n<div>\u00a0<\/div>\n<div><font style=\"font-family: Arial,Helvetica,sans-serif; font-size: 12px; font-style: normal; line-height: normal\" color=\"#000000\"><u><strong>VIERNES 1 DE JULIO \u2013 Primer viernes del mes dedicado al Sagrado Coraz\u00f3n de Jes\u00fas. <\/strong><\/u><br \/>19:30 Misa en el Templo.\u00a0 <\/font><\/div>\n<div>\u00a0<\/div>\n<div><font style=\"font-family: Arial,Helvetica,sans-serif; font-size: 12px; font-style: normal; line-height: normal\" color=\"#000000\"><u><strong>S\u00c1BADO 02\u00a0<\/strong><\/u> <\/font><\/div>\n<div><font style=\"font-family: Arial,Helvetica,sans-serif; font-size: 12px; font-style: normal; line-height: normal\" color=\"#000000\">17:00 Misa en el Templo.\u00a0\u00a0 <\/font><\/div>\n<div>\u00a0<\/div>\n<div><font style=\"font-family: Arial,Helvetica,sans-serif; font-size: 12px; font-style: normal; line-height: normal\" color=\"#000000\"><u><strong>DOMINGO 03 <\/strong><\/u><br \/>10:00 Misa en el Templo. Bendici\u00f3n de agua y objetos de devoci\u00f3n <br \/>17:00 Catequesis pre-bautismal en el Sal\u00f3n Parroquial. <br \/>19:00 Misa en el Templo. <\/font><\/div>\n<div>\u00a0<\/div>\n<div><font style=\"font-family: Arial,Helvetica,sans-serif; font-size: 12px; font-style: normal; line-height: normal\" color=\"#000000\"><strong>\u00a1GRACIAS!: <\/strong>a todas las personas e instituciones que han colaborado con la preparaci\u00f3n y celebraci\u00f3n de nuestra Fiesta Patronal. En el A\u00f1o de la Misericordia, ha sido un don de Dios para nuestra comunidad. <\/font><\/div>\n<div>\u00a0<\/div>\n<div><font style=\"font-family: Arial,Helvetica,sans-serif; font-size: 12px; font-style: normal; line-height: normal\" color=\"#000000\"><strong>CARITAS PARROQUIAL: <\/strong>informa que la Colecta Anual fue de $ 73.366,75. Agradecemos a las instituciones de la Parroquia, a los voluntarios y a toda la comunidad, especialmente los ni\u00f1os y j\u00f3venes de catequesis, la generosidad y solidaridad recibida. Dios los bendiga. <\/font><\/div>\n<div>\u00a0<\/div>\n<div><font style=\"font-family: Arial,Helvetica,sans-serif; font-size: 12px; font-style: normal; line-height: normal\" color=\"#000000\"><strong>AYUDA PARA EL SEMINARIO<\/strong>: el mes de junio corresponde a la Di\u00f3cesis de Reconquista realizar esta campa\u00f1a de aportes en alimentos no perecederos y art\u00edculos de limpieza e higiene para nuestro Seminario. Acercarlos a Secretar\u00eda o en las cajas disponibles en supermercados.\u00a0\u00a0 <\/font><\/div>\n<div align=\"left\">\u00a0<\/div>\n<div align=\"left\">\u00a0<\/div>\n<div align=\"left\">\u00a0<\/div>\n<div align=\"left\">\u00a0<\/div>\n<div align=\"left\">\n<div align=\"left\"><font color=\"#FF0000\"><u style=\"line-height: normal\"><strong><span style=\"font-size: 12pt; line-height: 107%; font-family: 'Raspoutine Classic'\">PARROQUIA <\/span><\/strong><strong><span style=\"font-size: 12pt; line-height: 107%; font-family: 'Raspoutine Classic'\">\u201c<\/span><\/strong><strong><span style=\"font-size: 12pt; line-height: 107%; font-family: 'Raspoutine Classic'\">SAN JUAN BAUTISTA\u00bb &#8211; VERA<\/span><\/strong><\/u><\/font><\/div>\n<\/div>\n<div align=\"left\"><font style=\"font-family: Arial,Helvetica,sans-serif; font-size: 12px; font-style: normal; line-height: normal\" color=\"#000000\"><u><strong><br \/><\/strong><strong>MARTES 28 al VIERNES 01\u00a0 <\/strong><\/u><br \/>19:30\u00a0 Celebraci\u00f3n de la Palabra en el Templo<\/p>\n<p><u><strong>S\u00c1BADO 02<\/strong><\/u><\/font><\/div>\n<div align=\"left\"><font style=\"font-family: Arial,Helvetica,sans-serif; font-size: 12px; font-style: normal; line-height: normal\" color=\"#000000\">19:30\u00a0 Celebraci\u00f3n de la Palabra en el Templo<br \/>\u00a0\u00a0\u00a0 <br \/><u><strong>DOMINGO 03<\/strong><\/u><\/font><\/div>\n<div align=\"left\"><font style=\"font-family: Arial,Helvetica,sans-serif; font-size: 12px; font-style: normal; line-height: normal\" color=\"#000000\">10:00\u00a0 Celebraci\u00f3n de la Palabra en el Templo<br \/>19:30\u00a0 Misa en el Templo (Vendr\u00e1 Padre Walter V\u00e9nica)<\/p>\n<p><strong><u>MARTES 05 al VIERNES 08\u00a0 <\/u><\/strong><br \/>19:30\u00a0 Celebraci\u00f3n de la Palabra en el Templo<br \/><strong><br \/><u>S\u00c1BADO 09<\/u> &#8211;\u00a0 Nuestra Se\u00f1ora de Itat\u00ed<\/strong><br \/>16:00\u00a0 Procesi\u00f3n con la Virgen de Itat\u00ed<br \/>16:30\u00a0 Misa en Capilla Virgen de Itat\u00ed (Vendr\u00e1 P. Walter V\u00e9nica)<br \/>19:30\u00a0 Celebraci\u00f3n de la Palabra en el Templo<br \/>\u00a0\u00a0\u00a0 <br \/><u><strong>DOMINGO 10<\/strong><\/u><\/font><\/div>\n<div align=\"left\"><font style=\"font-family: Arial,Helvetica,sans-serif; font-size: 12px; font-style: normal; line-height: normal\" color=\"#000000\">10:00\u00a0 Celebraci\u00f3n de la Palabra en el Templo<br \/>19:30\u00a0 Celebraci\u00f3n de la Palabra en el Templo<\/p>\n<p><u><br \/><strong>MISAS DE INICIO DE MINISTERIO PASTORAL en Malabrigo y Vera<\/strong><\/u><br \/>\u00a0\u00a0\u00a0 <strong>S\u00c1BADO 16 de julio: 19:00 hs.<\/strong> Asunci\u00f3n de Padre Rolando Gonz\u00e1lez como p\u00e1rroco de la parroquia \u201cNuestra Se\u00f1ora del Huerto\u201d, en Malabrigo.<\/p>\n<p>\u00a0\u00a0<strong>\u00a0 DOMINGO 17 de julio:\u00a0 19:30 hs.<\/strong> Asunci\u00f3n de Padre Carlos Degiusti como p\u00e1rroco de la parroquia \u201cSan Juan Bautista\u201d de Vera. En esa Misa tambi\u00e9n asume el Vicario Padre N\u00e9stor Vera y se recibir\u00e1 al Seminarista Adri\u00e1n Fun.<\/font><\/div>\n<div align=\"left\">\u00a0<\/div>\n<div align=\"left\">\u00a0<\/div>\n<div align=\"left\">\n<div align=\"left\">\u00a0<\/div>\n<div style=\"font-family: Arial,Helvetica,sans-serif; font-size: 12px; font-style: normal; line-height: normal\">\n<div align=\"left\"><font color=\"#FF0000\"><u style=\"line-height: normal\"><strong><span style=\"font-size: 12pt; line-height: 107%; font-family: 'Raspoutine Classic'\">PARROQUIA <\/span><\/strong><strong><span style=\"font-size: 12pt; line-height: 107%; font-family: 'Raspoutine Classic'\">\u201c<\/span><\/strong><strong><span style=\"font-size: 12pt; line-height: 107%; font-family: 'Raspoutine Classic'\">NUESTRA SE\u00d1ORA DEL HUERTO\u00bb &#8211; MALABRIGO<\/span><\/strong><\/u><\/font><\/div>\n<div align=\"left\">\u00a0<\/div>\n<div align=\"left\" style=\"font-family: Arial,Helvetica,sans-serif; font-size: 14px; font-style: normal; line-height: normal\"><font style=\"font-family: Arial,Helvetica,sans-serif; font-size: 12px; font-style: normal; line-height: normal\" color=\"#000000\"><u><strong>Lunes 27 <\/strong><\/u><br \/>19,30 hs Misa de la novena en el Templo <br \/><u><strong>Preparaci\u00f3n a la Fiesta Patronal<\/strong><\/u><br \/><strong>Confesiones<\/strong>: el martes 28\u00a0 de 16,30 a 21 hs<br \/><strong>Beneficios:<\/strong> contin\u00faan a la venta el bono contribuci\u00f3n y las tarjetas de pollo a la parrilla<\/p>\n<p><u><strong>Martes 28<\/strong><\/u><br \/>19,30 hs Misa de la novena en el Templo <br \/><strong>Primer viernes de mes<\/strong>: La misa de primer viernes coincide con el \u00faltimo d\u00eda de la novena, viernes 1\u00ba de julio a las 19,30 hs. <\/p>\n<p><u><strong>Mi\u00e9rcoles 29<\/strong><\/u><br \/>19,30 hs Misa de la novena en el Templo <br \/><strong>Fiesta Patronal Barrio Centro<\/strong>: Se realizar\u00e1 el domingo 10 de julio a las 08,30 hs<\/p>\n<p><u><strong>Jueves 30<\/strong><\/u><br \/>19,30 hs Misa de la novena en el Templo <br \/><strong>Cambio de p\u00e1rroco<\/strong>: La Misa de despedida del Padre Carlos se realizar\u00e1 el domingo 10 de julio a las 19 hs. Luego habr\u00e1 un compartir fraterno a la canasta<br \/>El padre Rolando Gonz\u00e1les asumir\u00e1 como p\u00e1rroco de Malabrigo el s\u00e1bado 16 de julio a las 19 hs<\/p>\n<p><u><strong>Viernes 01\/07<\/strong><\/u><br \/>19,30 hs Misa de la novena en el Templo <\/p>\n<p><u><strong>S\u00e1bado 02 \u201cFiesta Patronal\u201d<\/strong><\/u><br \/>09,45 hs Procesi\u00f3n desde la Capilla de Barrio Rinc\u00f3n<br \/>10,00 hs Solemne Misa en honor a Ntra. Sra. del Huerto, en el Templo. Ser\u00e1 transmitida por la FM Ella 97,5 y por el canal de televisi\u00f3n local en vivo y directo.<\/p>\n<p><u><strong>Domingo 03<\/strong><\/u><br \/>10,00 hs Misa en Berna<br \/>19,00 hs Misa en el Templo<\/font><\/div>\n<div align=\"left\" style=\"font-family: Arial,Helvetica,sans-serif; font-size: 14px; font-style: normal; line-height: normal\">\u00a0<\/div>\n<div align=\"left\" style=\"font-family: Arial,Helvetica,sans-serif; font-size: 14px; font-style: normal; line-height: normal\">\u00a0<\/div>\n<div align=\"left\" style=\"font-family: Arial,Helvetica,sans-serif; font-size: 14px; font-style: normal; line-height: normal\">\u00a0<\/div>\n<div align=\"left\" style=\"font-family: Arial,Helvetica,sans-serif; font-size: 14px; font-style: normal; line-height: normal\"><font color=\"#FF0000\"><u style=\"line-height: normal\"><strong><span style=\"font-size: 12pt; line-height: 107%; font-family: 'Raspoutine Classic'\">PARROQUIA <\/span><\/strong><strong><span style=\"font-size: 12pt; line-height: 107%; font-family: 'Raspoutine Classic'\">\u201c<\/span><\/strong><strong><span style=\"font-size: 12pt; line-height: 107%; font-family: 'Raspoutine Classic'\">SAGRADO CORAZ\u00d3N DE JES\u00daS\u00bb &#8211; ROMANG<\/span><\/strong><\/u><\/font><\/div>\n<div align=\"left\" style=\"font-family: Arial,Helvetica,sans-serif; font-size: 14px; font-style: normal; line-height: normal\"><font color=\"#000000\">\u00a0<\/font><\/div>\n<div align=\"left\" style=\"font-family: Arial,Helvetica,sans-serif; font-size: 12px; font-style: normal; line-height: normal\"><u><strong><font color=\"#000000\">Lunes 27<\/font><\/strong><\/u><\/div>\n<div align=\"left\" style=\"font-family: Arial,Helvetica,sans-serif; font-size: 12px; font-style: normal; line-height: normal\"><font color=\"#000000\">15,00 hs\u00a0\u00a0 Rezo del rosario en la ermita de la Virgen Schoenstatt.<br \/>\u00a0\u00a0\u00a0\u00a0\u00a0\u00a0\u00a0\u00a0\u00a0\u00a0\u00a0\u00a0\u00a0\u00a0\u00a0\u00a0\u00a0\u00a0 <br \/><u><strong>Martes 28<\/strong><\/u><\/font><\/div>\n<div align=\"left\" style=\"font-family: Arial,Helvetica,sans-serif; font-size: 12px; font-style: normal; line-height: normal\"><font color=\"#000000\">17,30 hs.\u00a0 Reuni\u00f3n Grupo de preparaci\u00f3n Kermes para la Fiesta Patronal.<br \/>\u00a0<br \/><u><strong>Jueves 30<\/strong><\/u><\/font><\/div>\n<div align=\"left\" style=\"font-family: Arial,Helvetica,sans-serif; font-size: 12px; font-style: normal; line-height: normal\"><font color=\"#000000\">21,00 hs.\u00a0 Reuni\u00f3n Grupo ambulatorio de C.E.P.A.R. en el Templo<br \/>\u00a0\u00a0\u00a0\u00a0\u00a0\u00a0\u00a0\u00a0\u00a0\u00a0\u00a0\u00a0\u00a0\u00a0\u00a0\u00a0\u00a0\u00a0 <br \/><u><strong>S\u00e1bado 02<\/strong><\/u><\/font><\/div>\n<div align=\"left\" style=\"font-family: Arial,Helvetica,sans-serif; font-size: 12px; font-style: normal; line-height: normal\"><font color=\"#000000\">15,00 hs\u00a0\u00a0 Misa en el Gusano.<br \/>17,00 hs.\u00a0 Misa en La Loma.<br \/>19,00 hs\u00a0\u00a0 Misa en Colonia Dur\u00e1n<br \/>\u00a0<br \/><u><strong>Domingo 03<\/strong><\/u><\/font><\/div>\n<div align=\"left\" style=\"font-family: Arial,Helvetica,sans-serif; font-size: 12px; font-style: normal; line-height: normal\"><font color=\"#000000\">09,00 hs.\u00a0 Misa en Las Palmas.<\/font><\/div>\n<div align=\"left\" style=\"font-family: Arial,Helvetica,sans-serif; font-size: 12px; font-style: normal; line-height: normal\"><font color=\"#000000\">17,00 hs.\u00a0 Reuni\u00f3n Grupos de Padres de C.E.P.A.R. en el Templo.<\/font><\/div>\n<div align=\"left\" style=\"font-family: Arial,Helvetica,sans-serif; font-size: 12px; font-style: normal; line-height: normal\"><font color=\"#000000\">19,00 hs.\u00a0 Misa en Templo.<\/font><br \/>\u00a0<\/div>\n<div align=\"left\">\u00a0<\/div>\n<div align=\"left\">\u00a0<\/div>\n<div><font color=\"#FF0000\"><u style=\"line-height: normal\"><strong><span style=\"font-size: 12pt; line-height: 107%; font-family: 'Raspoutine Classic'\">PARROQUIA <\/span><\/strong><strong><span style=\"font-size: 12pt; line-height: 107%; font-family: 'Raspoutine Classic'\">\u201c<\/span><\/strong><strong><span style=\"font-size: 12pt; line-height: 107%; font-family: 'Raspoutine Classic'\">SAN ROQUE\u00bb &#8211; MARGARITA<\/span><\/strong><\/u><\/font><\/div>\n<div><strong>\u00a0<\/strong><\/div>\n<div><font color=\"#000000\"><u><strong>MARTES 28 DE JUNIO<\/strong><\/u><br \/>17 HS Reuni\u00f3n de liturgia<\/p>\n<p><u><strong>MI\u00c9RCOLES 29 DE JUNIO<\/strong><\/u><br \/>17 hs Misa en Capilla de Itat\u00ed<br \/>20.30 hs Reuni\u00f3n de la comisi\u00f3n Econ\u00f3mica\u00a0 <\/p>\n<p><u><strong>VIERNES 1 DE JULIO<\/strong><\/u><br \/>18 hs Santa misa de 1er Viernes de mes al Coraz\u00f3n en el templo.<\/p>\n<p><u><strong>S\u00c1BADO 2 DE JULIO<\/strong><\/u><br \/>19 hs. Misa en el templo<\/p>\n<p><u><strong>DOMINGO 3 DE JULIO<\/strong><\/u><br \/>10 hs Misa animada por la IAM. Se invita especialmente a las familias.<br \/>19 hs Misa en el templo.<br \/><u><strong><br \/>CURSO DE 2do NIVEL PARA J\u00d3VENES RURALES<\/strong><\/u><br \/>Del lunes 11 al jueves 14 de julio en la EFA del 50<br \/>Los interesados consultar en secretar\u00eda<\/font><br \/>\u00a0<\/div>\n<div>\u00a0<\/div>\n<div>\u00a0<\/div>\n<div style=\"font-family: Arial,Helvetica,sans-serif; font-size: 12px; font-style: normal; line-height: normal\"><font color=\"#FF0000\"><u style=\"line-height: normal\"><strong><span style=\"font-size: 12pt; line-height: 107%; font-family: 'Raspoutine Classic'\">PARROQUIA <\/span><\/strong><strong><span style=\"font-size: 12pt; line-height: 107%; font-family: 'Raspoutine Classic'\">\u201c<\/span><\/strong><strong><span style=\"font-size: 12pt; line-height: 107%; font-family: 'Raspoutine Classic'\">NUESTRA SE\u00d1ORA DE ITAT\u00cd\u00bb -FORT\u00cdN OLMOS<\/span><\/strong><\/u><\/font><\/div>\n<div style=\"font-family: Arial,Helvetica,sans-serif; font-size: 12px; font-style: normal; line-height: normal\">\u00a0<\/div>\n<div style=\"font-family: Arial,Helvetica,sans-serif; font-size: 12px; font-style: normal; line-height: normal\"><font style=\"font-family: Arial,Helvetica,sans-serif; font-size: 12px; font-style: normal; line-height: normal\" color=\"#000000\"><u><strong>Viernes 01 de Julio<\/strong><\/u><br \/>17:00 hs.\u00a0 Celebraci\u00f3n en Paraje Km 12. Organizaremos para la Fiesta Patronal de la pr\u00f3xima semana.<\/p>\n<p><u><strong>S\u00e1bado 02 de Julio<\/strong><\/u><br \/>19:00 hs.\u00a0 Celebraci\u00f3n de la Palabra en el Templo Parroquial.<br \/><strong><br \/>Cambio de fecha de bautismos (por este \u00fanico mes)<\/strong><br \/>El pr\u00f3ximo s\u00e1bado 2 de julio no se realizar\u00e1 la habitual celebraci\u00f3n de bautismos en el Templo Parroquial.\u00a0 Pasar\u00e1 para el s\u00e1bado 16 de julio a las 17 hs. <br \/><\/font><\/div>\n<div>\u00a0<\/div>\n<p><\/p>\n<div align=\"left\">\u00a0<\/div>\n<div align=\"left\" style=\"font-family: Arial,Helvetica,sans-serif; font-size: 14px; font-style: normal; line-height: normal\">\n<div><font color=\"#FF0000\"><u style=\"line-height: normal\"><strong><span style=\"font-size: 12pt; line-height: 107%; font-family: 'Raspoutine Classic'\">PARROQUIA <\/span><\/strong><strong><span style=\"font-size: 12pt; line-height: 107%; font-family: 'Raspoutine Classic'\">\u201c<\/span><\/strong><strong><span style=\"font-size: 12pt; line-height: 107%; font-family: 'Raspoutine Classic'\">NUESTRA SE\u00d1ORA DEL ROSARIO\u00bb &#8211; LANTERI<\/span><\/strong><\/u><\/font><\/div>\n<p><\/p>\n<div style=\"font-family: Arial,Helvetica,sans-serif; font-size: 14px; font-style: normal; line-height: normal\"><font color=\"#000000\">\u00a0<\/font><\/div>\n<div>\u00a0<\/div>\n<p><\/div>\n<\/div>\n<p>\u00a0<\/p><\/div>\n<p>\u00a0<\/p><\/div>\n","protected":false},"excerpt":{"rendered":"<div class=\"mh-excerpt\"><div align=\"left\">\n<div style=\"text-align: center\"><img loading=\"lazy\" decoding=\"async\" src=\"https:\/\/scontent-grt2-1.xx.fbcdn.net\/v\/t1.0-9\/1506053_578094348953727_329175415_n.jpg?oh=6ae2ca764c76de548d2dfd0cfd6e726f&#038;oe=57C7D30C\" border=\"0\" width=\"287\" height=\"204\" \/><\/div>\n<\/div>","protected":false},"author":1,"featured_media":0,"comment_status":"closed","ping_status":"open","sticky":false,"template":"","format":"standard","meta":{"footnotes":""},"categories":[28],"tags":[],"class_list":["post-1227","post","type-post","status-publish","format-standard","hentry","category-latest-news"],"_links":{"self":[{"href":"https:\/\/www.obispadorqta.org.ar\/v3\/wp-json\/wp\/v2\/posts\/1227","targetHints":{"allow":["GET"]}}],"collection":[{"href":"https:\/\/www.obispadorqta.org.ar\/v3\/wp-json\/wp\/v2\/posts"}],"about":[{"href":"https:\/\/www.obispadorqta.org.ar\/v3\/wp-json\/wp\/v2\/types\/post"}],"author":[{"embeddable":true,"href":"https:\/\/www.obispadorqta.org.ar\/v3\/wp-json\/wp\/v2\/users\/1"}],"replies":[{"embeddable":true,"href":"https:\/\/www.obispadorqta.org.ar\/v3\/wp-json\/wp\/v2\/comments?post=1227"}],"version-history":[{"count":1,"href":"https:\/\/www.obispadorqta.org.ar\/v3\/wp-json\/wp\/v2\/posts\/1227\/revisions"}],"predecessor-version":[{"id":1457,"href":"https:\/\/www.obispadorqta.org.ar\/v3\/wp-json\/wp\/v2\/posts\/1227\/revisions\/1457"}],"wp:attachment":[{"href":"https:\/\/www.obispadorqta.org.ar\/v3\/wp-json\/wp\/v2\/media?parent=1227"}],"wp:term":[{"taxonomy":"category","embeddable":true,"href":"https:\/\/www.obispadorqta.org.ar\/v3\/wp-json\/wp\/v2\/categories?post=1227"},{"taxonomy":"post_tag","embeddable":true,"href":"https:\/\/www.obispadorqta.org.ar\/v3\/wp-json\/wp\/v2\/tags?post=1227"}],"curies":[{"name":"wp","href":"https:\/\/api.w.org\/{rel}","templated":true}]}}