{"id":1231,"date":"2016-07-01T13:46:46","date_gmt":"2016-07-01T13:46:46","guid":{"rendered":"http:\/\/www.obispadorqta.org.ar\/v3\/fimarccc\/"},"modified":"2016-07-01T13:46:46","modified_gmt":"2016-07-01T13:46:46","slug":"fimarccc","status":"publish","type":"post","link":"https:\/\/www.obispadorqta.org.ar\/v3\/fimarccc\/","title":{"rendered":"Asesor FIMARC"},"content":{"rendered":"<div style=\"text-align: center\"><img loading=\"lazy\" decoding=\"async\" src=\"https:\/\/fbcdn-photos-a-a.akamaihd.net\/hphotos-ak-xat1\/v\/t1.0-0\/s526x395\/13533070_1021267387969752_4762477016478441037_n.jpg?oh=a132f5975f5f4a953a01f4f8772b3f28&#038;oe=57FE130D&#038;__gda__=1476919974_53c9c6d8fd7cd21fd30cb65462ec41df\" border=\"0\" width=\"391\" height=\"395\" \/><\/div>\n<div>\u00a0<\/div>\n<div style=\"text-align: justify\"><span style=\"color: #1d2129; font-family: helvetica, arial, sans-serif; font-size: 14px; line-height: 19.32px\">El Pbro. Tom\u00e1s Jos\u00e9 Spanghero, actual p\u00e1rroco de la parroquia \u00abInmaculada Concepci\u00f3n\u00bb de Villa Ocampo, asesor del Movimiento Rural Diocesano, ha sido nombrado Asistente (asesor) de la Federaci\u00f3n Internacional de Movimientos de adultos cat\u00f3licos vinculados al mundo rural (FIMARC, seg\u00fan su sigla en ingl\u00e9s).<\/span><\/div>\n<div style=\"text-align: justify\">\u00a0<\/div>\n<p><span style=\"color: #1d2129; font-family: helvetica, arial, sans-serif; font-size: 14px; line-height: 19.32px\">Nos alegramos de con esta noticia y pedimos oraciones por su misi\u00f3n.<\/span><\/p>\n","protected":false},"excerpt":{"rendered":"<div class=\"mh-excerpt\"><p>\u00a0 El Pbro. Tom\u00e1s Jos\u00e9 Spanghero, actual p\u00e1rroco de la parroquia \u00abInmaculada Concepci\u00f3n\u00bb de Villa Ocampo, asesor del Movimiento Rural Diocesano, ha sido nombrado Asistente <a class=\"mh-excerpt-more\" href=\"https:\/\/www.obispadorqta.org.ar\/v3\/fimarccc\/\" title=\"Asesor FIMARC\">[&#8230;]<\/a><\/p>\n<\/div>","protected":false},"author":1,"featured_media":0,"comment_status":"open","ping_status":"open","sticky":false,"template":"","format":"standard","meta":{"footnotes":""},"categories":[28],"tags":[],"class_list":["post-1231","post","type-post","status-publish","format-standard","hentry","category-latest-news"],"_links":{"self":[{"href":"https:\/\/www.obispadorqta.org.ar\/v3\/wp-json\/wp\/v2\/posts\/1231","targetHints":{"allow":["GET"]}}],"collection":[{"href":"https:\/\/www.obispadorqta.org.ar\/v3\/wp-json\/wp\/v2\/posts"}],"about":[{"href":"https:\/\/www.obispadorqta.org.ar\/v3\/wp-json\/wp\/v2\/types\/post"}],"author":[{"embeddable":true,"href":"https:\/\/www.obispadorqta.org.ar\/v3\/wp-json\/wp\/v2\/users\/1"}],"replies":[{"embeddable":true,"href":"https:\/\/www.obispadorqta.org.ar\/v3\/wp-json\/wp\/v2\/comments?post=1231"}],"version-history":[{"count":0,"href":"https:\/\/www.obispadorqta.org.ar\/v3\/wp-json\/wp\/v2\/posts\/1231\/revisions"}],"wp:attachment":[{"href":"https:\/\/www.obispadorqta.org.ar\/v3\/wp-json\/wp\/v2\/media?parent=1231"}],"wp:term":[{"taxonomy":"category","embeddable":true,"href":"https:\/\/www.obispadorqta.org.ar\/v3\/wp-json\/wp\/v2\/categories?post=1231"},{"taxonomy":"post_tag","embeddable":true,"href":"https:\/\/www.obispadorqta.org.ar\/v3\/wp-json\/wp\/v2\/tags?post=1231"}],"curies":[{"name":"wp","href":"https:\/\/api.w.org\/{rel}","templated":true}]}}