{"id":1232,"date":"2016-07-04T11:15:07","date_gmt":"2016-07-04T11:15:07","guid":{"rendered":"http:\/\/www.obispadorqta.org.ar\/v3\/avisos-parroquiales-21\/"},"modified":"2017-04-17T14:21:33","modified_gmt":"2017-04-17T14:21:33","slug":"avisos-parroquiales-21","status":"publish","type":"post","link":"https:\/\/www.obispadorqta.org.ar\/v3\/avisos-parroquiales-21\/","title":{"rendered":"AVISOS PARROQUIALES"},"content":{"rendered":"<div style=\"text-align: center\"><img loading=\"lazy\" decoding=\"async\" src=\"https:\/\/scontent-grt2-1.xx.fbcdn.net\/v\/t1.0-9\/1506053_578094348953727_329175415_n.jpg?oh=6ae2ca764c76de548d2dfd0cfd6e726f&#038;oe=57C7D30C\" border=\"0\" width=\"300\" height=\"214\" align=\"middle\" \/><\/div>\n<div align=\"left\">\u00a0 <\/div>\n<div align=\"left\"><font color=\"#FF0000\"><u style=\"line-height: normal\"><strong><span style=\"font-size: 12pt; line-height: 107%; font-family: 'Raspoutine Classic'\">PARROQUIA <\/span><\/strong><strong><span style=\"font-size: 12pt; line-height: 107%; font-family: 'Raspoutine Classic'\">\u201c<\/span><\/strong><strong><span style=\"font-size: 12pt; line-height: 107%; font-family: 'Raspoutine Classic'\">INMACULADA CONCEPCI<\/span><\/strong><strong><span style=\"font-size: 12pt; line-height: 107%; font-family: 'Raspoutine Classic'\">\u00d3<\/span><\/strong><strong><span style=\"font-size: 12pt; line-height: 107%; font-family: 'Raspoutine Classic'\">N<\/span><\/strong><strong><span style=\"font-size: 12pt; line-height: 107%; font-family: 'Raspoutine Classic'\">\u201d<\/span><\/strong><strong><span style=\"font-size: 12pt; line-height: 107%; font-family: 'Raspoutine Classic'\"> &#8211; RECONQUISTA<\/span><\/strong><\/u><\/font><\/div>\n<div align=\"left\"><font color=\"#000000\">\u00a0<\/font><\/div>\n<div align=\"left\"><font style=\"font-family: Arial,Helvetica,sans-serif; font-size: 12px; font-style: normal; line-height: normal\" color=\"#000000\"><u><strong>FIESTA PATRONAL\u00a0VIRGEN DE ITAT\u00cd, Barrio Sarmiento:<\/strong><\/u> -Charlas y misas\u00a0en la capilla: del\u00a0lunes 4 al viernes 8 a las 18 hs a\u00a0cargo del Padre Mariano Oberto.\u00a0 &#8211; Procesi\u00f3n y misa: s\u00e1bado 9 a las 17:00 hs. \u00a0\u00a0Se comienza\u00a0\u00a0 a caminar desde Centro Cultural La Estaci\u00f3n por calle Roca, luego se celebrar\u00e1 la santa misa en la capilla.<\/font><\/div>\n<div align=\"left\">\u00a0<\/div>\n<div align=\"left\"><font style=\"font-family: Arial,Helvetica,sans-serif; font-size: 12px; font-style: normal; line-height: normal\" color=\"#000000\"><u><strong>CATEQUESIS PRE-BAUTISMAL: <\/strong><\/u>habr\u00e1 una reuni\u00f3n informativa el martes 5 de julio a las 16:30 hs, para todas las personas interesadas en colaborar con este servicio. <\/font><\/div>\n<div align=\"left\">\u00a0<\/div>\n<div align=\"left\"><font style=\"font-family: Arial,Helvetica,sans-serif; font-size: 12px; font-style: normal; line-height: normal\" color=\"#000000\"><u><strong>CELEBRACI\u00d3N ECUM\u00c9NICA EN EL DIA DE LA INDEPENDENCIA:<\/strong><\/u> Con la participaci\u00f3n de pastores de distintas iglesias se invita a participar de la CELEBRACI\u00d3N DE ACCI\u00d3N DE GRACIAS POR LA PATRIA el s\u00e1bado 9 de julio a las 9:00 hs en Catedral.<\/font><\/div>\n<div align=\"left\">\u00a0<\/div>\n<div align=\"left\"><font style=\"font-family: Arial,Helvetica,sans-serif; font-size: 12px; font-style: normal; line-height: normal\" color=\"#000000\"><u><strong>SECRETARIA PARROQUIAL: <\/strong><\/u>Se comunica que desde el martes 12 al viernes 15 de julio se atender\u00e1 solo por la tarde de 16 a 19 Hs.<\/font><\/div>\n<div align=\"left\">\u00a0<\/div>\n<div align=\"left\"><font style=\"font-family: Arial,Helvetica,sans-serif; font-size: 12px; font-style: normal; line-height: normal\" color=\"#000000\"><u><strong>MISAS DE LA SEMANA<\/strong><\/u><\/font><\/div>\n<div align=\"left\">\u00a0<\/div>\n<div align=\"left\"><font style=\"font-family: Arial,Helvetica,sans-serif; font-size: 12px; font-style: normal; line-height: normal\" color=\"#000000\"><strong>Martes 05 a viernes 08<\/strong><br \/>06:30\u00a0\u00a0 Catedral<br \/>19:15\u00a0\u00a0 Catedral<\/font><\/div>\n<div align=\"left\">\u00a0<\/div>\n<div align=\"left\"><font style=\"font-family: Arial,Helvetica,sans-serif; font-size: 12px; font-style: normal; line-height: normal\" color=\"#000000\"><strong>S\u00e1bado 09<\/strong><br \/>17:00\u00a0\u00a0 Capilla Virgen de Itati (B\u00ba Sarmiento) Procesi\u00f3n y misa<br \/>\u00a0\u00a0\u00a0\u00a0\u00a0\u00a0\u00a0\u00a0\u00a0\u00a0\u00a0\u00a0 <strong>Procesi\u00f3n sale desde Centro Cultural La Estaci\u00f3n por calle Roca<\/strong><br \/>17:30\u00a0\u00a0 Capilla Virgen de Lourdes (Bo La Cortada) <br \/>18:30\u00a0\u00a0 Capilla Transfiguraci\u00f3n del Se\u00f1or (Bo. Fraternidad) <br \/>19:00\u00a0\u00a0 Catedral <br \/>20:00\u00a0\u00a0 Capilla Esp\u00edritu Santo (Bo. San Mart\u00edn) <\/font><\/div>\n<div align=\"left\">\u00a0<\/div>\n<div align=\"left\"><font style=\"font-family: Arial,Helvetica,sans-serif; font-size: 12px; font-style: normal; line-height: normal\" color=\"#000000\"><strong>Domingo 10<\/strong><br \/>09:00\u00a0\u00a0 Capilla Itat\u00ed (B\u00ba Ombusal)<br \/>10:30\u00a0\u00a0 Catedral<br \/>19:00\u00a0\u00a0 Catedral <\/font><\/div>\n<div align=\"left\">\u00a0<\/div>\n<div align=\"left\">\u00a0<\/div>\n<div align=\"left\"><font color=\"#FF0000\"><u style=\"line-height: normal\"><strong><span style=\"font-size: 12pt; line-height: 107%; font-family: 'Raspoutine Classic'\">PARROQUIA <\/span><\/strong><strong><span style=\"font-size: 12pt; line-height: 107%; font-family: 'Raspoutine Classic'\">\u201c<\/span><\/strong><strong><span style=\"font-size: 12pt; line-height: 107%; font-family: 'Raspoutine Classic'\">NUESTRA SE\u00d1ORA DE LA MERCED\u00bb &#8211; AVELLANEDA<\/span><\/strong><\/u><\/font><\/div>\n<div align=\"left\">\u00a0<\/div>\n<div align=\"left\"><img loading=\"lazy\" decoding=\"async\" src=\"https:\/\/scontent-eze1-1.xx.fbcdn.net\/v\/t1.0-9\/13590265_1436911876326388_7837812285119466657_n.jpg?oh=fda33659c6b783af20dc8d5f6584a4ca&#038;oe=58005D8D\" border=\"0\" width=\"338\" height=\"364\" \/> <\/div>\n<div align=\"left\">\u00a0<\/div>\n<p><img loading=\"lazy\" decoding=\"async\" src=\"https:\/\/scontent-eze1-1.xx.fbcdn.net\/v\/t1.0-9\/13592172_1436901012994141_6332055281263659337_n.jpg?oh=77557796ec2520aa0acf63fe169d4bba&#038;oe=57FD47B8\" border=\"0\" width=\"305\" height=\"193\" \/><\/p>\n<div align=\"left\">\u00a0<\/div>\n<div align=\"left\">\u00a0<\/div>\n<div align=\"left\">\u00a0<\/div>\n<div align=\"left\"><font color=\"#FF0000\"><u style=\"line-height: normal\"><strong><span style=\"font-size: 12pt; line-height: 107%; font-family: 'Raspoutine Classic'\">PARROQUIA <\/span><\/strong><strong><span style=\"font-size: 12pt; line-height: 107%; font-family: 'Raspoutine Classic'\">\u201c<\/span><\/strong><strong><span style=\"font-size: 12pt; line-height: 107%; font-family: 'Raspoutine Classic'\">SAN ROQUE\u00bb &#8211; RECONQUISTA<\/span><\/strong><\/u><\/font><\/div>\n<div align=\"left\">\u00a0<\/div>\n<div align=\"left\"><font style=\"font-family: Arial,Helvetica,sans-serif; font-size: 12px; font-style: normal; line-height: normal\" color=\"#000000\"><strong>MARTES 5<\/strong><br \/>19:30\u00a0\u00a0 MISA EN EL TEMPLO <\/font><\/div>\n<div align=\"left\"><font style=\"font-family: Arial,Helvetica,sans-serif; font-size: 12px; font-style: normal; line-height: normal\" color=\"#000000\"><br \/><strong>MIERCOLES 6<\/strong><br \/>19:30\u00a0\u00a0 MISA EN EL TEMPLO<\/font><\/div>\n<div align=\"left\">\u00a0<\/div>\n<div align=\"left\"><font style=\"font-family: Arial,Helvetica,sans-serif; font-size: 12px; font-style: normal; line-height: normal\" color=\"#000000\"><strong>JUEVES 7<\/strong><br \/>19:30\u00a0\u00a0 MISA EN EL TEMPLO <\/font><\/div>\n<div align=\"left\"><font style=\"font-family: Arial,Helvetica,sans-serif; font-size: 12px; font-style: normal; line-height: normal\" color=\"#000000\">20:30\u00a0\u00a0 REUNION DEL CONSEJO PASTORAL PARROQUIAL<\/font><\/div>\n<div align=\"left\">\u00a0<\/div>\n<div align=\"left\"><font style=\"font-family: Arial,Helvetica,sans-serif; font-size: 12px; font-style: normal; line-height: normal\" color=\"#000000\"><strong>VIERNES 8<\/strong><br \/>19:30\u00a0\u00a0 MISA EN EL TEMPLO<\/font><\/div>\n<div align=\"left\">\u00a0<\/div>\n<div align=\"left\"><font style=\"font-family: Arial,Helvetica,sans-serif; font-size: 12px; font-style: normal; line-height: normal\" color=\"#000000\"><strong>SABADO 9<\/strong><br \/>10:00\u00a0\u00a0 MISA DE FIESTA PATRONAL EN NTRA. SRA. DE ITATI- MALVINAS<\/font><\/div>\n<div align=\"left\"><font style=\"font-family: Arial,Helvetica,sans-serif; font-size: 12px; font-style: normal; line-height: normal\" color=\"#000000\">20:00\u00a0\u00a0 MISA EN EL TEMPLO<\/font><\/div>\n<div align=\"left\">\u00a0<\/div>\n<div align=\"left\"><font style=\"font-family: Arial,Helvetica,sans-serif; font-size: 12px; font-style: normal; line-height: normal\" color=\"#000000\"><strong>DOMINGO 10<\/strong><br \/>10:30\u00a0\u00a0 MISA EN MEDALLA MILAGROSA<\/font><\/div>\n<div align=\"left\"><font style=\"font-family: Arial,Helvetica,sans-serif; font-size: 12px; font-style: normal; line-height: normal\" color=\"#000000\">20:00\u00a0\u00a0 MISA EN EL TEMPLO<\/font> <\/div>\n<div align=\"left\">\u00a0<\/div>\n<p><\/p>\n<div align=\"left\">\u00a0<\/div>\n<div align=\"left\">\n<div align=\"left\"><font color=\"#FF0000\"><u style=\"line-height: normal\"><strong><span style=\"font-size: 12pt; line-height: 107%; font-family: 'Raspoutine Classic'\">PARROQUIA <\/span><\/strong><strong><span style=\"font-size: 12pt; line-height: 107%; font-family: 'Raspoutine Classic'\">\u201c<\/span><\/strong><strong><span style=\"font-size: 12pt; line-height: 107%; font-family: 'Raspoutine Classic'\">SAN LUIS GONZAGA\u00bb &#8211; CALCHAQU\u00cd<\/span><\/strong><\/u><\/font><\/div>\n<div align=\"left\">\u00a0<\/div>\n<p><\/p>\n<div align=\"left\">\u00a0<\/div>\n<div align=\"left\">\u00a0<\/div>\n<div>\n<div align=\"left\"><font color=\"#FF0000\"><u style=\"line-height: normal\"><strong><span style=\"font-size: 12pt; line-height: 107%; font-family: 'Raspoutine Classic'\">PARROQUIA <\/span><\/strong><strong><span style=\"font-size: 12pt; line-height: 107%; font-family: 'Raspoutine Classic'\">\u201c<\/span><\/strong><strong><span style=\"font-size: 12pt; line-height: 107%; font-family: 'Raspoutine Classic'\">SAN JUAN BAUTISTA\u00bb &#8211; VERA<\/span><\/strong><\/u><\/font><\/div>\n<div align=\"left\">\u00a0<\/div>\n<p><\/p>\n<div align=\"left\"><font color=\"#000000\">\u00a0<\/font><\/div>\n<div align=\"left\">\u00a0<\/div>\n<div align=\"left\">\u00a0<\/div>\n<div>\n<div align=\"left\"><font color=\"#FF0000\"><u style=\"line-height: normal\"><strong><span style=\"font-size: 12pt; line-height: 107%; font-family: 'Raspoutine Classic'\">PARROQUIA <\/span><\/strong><strong><span style=\"font-size: 12pt; line-height: 107%; font-family: 'Raspoutine Classic'\">\u201c<\/span><\/strong><strong><span style=\"font-size: 12pt; line-height: 107%; font-family: 'Raspoutine Classic'\">NUESTRA SE\u00d1ORA DEL HUERTO\u00bb &#8211; MALABRIGO<\/span><\/strong><\/u><\/font><\/div>\n<div align=\"left\">\u00a0<\/div>\n<p><\/p>\n<div align=\"left\">\u00a0<\/div>\n<div align=\"left\">\u00a0<\/div>\n<div align=\"left\">\u00a0<\/div>\n<div align=\"left\"><font color=\"#FF0000\"><u style=\"line-height: normal\"><strong><span style=\"font-size: 12pt; line-height: 107%; font-family: 'Raspoutine Classic'\">PARROQUIA <\/span><\/strong><strong><span style=\"font-size: 12pt; line-height: 107%; font-family: 'Raspoutine Classic'\">\u201c<\/span><\/strong><strong><span style=\"font-size: 12pt; line-height: 107%; font-family: 'Raspoutine Classic'\">SAGRADO CORAZ\u00d3N DE JES\u00daS\u00bb &#8211; ROMANG<\/span><\/strong><\/u><\/font><\/div>\n<div align=\"left\">\u00a0<\/div>\n<div align=\"left\"><u><strong><font style=\"font-family: Arial,Helvetica,sans-serif; font-size: 12px; font-style: normal; line-height: normal\" color=\"#000000\">Lunes 04<\/font><\/strong><\/u><\/div>\n<div align=\"left\"><font style=\"font-family: Arial,Helvetica,sans-serif; font-size: 12px; font-style: normal; line-height: normal\" color=\"#000000\">15,00 hs. Rezo del Rosario en la ermita de la Virgen de Schoenstatt <br \/>\u00a0<br \/><u><strong>Martes 05<\/strong><\/u><\/font><\/div>\n<div align=\"left\"><font style=\"font-family: Arial,Helvetica,sans-serif; font-size: 12px; font-style: normal; line-height: normal\" color=\"#000000\">15,00 hs. Misa en San Roque.<br \/>17,00 hs. Misa en La Mar\u00eda.<br \/>\u00a0<br \/><u><strong>Mi\u00e9rcoles 06<\/strong><\/u><\/font><\/div>\n<div align=\"left\"><font style=\"font-family: Arial,Helvetica,sans-serif; font-size: 12px; font-style: normal; line-height: normal\" color=\"#000000\">19,30 hs Reuni\u00f3n evaluaci\u00f3n Kermesse.<\/font><\/div>\n<div align=\"left\"><font style=\"font-family: Arial,Helvetica,sans-serif; font-size: 12px; font-style: normal; line-height: normal\" color=\"#000000\">21,00 hs Reuni\u00f3n Comisi\u00f3n CEPAR<br \/>\u00a0<br \/><u><strong>Jueves 07<\/strong><\/u><\/font><\/div>\n<div align=\"left\"><font style=\"font-family: Arial,Helvetica,sans-serif; font-size: 12px; font-style: normal; line-height: normal\" color=\"#000000\">18,00 hs. Adoraci\u00f3n al Sant\u00edsimo rezando por nuestra Di\u00f3cesis y por las vocaciones.<br \/>19,00 hs. Misa en el templo.<br \/>20,00 hs. Reuni\u00f3n grupo ambulatorio de CEPAR.<br \/>\u00a0<br \/><u><strong>Viernes 08<\/strong><\/u><\/font><\/div>\n<div align=\"left\"><font style=\"font-family: Arial,Helvetica,sans-serif; font-size: 12px; font-style: normal; line-height: normal\" color=\"#000000\">19,30 hs. Inicio Novena Patronal Capilla Costa Itat\u00ed<br \/>\u00a0<br \/><u><strong>S\u00e1bado 09<\/strong><\/u><\/font><\/div>\n<div align=\"left\"><font style=\"font-family: Arial,Helvetica,sans-serif; font-size: 12px; font-style: normal; line-height: normal\" color=\"#000000\">16,00 hs Bautismos.\u00a0\u00a0\u00a0\u00a0 <br \/>19,00 hs. Misa en Costa Itat\u00ed. Luego encuentro sobre adicciones con j\u00f3venes del \u201cBuen Samaritano\u201d<br \/>\u00a0<br \/><u><strong>Domingo 10<\/strong><\/u><\/font><\/div>\n<div align=\"left\"><font style=\"font-family: Arial,Helvetica,sans-serif; font-size: 12px; font-style: normal; line-height: normal\" color=\"#000000\">09,00 hs. Misa en Los Laureles.<br \/>09,00 hs Encuentro grupos ambulatorios de la di\u00f3cesis de Reconquista.<br \/>15,00 hs. Chocolatada y encuentro comunitario en Costa Itat\u00ed<br \/>17,00 hs. Reuni\u00f3n grupo de apoyo a padres de CEPAR.<br \/>19,00 hs. Misa en el Templo.<br \/>\u00a0<br \/><strong>1er ENCUENTRO GRUPOS AMBULATORIOS DIOCESIS RECONQUISTA:<\/strong> Ser\u00e1 este domingo 10 a partir de las 9 hs. en la Parroquia de Romang. Organiza Pastoral de prevenci\u00f3n de Adicciones, grupos ambulatorios del \u201cBuen Samaritano\u201d; coordina CEPAR. Contactarse en Reconquista: Gustavo 15569607 y Miguel 15538238; Avellaneda Lucas: 15613484; Romang 496087.<\/font><br \/>\u00a0<\/div>\n<div align=\"left\">\u00a0<\/div>\n<div align=\"left\">\u00a0<\/div>\n<div align=\"left\">\u00a0<\/div>\n<div>\n<div align=\"left\"><font color=\"#FF0000\"><u style=\"line-height: normal\"><strong><span style=\"font-size: 12pt; line-height: 107%; font-family: 'Raspoutine Classic'\">PARROQUIA <\/span><\/strong><strong><span style=\"font-size: 12pt; line-height: 107%; font-family: 'Raspoutine Classic'\">\u201c<\/span><\/strong><strong><span style=\"font-size: 12pt; line-height: 107%; font-family: 'Raspoutine Classic'\">SAN ROQUE\u00bb &#8211; MARGARITA<\/span><\/strong><\/u><\/font><\/div>\n<div align=\"left\">\u00a0<\/div>\n<div align=\"left\"><font style=\"font-family: Arial,Helvetica,sans-serif; font-size: 12px; font-style: normal; line-height: normal\" color=\"#000000\"><strong>MARTES 5 DE JULIO<\/strong><br \/>17:00\u00a0\u00a0 Reuni\u00f3n de liturgia<\/font><\/div>\n<div align=\"left\">\u00a0<\/div>\n<div align=\"left\"><font style=\"font-family: Arial,Helvetica,sans-serif; font-size: 12px; font-style: normal; line-height: normal\" color=\"#000000\"><strong>JUEVES\u00a0 7 DE JULIO <\/strong><\/font><\/div>\n<div align=\"left\"><font style=\"font-family: Arial,Helvetica,sans-serif; font-size: 12px; font-style: normal; line-height: normal\" color=\"#000000\">17:00\u00a0\u00a0 Misa en HONOR A SAN CAYETANO en el oratorio de San Cayetano<br \/><strong><br \/>VIERNES 8 DE JULIO <\/strong><br \/>18:00\u00a0\u00a0 Misa al Sagrado Coraz\u00f3n en el templo.<\/p>\n<p><strong>S\u00c1BADO 9 DE JULIO<\/strong><br \/>19:00\u00a0\u00a0 Misa en el templo<\/font><\/div>\n<div><font style=\"font-family: Arial,Helvetica,sans-serif; font-size: 12px; font-style: normal; line-height: normal\" color=\"#000000\"><strong><br \/>DOMINGO 10 DE JULIO<\/strong><br \/>19:00\u00a0\u00a0 Misa en el templo.<\/p>\n<p><strong>CURSO DE 2do. NIVEL PARA J\u00d3VENES RURALES<\/strong><br \/><strong>Del lunes 11 al jueves 14 de Julio en la EFA del 50<br \/>Los interesados consultar en secretar\u00eda<\/strong><\/p>\n<p><strong>BAUTISMOS S\u00c1BADO 16 DE JULIO<\/strong><\/p>\n<p><strong>Ya est\u00e1n a la venta los bonos contribuci\u00f3n de la Parroquia. VALOR $100<\/strong><\/font><strong><br \/>\u00a0<\/strong><\/div>\n<\/div>\n<div>\u00a0<\/div>\n<div>\u00a0<\/div>\n<div>\u00a0<\/div>\n<div><font color=\"#FF0000\"><u style=\"line-height: normal\"><strong><span style=\"font-size: 12pt; line-height: 107%; font-family: 'Raspoutine Classic'\">PARROQUIA <\/span><\/strong><strong><span style=\"font-size: 12pt; line-height: 107%; font-family: 'Raspoutine Classic'\">\u201c<\/span><\/strong><strong><span style=\"font-size: 12pt; line-height: 107%; font-family: 'Raspoutine Classic'\">NUESTRA SE\u00d1ORA DE ITAT\u00cd\u00bb -FORT\u00cdN OLMOS<\/span><\/strong><\/u><\/font><\/div>\n<div>\u00a0<\/div>\n<div><font color=\"#000000\"><strong>Jueves 7 de julio<\/strong><br \/>16 hs Celebraci\u00f3n de la misa en Fort\u00edn Chilcas<br \/>18 hs Celebraci\u00f3n de la misa en Fort\u00edn Charr\u00faa<\/font><\/div>\n<div>\u00a0<\/div>\n<div><font color=\"#000000\"><strong>Viernes 8 de julio<\/strong><br \/>10 hs Celebraci\u00f3n de la misa en el Km 12. Fiesta Patronal Nuestra Se\u00f1ora de Itat\u00ed<br \/>17 hs Celebraci\u00f3n de la misa en el Km 101 (Pozo de los Indios).<\/font><\/div>\n<div>\u00a0<\/div>\n<div><font color=\"#000000\"><strong>S\u00e1bado 9 de julio<\/strong><br \/>20 hs Celebraci\u00f3n de la misa en el Templo Parroquial \u2013 Fort\u00edn Olmos<\/font><\/div>\n<div>\u00a0<\/div>\n<div><font color=\"#000000\"><strong>Domingo 10 de julio<\/strong><br \/>\u00a0&#8212;&#8212;&#8212;&#8212;&#8212;&#8212;&#8212;&#8212;&#8212;&#8212;&#8212;&#8212;&#8212;<\/p>\n<p><strong>En preparaci\u00f3n a la Fiesta Patronal<\/strong><br \/>El viernes 15 de julio a las 19:30 hs realizaremos la primera reuni\u00f3n general para empezar a programar la pr\u00f3xima Fiesta Patronal en Agosto.<\/font><br \/>\u00a0<\/div>\n<p><\/p>\n<div align=\"left\">\u00a0<\/div>\n<div align=\"left\">\n<div><font color=\"#FF0000\"><u style=\"line-height: normal\"><strong><span style=\"font-size: 12pt; line-height: 107%; font-family: 'Raspoutine Classic'\">PARROQUIA <\/span><\/strong><strong><span style=\"font-size: 12pt; line-height: 107%; font-family: 'Raspoutine Classic'\">\u201c<\/span><\/strong><strong><span style=\"font-size: 12pt; line-height: 107%; font-family: 'Raspoutine Classic'\">NUESTRA SE\u00d1ORA DEL ROSARIO\u00bb &#8211; LANTERI<\/span><\/strong><\/u><\/font><\/div>\n<div>\u00a0<\/div>\n<div><strong><font color=\"#000000\">Martes 05<\/font><\/strong><\/div>\n<div><font color=\"#000000\">18:00\u00a0 Adoraci\u00f3n al San\u00edsimo<\/font><\/div>\n<div>\u00a0<\/div>\n<div><strong><font color=\"#000000\">Mi\u00e9rcoles 06<\/font><\/strong><\/div>\n<div><font color=\"#000000\">19:30\u00a0 Misa en Flor de Oro.<\/font><\/div>\n<div>\u00a0<\/div>\n<div><strong><font color=\"#000000\">Jueves 07<\/font><\/strong><\/div>\n<div><font color=\"#000000\">17:00\u00a0 Misa 18:VIVIENDAS<\/font><\/div>\n<div>\u00a0<\/div>\n<div><strong><font color=\"#000000\">Viernes 08<\/font><\/strong><\/div>\n<div><font color=\"#000000\">17:30\u00a0 Misa en el Hospital Reconquista.<\/font><\/div>\n<div>\u00a0<\/div>\n<div><strong><font color=\"#000000\">S\u00e1bado 09<\/font><\/strong><\/div>\n<div><font color=\"#000000\">18:00\u00a0 Misa en las Garzas. <\/font><\/div>\n<div><font color=\"#000000\">19:30\u00a0 Misa en Lanteri<\/font><\/div>\n<div>\u00a0<\/div>\n<div><strong><font color=\"#000000\">Domingo 10<\/font><\/strong><\/div>\n<div><font color=\"#000000\">09:00\u00a0 Misa en Los Lapachos.<\/font><\/div>\n<div><font color=\"#000000\">10:00\u00a0 Misa en Chanourdie.<\/font><\/div>\n<div>\u00a0<\/div>\n<div>\u00a0<\/div>\n<p><\/p>\n<div>\u00a0<\/div>\n<\/div>\n<\/div>\n<p>\u00a0<\/p><\/div>\n<p>\u00a0<\/p><\/div>\n","protected":false},"excerpt":{"rendered":"<div class=\"mh-excerpt\"><div style=\"text-align: center\"><img loading=\"lazy\" decoding=\"async\" src=\"https:\/\/scontent-grt2-1.xx.fbcdn.net\/v\/t1.0-9\/1506053_578094348953727_329175415_n.jpg?oh=6ae2ca764c76de548d2dfd0cfd6e726f&#038;oe=57C7D30C\" border=\"0\" width=\"300\" height=\"214\" align=\"middle\" \/><\/div>\n<div align=\"left\">\u00a0<\/p>\n<\/div>","protected":false},"author":1,"featured_media":0,"comment_status":"closed","ping_status":"open","sticky":false,"template":"","format":"standard","meta":{"footnotes":""},"categories":[28],"tags":[],"class_list":["post-1232","post","type-post","status-publish","format-standard","hentry","category-latest-news"],"_links":{"self":[{"href":"https:\/\/www.obispadorqta.org.ar\/v3\/wp-json\/wp\/v2\/posts\/1232","targetHints":{"allow":["GET"]}}],"collection":[{"href":"https:\/\/www.obispadorqta.org.ar\/v3\/wp-json\/wp\/v2\/posts"}],"about":[{"href":"https:\/\/www.obispadorqta.org.ar\/v3\/wp-json\/wp\/v2\/types\/post"}],"author":[{"embeddable":true,"href":"https:\/\/www.obispadorqta.org.ar\/v3\/wp-json\/wp\/v2\/users\/1"}],"replies":[{"embeddable":true,"href":"https:\/\/www.obispadorqta.org.ar\/v3\/wp-json\/wp\/v2\/comments?post=1232"}],"version-history":[{"count":1,"href":"https:\/\/www.obispadorqta.org.ar\/v3\/wp-json\/wp\/v2\/posts\/1232\/revisions"}],"predecessor-version":[{"id":1455,"href":"https:\/\/www.obispadorqta.org.ar\/v3\/wp-json\/wp\/v2\/posts\/1232\/revisions\/1455"}],"wp:attachment":[{"href":"https:\/\/www.obispadorqta.org.ar\/v3\/wp-json\/wp\/v2\/media?parent=1232"}],"wp:term":[{"taxonomy":"category","embeddable":true,"href":"https:\/\/www.obispadorqta.org.ar\/v3\/wp-json\/wp\/v2\/categories?post=1232"},{"taxonomy":"post_tag","embeddable":true,"href":"https:\/\/www.obispadorqta.org.ar\/v3\/wp-json\/wp\/v2\/tags?post=1232"}],"curies":[{"name":"wp","href":"https:\/\/api.w.org\/{rel}","templated":true}]}}