{"id":1234,"date":"2016-07-11T11:38:12","date_gmt":"2016-07-11T11:38:12","guid":{"rendered":"http:\/\/www.obispadorqta.org.ar\/v3\/avisos-parroquiales-22\/"},"modified":"2017-04-17T14:21:23","modified_gmt":"2017-04-17T14:21:23","slug":"avisos-parroquiales-22","status":"publish","type":"post","link":"https:\/\/www.obispadorqta.org.ar\/v3\/avisos-parroquiales-22\/","title":{"rendered":"AVISOS PARROQUIALES"},"content":{"rendered":"<div style=\"text-align: center\"><img loading=\"lazy\" decoding=\"async\" src=\"https:\/\/scontent-grt2-1.xx.fbcdn.net\/v\/t1.0-9\/1506053_578094348953727_329175415_n.jpg?oh=6ae2ca764c76de548d2dfd0cfd6e726f&#038;oe=57C7D30C\" border=\"0\" width=\"300\" height=\"214\" align=\"middle\" \/><\/div>\n<div align=\"left\">\u00a0 <\/div>\n<div align=\"left\"><font color=\"#FF0000\"><u style=\"line-height: normal\"><strong><span style=\"font-size: 12pt; line-height: 107%; font-family: 'Raspoutine Classic'\">PARROQUIA <\/span><\/strong><strong><span style=\"font-size: 12pt; line-height: 107%; font-family: 'Raspoutine Classic'\">\u201c<\/span><\/strong><strong><span style=\"font-size: 12pt; line-height: 107%; font-family: 'Raspoutine Classic'\">INMACULADA CONCEPCI<\/span><\/strong><strong><span style=\"font-size: 12pt; line-height: 107%; font-family: 'Raspoutine Classic'\">\u00d3<\/span><\/strong><strong><span style=\"font-size: 12pt; line-height: 107%; font-family: 'Raspoutine Classic'\">N<\/span><\/strong><strong><span style=\"font-size: 12pt; line-height: 107%; font-family: 'Raspoutine Classic'\">\u201d<\/span><\/strong><strong><span style=\"font-size: 12pt; line-height: 107%; font-family: 'Raspoutine Classic'\"> &#8211; RECONQUISTA<\/span><\/strong><\/u><\/font><\/div>\n<div align=\"left\">\u00a0<\/div>\n<div align=\"left\"><font style=\"font-family: Arial,Helvetica,sans-serif; font-size: 12px; font-style: normal; line-height: normal\" color=\"#000000\"><u><strong>SECRETARIA PARROQUIAL:<\/strong><\/u> esta semana \u00a0se atender\u00e1 s\u00f3lo por la tarde de 16 a 19 hs.<\/font><\/div>\n<div align=\"left\">\u00a0<\/div>\n<div align=\"left\"><font style=\"font-family: Arial,Helvetica,sans-serif; font-size: 12px; font-style: normal; line-height: normal\" color=\"#000000\"><u><strong>MINISTROS DE LA EUCARISTIA:<\/strong><\/u> reuni\u00f3n mensual el martes 12. Inicia con la Santa misa a las 19:15 hs.<\/font><\/div>\n<div align=\"left\">\u00a0<\/div>\n<div align=\"left\"><font style=\"font-family: Arial,Helvetica,sans-serif; font-size: 12px; font-style: normal; line-height: normal\" color=\"#000000\"><u><strong>CURSO DE FORMACION SOBRE LITURGIA 2\u00ba NIVEL<\/strong><\/u><strong>: <\/strong>s\u00e1bado 16 de\u00a0 Julio\u00a0 a las 16 hs en el sal\u00f3n Parroquial.<\/font><\/div>\n<div align=\"left\">\u00a0<\/div>\n<div align=\"left\"><font style=\"font-family: Arial,Helvetica,sans-serif; font-size: 12px; font-style: normal; line-height: normal\" color=\"#000000\"><strong><u>FIESTA PATRONAL\u00a0 VIRGEN DE ITAT\u00cd<\/u>, Barrio Ombusal:<\/strong> &#8211; Procesi\u00f3n y misa: domingo 17 de julio a las 9:00 hs.<\/font><\/div>\n<div align=\"left\">\u00a0<\/div>\n<div align=\"left\"><font style=\"font-family: Arial,Helvetica,sans-serif; font-size: 12px; font-style: normal; line-height: normal\" color=\"#000000\"><u><strong>PEREGRINACION JUVENIL A ITATI<\/strong><\/u>: Informes e inscripciones: martes y jueves de 20 a 21:30 hs en Catedral.<br \/>\u00a0<br \/>\u00a0<br \/><u><strong>MISAS DE LA SEMANA:<\/strong><\/u><\/font><\/div>\n<div align=\"left\">\u00a0<\/div>\n<div align=\"left\"><font style=\"font-family: Arial,Helvetica,sans-serif; font-size: 12px; font-style: normal; line-height: normal\" color=\"#000000\"><strong>Martes 12 a Viernes 15\u00a0 <\/strong><\/font><\/div>\n<div align=\"left\"><font style=\"font-family: Arial,Helvetica,sans-serif; font-size: 12px; font-style: normal; line-height: normal\" color=\"#000000\">06:30\u00a0\u00a0 Catedral<\/font><\/div>\n<div align=\"left\"><font style=\"font-family: Arial,Helvetica,sans-serif; font-size: 12px; font-style: normal; line-height: normal\" color=\"#000000\">19:15\u00a0\u00a0 Catedral<\/font><\/div>\n<div align=\"left\">\u00a0<\/div>\n<div align=\"left\"><strong><font style=\"font-family: Arial,Helvetica,sans-serif; font-size: 12px; font-style: normal; line-height: normal\" color=\"#000000\">S\u00e1bado 16<\/font><\/strong><\/div>\n<div align=\"left\"><font style=\"font-family: Arial,Helvetica,sans-serif; font-size: 12px; font-style: normal; line-height: normal\" color=\"#000000\">17:30\u00a0\u00a0 Capilla Buen Pastor (Bo. Noreste)<\/font><\/div>\n<div align=\"left\"><font style=\"font-family: Arial,Helvetica,sans-serif; font-size: 12px; font-style: normal; line-height: normal\" color=\"#000000\">18:30\u00a0\u00a0 Capilla Transfiguraci\u00f3n del Se\u00f1or (Bo Fraternidad)<\/font><\/div>\n<div align=\"left\"><font style=\"font-family: Arial,Helvetica,sans-serif; font-size: 12px; font-style: normal; line-height: normal\" color=\"#000000\">19:00\u00a0\u00a0 Catedral<\/font><\/div>\n<div align=\"left\"><font style=\"font-family: Arial,Helvetica,sans-serif; font-size: 12px; font-style: normal; line-height: normal\" color=\"#000000\">20:00\u00a0\u00a0 Capilla Esp\u00edritu Santo (Bo San Mart\u00edn)<\/font><\/div>\n<div align=\"left\">\u00a0<\/div>\n<div align=\"left\"><strong><font style=\"font-family: Arial,Helvetica,sans-serif; font-size: 12px; font-style: normal; line-height: normal\" color=\"#000000\">Domingo 17<\/font><\/strong><\/div>\n<div align=\"left\"><font style=\"font-family: Arial,Helvetica,sans-serif; font-size: 12px; font-style: normal; line-height: normal\" color=\"#000000\">09:00\u00a0\u00a0 <\/font><font style=\"font-family: Arial,Helvetica,sans-serif; font-size: 12px; font-style: normal; line-height: normal\" color=\"#000000\"><font style=\"font-family: Arial,Helvetica,sans-serif; font-size: 12px; font-style: normal; line-height: normal\" color=\"#000000\"><strong> Procesi\u00f3n y misa fiesta patronal<\/strong> &#8211; <\/font>Capilla Virgen de Itat\u00ed (Barrio Ombusal)<\/font><\/div>\n<div align=\"left\"><font style=\"font-family: Arial,Helvetica,sans-serif; font-size: 12px; font-style: normal; line-height: normal\" color=\"#000000\">10:30\u00a0\u00a0 Catedral<\/font><\/div>\n<div align=\"left\"><font style=\"font-family: Arial,Helvetica,sans-serif; font-size: 12px; font-style: normal; line-height: normal\" color=\"#000000\"> 19:00 \u00a0 Catedral <br \/>19:00\u00a0\u00a0 Capilla Itat\u00ed (Bo. Sarmiento)<\/font><br \/>\u00a0<\/div>\n<div align=\"left\"><font color=\"#000000\">\u00a0<\/font><br \/>\u00a0<\/div>\n<div align=\"left\"><font color=\"#FF0000\"><u style=\"line-height: normal\"><strong><span style=\"font-size: 12pt; line-height: 107%; font-family: 'Raspoutine Classic'\">PARROQUIA <\/span><\/strong><strong><span style=\"font-size: 12pt; line-height: 107%; font-family: 'Raspoutine Classic'\">\u201c<\/span><\/strong><strong><span style=\"font-size: 12pt; line-height: 107%; font-family: 'Raspoutine Classic'\">NUESTRA SE\u00d1ORA DE LA MERCED\u00bb &#8211; AVELLANEDA<\/span><\/strong><\/u><\/font><\/div>\n<div align=\"left\">\u00a0<\/div>\n<div align=\"left\"><img loading=\"lazy\" decoding=\"async\" src=\"https:\/\/fbcdn-photos-c-a.akamaihd.net\/hphotos-ak-xal1\/v\/t1.0-0\/s526x395\/13600136_1445995305418045_537519213679231125_n.jpg?oh=bc1b9028ed90530431d291e33aad2786&#038;oe=5831554F&#038;__gda__=1479998780_4a92b26473b11e905fda4de76fdb2af7\" border=\"0\" width=\"310\" height=\"370\" align=\"left\" \/> <\/div>\n<div align=\"left\">\u00a0<\/div>\n<div align=\"left\">\u00a0<\/div>\n<div align=\"left\">\u00a0<\/div>\n<div align=\"left\">\u00a0<\/div>\n<div align=\"left\">\u00a0<\/div>\n<div align=\"left\">\u00a0<\/div>\n<div align=\"left\">\u00a0<\/div>\n<div align=\"left\">\u00a0<\/div>\n<div align=\"left\">\u00a0<\/div>\n<div align=\"left\">\u00a0<\/div>\n<div align=\"left\">\u00a0<\/div>\n<div align=\"left\">\u00a0<\/div>\n<div align=\"left\">\u00a0<\/div>\n<div align=\"left\">\u00a0<\/div>\n<div align=\"left\">\u00a0<\/div>\n<div align=\"left\">\u00a0<\/div>\n<div align=\"left\">\u00a0<\/div>\n<div align=\"left\">\u00a0<\/div>\n<div align=\"left\">\u00a0<\/div>\n<div align=\"left\">\u00a0<\/div>\n<div align=\"left\">\u00a0<\/div>\n<div align=\"left\">\u00a0<\/div>\n<div align=\"left\">\u00a0<\/div>\n<div align=\"left\">\u00a0<\/div>\n<div align=\"left\"><font color=\"#FF0000\"><u style=\"line-height: normal\"><strong><span style=\"font-size: 12pt; line-height: 107%; font-family: 'Raspoutine Classic'\">PARROQUIA <\/span><\/strong><strong><span style=\"font-size: 12pt; line-height: 107%; font-family: 'Raspoutine Classic'\">\u201c<\/span><\/strong><strong><span style=\"font-size: 12pt; line-height: 107%; font-family: 'Raspoutine Classic'\">SAN ROQUE\u00bb &#8211; RECONQUISTA<\/span><\/strong><\/u><\/font><\/div>\n<div align=\"left\">\u00a0<\/div>\n<p><\/p>\n<div align=\"left\">\u00a0<\/div>\n<div align=\"left\"><font color=\"#FF0000\"><u style=\"line-height: normal\"><strong><span style=\"font-size: 12pt; line-height: 107%; font-family: 'Raspoutine Classic'\">PARROQUIA <\/span><\/strong><strong><span style=\"font-size: 12pt; line-height: 107%; font-family: 'Raspoutine Classic'\">\u201c<\/span><\/strong><strong><span style=\"font-size: 12pt; line-height: 107%; font-family: 'Raspoutine Classic'\">SAN LUIS GONZAGA\u00bb &#8211; CALCHAQU\u00cd<\/span><\/strong><\/u><\/font><\/div>\n<div align=\"left\">\u00a0<\/div>\n<div style=\"font-family: Arial,Helvetica,sans-serif; font-size: 12px; font-style: normal; line-height: normal\">\n<div class=\"_2cuy _3dgx _2vxa\"><strong><font color=\"#000000\"><span class=\"_5yi-\">MARTES 12<\/span><\/font><\/strong> <\/div>\n<div class=\"_2cuy _3dgx _2vxa\"><font color=\"#000000\">19:30 Misa en la Capilla de Adoraci\u00f3n Perpetua.<\/font><\/div>\n<div class=\"_2cuy _3dgx _2vxa\">\u00a0<\/div>\n<div class=\"_2cuy _3dgx _2vxa\"><strong><font color=\"#000000\"><span class=\"_5yi-\">MI\u00c9RCOLES 13<\/span><\/font><\/strong> <\/div>\n<div class=\"_2cuy _3dgx _2vxa\"><font color=\"#000000\">19:30 Misa en la Capilla de Adoraci\u00f3n Perpetua.<\/font><\/div>\n<div class=\"_2cuy _3dgx _2vxa\">\u00a0<\/div>\n<div class=\"_2cuy _3dgx _2vxa\"><strong><font color=\"#000000\"><span class=\"_5yi-\">JUEVES 14<\/span><\/font><\/strong> <\/div>\n<div class=\"_2cuy _3dgx _2vxa\"><font color=\"#000000\">19:30 Misa o celebraci\u00f3n en la Capilla de Adoraci\u00f3n Perpetua. <\/font><\/div>\n<div class=\"_2cuy _3dgx _2vxa\"><font color=\"#000000\">20.45 Ultreya del Movimiento de Cursillos en el Sal\u00f3n Parroquial.<\/font><\/div>\n<div class=\"_2cuy _3dgx _2vxa\">\u00a0<\/div>\n<div class=\"_2cuy _3dgx _2vxa\"><strong><font color=\"#000000\"><span class=\"_5yi-\">S\u00c1BADO 16 <\/span><\/font><\/strong><\/div>\n<div class=\"_2cuy _3dgx _2vxa\"><font color=\"#000000\"> 17:00 Misa en el Templo.<\/font><\/div>\n<div class=\"_2cuy _3dgx _2vxa\">\u00a0<\/div>\n<div class=\"_2cuy _3dgx _2vxa\"><strong><font color=\"#000000\"><span class=\"_5yi-\">DOMINGO 17 <\/span><\/font><\/strong> <\/div>\n<div class=\"_2cuy _3dgx _2vxa\"><font color=\"#000000\">10:00 Misa en el Templo. <\/font><\/div>\n<div class=\"_2cuy _3dgx _2vxa\"><font color=\"#000000\"><strong>No habr\u00e1 misa en el Templo por la tarde.<\/strong><\/font><\/div>\n<div class=\"_2cuy _3dgx _2vxa\">\u00a0<\/div>\n<div class=\"_2cuy _3dgx _2vxa\" align=\"justify\"><font color=\"#000000\"><span class=\"_5yi-\"><strong>ENCUENTRO NACIONAL DE CATEQUESIS:<\/strong> <\/span>durante esta semana nuestro P\u00e1rroco participar\u00e1 del Encuentro Nacional de Directores de Catequesis y del Encuentro Nacional de Evangelizaci\u00f3n y Catequesis. Recemos por esta intenci\u00f3n.<\/font><\/div>\n<div class=\"_2cuy _3dgx _2vxa\" align=\"justify\">\u00a0<\/div>\n<div class=\"_2cuy _3dgx _2vxa\" align=\"justify\"><font color=\"#000000\"><strong><span class=\"_5yi-\">AYUDA PARA EL SEMINARIO: <\/span><\/strong>Gracias a todas la personas que han aportado para esta campa\u00f1a en favor de nuestro Seminario y nuestros queridos seminaristas.<\/font><\/div>\n<div class=\"_2cuy _3dgx _2vxa\" align=\"justify\">\u00a0<\/div>\n<div class=\"_2cuy _3dgx _2vxa\" align=\"justify\"><font color=\"#000000\"><span class=\"_5yi-\"><strong>OREMOS POR LOS SIGUIENTES CAMBIOS SACERDOTALES:<\/strong> <\/span>Pbro. Rolando Danilo Gonz\u00e1lez como P\u00e1rroco de la Parroquia Nuestra Se\u00f1ora del Huerto de Malabrigo, el pr\u00f3ximo s\u00e1bado 16 de julio a las 19:00. Pbro. Carlos Alberto Degiusti como P\u00e1rroco de la Parroquia San Juan Bautista de Vera, el pr\u00f3ximo domingo 17 de julio a la 19:30 y el Pbro. Nestor Vera como Administrador Parroquial de esta Parroquia.     \t<\/font><\/div>\n<p><font color=\"#000000\">\u00a0<\/font><\/div>\n<div align=\"left\">\u00a0<\/div>\n<div align=\"left\">\u00a0<\/div>\n<div align=\"left\">\u00a0<\/div>\n<div align=\"left\"><font color=\"#FF0000\"><u style=\"line-height: normal\"><strong><span style=\"font-size: 12pt; line-height: 107%; font-family: 'Raspoutine Classic'\">PARROQUIA <\/span><\/strong><strong><span style=\"font-size: 12pt; line-height: 107%; font-family: 'Raspoutine Classic'\">\u201c<\/span><\/strong><strong><span style=\"font-size: 12pt; line-height: 107%; font-family: 'Raspoutine Classic'\">SAN JUAN BAUTISTA\u00bb &#8211; VERA<\/span><\/strong><\/u><\/font><\/div>\n<div align=\"left\">\u00a0<\/div>\n<p><\/p>\n<div align=\"left\">\u00a0<\/div>\n<div align=\"left\">\u00a0<\/div>\n<div align=\"left\"><font color=\"#FF0000\"><u style=\"line-height: normal\"><strong><span style=\"font-size: 12pt; line-height: 107%; font-family: 'Raspoutine Classic'\">PARROQUIA <\/span><\/strong><strong><span style=\"font-size: 12pt; line-height: 107%; font-family: 'Raspoutine Classic'\">\u201c<\/span><\/strong><strong><span style=\"font-size: 12pt; line-height: 107%; font-family: 'Raspoutine Classic'\">NUESTRA SE\u00d1ORA DEL HUERTO\u00bb &#8211; MALABRIGO<\/span><\/strong><\/u><\/font><\/div>\n<div align=\"left\">\u00a0<\/div>\n<div>\n<div align=\"justify\"><font color=\"#000000\"><u><strong>Martes 12 <\/strong><\/u><\/font><br \/><font color=\"#000000\">19,30 hs Celebraci\u00f3n <\/font><br \/><font color=\"#000000\"><strong>Atenci\u00f3n Secretar\u00eda Parroquial<\/strong>: La Secretar\u00eda permanecer\u00e1 cerrada los d\u00edas martes 12 y mi\u00e9rcoles 13 de julio<\/font><\/div>\n<p><font color=\"#000000\"><br \/><\/font><\/p>\n<div align=\"justify\"><font color=\"#000000\"><u><strong>Mi\u00e9rcoles 13<\/strong><\/u><\/font><br \/><font color=\"#000000\">19,30 hs Celebraci\u00f3n <\/font><br \/><font color=\"#000000\"><strong>Seminario de Vida:<\/strong> Se invita a toda la comunidad, j\u00f3venes y adultos a participar del Seminario de Iniciaci\u00f3n a la Vida en el Esp\u00edritu que se realizar\u00e1 del lunes 18 al viernes 22 de julio a partir de las 20,15 hs en el SUM de barrio Rinc\u00f3n<\/font><\/div>\n<p><font color=\"#000000\"><br \/><\/font><\/p>\n<div align=\"justify\"><font color=\"#000000\"><u><strong>Jueves 14<\/strong><\/u><\/font><br \/><font color=\"#000000\">19,30 hs Celebraci\u00f3n <\/font><br \/><font color=\"#000000\"><strong>Cambio de p\u00e1rroco<\/strong>: El padre Rolando Gonz\u00e1lez comienza su servicio como p\u00e1rroco de Malabrigo el s\u00e1bado 16 a las 19 hs. Despu\u00e9s de la Misa se realizar\u00e1 un agasajo a la canasta en el sal\u00f3n parroquial<\/font><br \/><font color=\"#000000\">El padre Carlos Degiusti asume como p\u00e1rroco de Vera el domingo 17 a las 19,30 hs.<\/font><\/div>\n<p><font color=\"#000000\"><br \/><\/font><\/p>\n<div align=\"justify\"><font color=\"#000000\"><u><strong>Viernes 15<\/strong><\/u><\/font><br \/><font color=\"#000000\">19,30 hs Celebraci\u00f3n <\/font><br \/><font color=\"#000000\"><strong>Talleres de Oraci\u00f3n y Vida: <\/strong>En las primeras semanas de agosto comienza un nuevo ciclo de los Talleres de Oraci\u00f3n y Vida. Informes e inscripci\u00f3n en la Secretar\u00eda Parroquial<\/font><\/div>\n<\/div>\n<div><font color=\"#000000\"><br \/><u><strong>S\u00e1bado 16<\/strong><\/u><br \/>19,00 hs Misa en el Templo<\/p>\n<p><u><strong>Domingo 17<\/strong><\/u><br \/>08,30 hs Misa en Barrio Estaci\u00f3n<br \/>10,00 hs Misa en Berna<br \/>19,00 hs Misa en el Templo<br \/>\u00a0<\/font><\/div>\n<div>\u00a0<\/div>\n<div align=\"left\">\u00a0<\/div>\n<div align=\"left\"><font color=\"#FF0000\"><u style=\"line-height: normal\"><strong><span style=\"font-size: 12pt; line-height: 107%; font-family: 'Raspoutine Classic'\">PARROQUIA <\/span><\/strong><strong><span style=\"font-size: 12pt; line-height: 107%; font-family: 'Raspoutine Classic'\">\u201c<\/span><\/strong><strong><span style=\"font-size: 12pt; line-height: 107%; font-family: 'Raspoutine Classic'\">SAGRADO CORAZ\u00d3N DE JES\u00daS\u00bb &#8211; ROMANG<\/span><\/strong><\/u><\/font><\/div>\n<div align=\"left\">\u00a0<\/div>\n<div align=\"left\"><font style=\"font-family: Arial,Helvetica,sans-serif; font-size: 12px; font-style: normal; line-height: normal\" color=\"#000000\"><u><strong>Lunes 11<\/strong><\/u><\/font><\/div>\n<div align=\"left\"><font style=\"font-family: Arial,Helvetica,sans-serif; font-size: 12px; font-style: normal; line-height: normal\" color=\"#000000\">15,00 hs\u00a0 Rezo del rosario en la ermita de la Virgen Schoenstatt.<\/font><\/div>\n<div align=\"left\"><font style=\"font-family: Arial,Helvetica,sans-serif; font-size: 12px; font-style: normal; line-height: normal\" color=\"#000000\">19,30 hs\u00a0 Misa o Celebraci\u00f3n en Costa Itat\u00ed.<br \/>\u00a0<br \/><u><strong>Martes 12<\/strong><\/u><\/font><\/div>\n<div align=\"left\"><font style=\"font-family: Arial,Helvetica,sans-serif; font-size: 12px; font-style: normal; line-height: normal\" color=\"#000000\">09,00 hs.\u00a0 Reuni\u00f3n de Presbiterio. <br \/>\u00a0\u00a0\u00a0\u00a0\u00a0\u00a0\u00a0\u00a0\u00a0\u00a0\u00a0\u00a0\u00a0\u00a0\u00a0\u00a0 Por la tarde visita a enfermos y familias de la Capilla de Costa Itat\u00ed.\u00a0\u00a0\u00a0\u00a0\u00a0\u00a0\u00a0\u00a0\u00a0\u00a0\u00a0\u00a0\u00a0\u00a0 <br \/>19,30 hs.\u00a0 Misa de Novena en Costa Itat\u00ed.<br \/>\u00a0<br \/><u><strong>Mi\u00e9rcoles 13 <\/strong><\/u><\/font><\/div>\n<div align=\"left\"><font style=\"font-family: Arial,Helvetica,sans-serif; font-size: 12px; font-style: normal; line-height: normal\" color=\"#000000\">Por la ma\u00f1ana y la tarde visita a enfermos y familias de la Capilla de Costa Itat\u00ed.\u00a0\u00a0\u00a0\u00a0\u00a0\u00a0\u00a0\u00a0\u00a0\u00a0\u00a0\u00a0\u00a0\u00a0\u00a0\u00a0 <\/font><\/div>\n<div align=\"left\"><font style=\"font-family: Arial,Helvetica,sans-serif; font-size: 12px; font-style: normal; line-height: normal\" color=\"#000000\">18,00 hs\u00a0 Confesiones en Costa Itat\u00ed.<\/font><\/div>\n<div align=\"left\"><font style=\"font-family: Arial,Helvetica,sans-serif; font-size: 12px; font-style: normal; line-height: normal\" color=\"#000000\">19,30 hs. Misa de Novena en Costa Itat\u00ed.<br \/>\u00a0<br \/><u><strong>Jueves 14<\/strong><\/u><\/font><\/div>\n<div align=\"left\"><font style=\"font-family: Arial,Helvetica,sans-serif; font-size: 12px; font-style: normal; line-height: normal\" color=\"#000000\">15,00 hs. Reuni\u00f3n de C\u00e1ritas.<br \/>19,00 hs\u00a0 Misa San Cayetano.<br \/>19,30 hs. Charla con el Diacono Algo Bais, tema \u201cLa Sagrada Familia reflejo de la misericordia de Dios\u201d.<br \/>20,00 hs\u00a0 Reuni\u00f3n Catequistas de CAFA y Confirmaci\u00f3n.<br \/>21,00 hs\u00a0 Reuni\u00f3n del Grupo ambulatorio de CEPAR<br \/>\u00a0<br \/><u><strong>Viernes 15<\/strong><\/u><\/font><\/div>\n<div align=\"left\"><font style=\"font-family: Arial,Helvetica,sans-serif; font-size: 12px; font-style: normal; line-height: normal\" color=\"#000000\">19,30 hs. Charla con el Diacono Algo Bais, tema: <em>\u201cMar\u00eda fuente y ejemplo de misericordia\u00bb<\/em><\/font><\/div>\n<div align=\"left\">\u00a0<\/div>\n<div align=\"left\"><u><strong><font style=\"font-family: Arial,Helvetica,sans-serif; font-size: 12px; font-style: normal; line-height: normal\" color=\"#000000\">S\u00e1bado 16<\/font><\/strong><\/u><\/div>\n<div align=\"left\"><font style=\"font-family: Arial,Helvetica,sans-serif; font-size: 12px; font-style: normal; line-height: normal\" color=\"#000000\">16,00 hs\u00a0 Bautismos.\u00a0\u00a0\u00a0 <br \/>19,00 hs. Misa en Colonia Dur\u00e1n.<br \/>\u00a0<br \/><u><strong>Domingo 17<\/strong><\/u><\/font><\/div>\n<div align=\"left\"><font style=\"font-family: Arial,Helvetica,sans-serif; font-size: 12px; font-style: normal; line-height: normal\" color=\"#000000\">09,00 hs.\u00a0 Misa en Las Palmas.<br \/>10,30 hs.\u00a0 Procesi\u00f3n y Misa Fiesta Patronal Costa Itat\u00ed. <br \/>12,30 hs.\u00a0 Almuerzo comunitario, venta de asado, pollo, chorizo, ensaladas<br \/>13,00 hs.\u00a0 Inicio torneo de Futbol, baile, juegos varios.<br \/><\/font><font style=\"font-family: Arial,Helvetica,sans-serif; font-size: 12px; font-style: normal; line-height: normal\" color=\"#000000\"><font style=\"font-family: Arial,Helvetica,sans-serif; font-size: 12px; font-style: normal; line-height: normal\" color=\"#000000\">17,00 hs.\u00a0 Reuni\u00f3n Grupos de Padres de C.E.P.A.R. en el Templo.<\/font><\/font><\/div>\n<div align=\"left\"><font style=\"font-family: Arial,Helvetica,sans-serif; font-size: 12px; font-style: normal; line-height: normal\" color=\"#000000\">18,00 hs.\u00a0 Sorteo del bono contribuci\u00f3n. <\/font><\/div>\n<div align=\"left\"><font style=\"font-family: Arial,Helvetica,sans-serif; font-size: 12px; font-style: normal; line-height: normal\" color=\"#000000\">19,00 hs.\u00a0 Misa en el Templo<\/font><br \/>\u00a0<\/div>\n<div align=\"left\">\u00a0<\/div>\n<div align=\"left\">\u00a0<\/div>\n<div>\n<div align=\"left\"><font color=\"#FF0000\"><u style=\"line-height: normal\"><strong><span style=\"font-size: 12pt; line-height: 107%; font-family: 'Raspoutine Classic'\">PARROQUIA <\/span><\/strong><strong><span style=\"font-size: 12pt; line-height: 107%; font-family: 'Raspoutine Classic'\">\u201c<\/span><\/strong><strong><span style=\"font-size: 12pt; line-height: 107%; font-family: 'Raspoutine Classic'\">SAN ROQUE\u00bb &#8211; MARGARITA<\/span><\/strong><\/u><\/font><\/div>\n<div align=\"left\">\u00a0<\/div>\n<div align=\"left\"><font style=\"font-family: Arial,Helvetica,sans-serif; font-size: 12px; font-style: normal; line-height: normal\" color=\"#000000\"><strong>MARTES 12 DE JULIO<\/strong><br \/>17 hs Reuni\u00f3n de liturgia<br \/>20 hs Reuni\u00f3n de cursillistas<\/p>\n<p><strong>MI\u00c9RCOLES 13 DE JULIO<\/strong><br \/>18.30 hs Misa en San Eugenio<br \/>20.30 hs Reuni\u00f3n de comisi\u00f3n econ\u00f3mica. <\/p>\n<p><strong>VIERNES 15 DE JULIO<\/strong><br \/>18 hs Misa al Sagrado Coraz\u00f3n en el templo<\/p>\n<p><strong>S\u00c1BADO 16 DE JULIO <\/strong><br \/>16 hs Encuentro pre- bautismal<br \/>17 hs Bautismos<br \/>19 hs Misa en el templo.<\/p>\n<p><strong>DOMINGO 17 DE JULIO<\/strong><br \/>19 hs Santa Misa en el templo.<\/font><br \/>\u00a0<\/div>\n<\/div>\n<div>\u00a0<\/div>\n<div>\u00a0<\/div>\n<div><font color=\"#FF0000\"><u style=\"line-height: normal\"><strong><span style=\"font-size: 12pt; line-height: 107%; font-family: 'Raspoutine Classic'\">PARROQUIA <\/span><\/strong><strong><span style=\"font-size: 12pt; line-height: 107%; font-family: 'Raspoutine Classic'\">\u201c<\/span><\/strong><strong><span style=\"font-size: 12pt; line-height: 107%; font-family: 'Raspoutine Classic'\">NUESTRA SE\u00d1ORA DE ITAT\u00cd\u00bb -FORT\u00cdN OLMOS<\/span><\/strong><\/u><\/font><\/div>\n<div>\u00a0<\/div>\n<div><font style=\"font-family: Arial,Helvetica,sans-serif; font-size: 12px; font-style: normal; line-height: normal\" color=\"#000000\"><strong>Jueves 14 de Julio<\/strong><br \/>16 hs Celebraci\u00f3n en el Km 17.<\/font><\/div>\n<div>\u00a0<\/div>\n<div><font style=\"font-family: Arial,Helvetica,sans-serif; font-size: 12px; font-style: normal; line-height: normal\" color=\"#000000\"><strong>Viernes 15 de Julio<\/strong><br \/>16 hs Celebraci\u00f3n de la misa en el Cerrito<br \/>19.30 hs Reuni\u00f3n para la preparaci\u00f3n de la Fiesta Patronal de la Parroquia<\/font><\/div>\n<div>\u00a0<\/div>\n<div><font style=\"font-family: Arial,Helvetica,sans-serif; font-size: 12px; font-style: normal; line-height: normal\" color=\"#000000\"><strong>S\u00e1bado 16 de Julio<\/strong><br \/>17 hs Celebraci\u00f3n de Bautismos<br \/>19 hs Celebraci\u00f3n de la misa en el Templo Parroquial \u2013 Fort\u00edn Olmos<\/font><\/div>\n<div>\u00a0<\/div>\n<div><font style=\"font-family: Arial,Helvetica,sans-serif; font-size: 12px; font-style: normal; line-height: normal\" color=\"#000000\"><strong>Domingo 17 de Julio<\/strong><br \/>10 hs Celebraci\u00f3n de la misa en Fort\u00edn Charr\u00faa<br \/>18 hs Celebraci\u00f3n de la misa en El Cha\u00f1ar<br \/>\u00a0<\/font><\/div>\n<div>\u00a0<\/div>\n<div><font color=\"#FF0000\"><u style=\"line-height: normal\"><strong><span style=\"font-size: 12pt; line-height: 107%; font-family: 'Raspoutine Classic'\">PARROQUIA <\/span><\/strong><strong><span style=\"font-size: 12pt; line-height: 107%; font-family: 'Raspoutine Classic'\">\u201c<\/span><\/strong><strong><span style=\"font-size: 12pt; line-height: 107%; font-family: 'Raspoutine Classic'\">NUESTRA SE\u00d1ORA DEL ROSARIO\u00bb &#8211; LANTERI<\/span><\/strong><\/u><\/font><\/div>\n<div>\u00a0<\/div>\n<div><u><strong><font color=\"#000000\">Martes 12<\/font><\/strong><\/u><\/div>\n<div><font color=\"#000000\">18:00\u00a0\u00a0 Adoraci\u00f3n al Sant\u00edsimo<\/font><\/div>\n<div><font color=\"#000000\">18:00\u00a0\u00a0 Misa en Las Garcitas<\/font><\/div>\n<div>\u00a0<\/div>\n<div><u><strong><font color=\"#000000\">Mi\u00e9rcoles 13<\/font><\/strong><\/u><\/div>\n<div><font color=\"#000000\">17:30\u00a0\u00a0 Procesi\u00f3n con Mar\u00eda Rosa M\u00edstica desde la casa  de Adelinda hasta el Hospital, a la llegada celebramos la misa en el  hospital de Lanteri.<\/font><\/div>\n<div>\u00a0<\/div>\n<div><u><strong><font color=\"#000000\">Jueves 14<\/font><\/strong><\/u><\/div>\n<div><font color=\"#000000\">18:00\u00a0\u00a0 Misa en 32 viviendas<\/font><\/div>\n<div>\u00a0<\/div>\n<div><u><strong><font color=\"#000000\">Viernes 15<\/font><\/strong><\/u><\/div>\n<div><font color=\"#000000\">17:30\u00a0\u00a0 Misa en el Hospital de Reconquista<\/font><\/div>\n<div>\u00a0<\/div>\n<div><u><strong><font color=\"#000000\">S\u00e1bado 16<\/font><\/strong><\/u><\/div>\n<div><font color=\"#000000\">17:30\u00a0\u00a0 Misa en 7 Provincia.<\/font><\/div>\n<div><font color=\"#000000\">19:30\u00a0\u00a0 Misa en Lanteri.<\/font><\/div>\n<div>\u00a0<\/div>\n<div><u><strong><font color=\"#000000\">Domingo 17<\/font><\/strong><\/u><\/div>\n<div><font color=\"#000000\">10:00\u00a0\u00a0 Misa en Flor de Oro.<\/font><\/div>\n<div style=\"font-family: Arial,Helvetica,sans-serif; font-size: 12px; font-style: normal; line-height: normal\">\u00a0<\/div>\n<div>\u00a0<\/div>\n","protected":false},"excerpt":{"rendered":"<div class=\"mh-excerpt\"><div style=\"text-align: center\"><img loading=\"lazy\" decoding=\"async\" src=\"https:\/\/scontent-grt2-1.xx.fbcdn.net\/v\/t1.0-9\/1506053_578094348953727_329175415_n.jpg?oh=6ae2ca764c76de548d2dfd0cfd6e726f&#038;oe=57C7D30C\" border=\"0\" width=\"300\" height=\"214\" align=\"middle\" \/><\/div>\n<div align=\"left\">\u00a0<\/p>\n<\/div>","protected":false},"author":1,"featured_media":0,"comment_status":"closed","ping_status":"open","sticky":false,"template":"","format":"standard","meta":{"footnotes":""},"categories":[28],"tags":[],"class_list":["post-1234","post","type-post","status-publish","format-standard","hentry","category-latest-news"],"_links":{"self":[{"href":"https:\/\/www.obispadorqta.org.ar\/v3\/wp-json\/wp\/v2\/posts\/1234","targetHints":{"allow":["GET"]}}],"collection":[{"href":"https:\/\/www.obispadorqta.org.ar\/v3\/wp-json\/wp\/v2\/posts"}],"about":[{"href":"https:\/\/www.obispadorqta.org.ar\/v3\/wp-json\/wp\/v2\/types\/post"}],"author":[{"embeddable":true,"href":"https:\/\/www.obispadorqta.org.ar\/v3\/wp-json\/wp\/v2\/users\/1"}],"replies":[{"embeddable":true,"href":"https:\/\/www.obispadorqta.org.ar\/v3\/wp-json\/wp\/v2\/comments?post=1234"}],"version-history":[{"count":1,"href":"https:\/\/www.obispadorqta.org.ar\/v3\/wp-json\/wp\/v2\/posts\/1234\/revisions"}],"predecessor-version":[{"id":1454,"href":"https:\/\/www.obispadorqta.org.ar\/v3\/wp-json\/wp\/v2\/posts\/1234\/revisions\/1454"}],"wp:attachment":[{"href":"https:\/\/www.obispadorqta.org.ar\/v3\/wp-json\/wp\/v2\/media?parent=1234"}],"wp:term":[{"taxonomy":"category","embeddable":true,"href":"https:\/\/www.obispadorqta.org.ar\/v3\/wp-json\/wp\/v2\/categories?post=1234"},{"taxonomy":"post_tag","embeddable":true,"href":"https:\/\/www.obispadorqta.org.ar\/v3\/wp-json\/wp\/v2\/tags?post=1234"}],"curies":[{"name":"wp","href":"https:\/\/api.w.org\/{rel}","templated":true}]}}