{"id":1235,"date":"2016-07-14T15:22:03","date_gmt":"2016-07-14T15:22:03","guid":{"rendered":"http:\/\/www.obispadorqta.org.ar\/v3\/nuevos-parrocos\/"},"modified":"2016-07-14T15:22:03","modified_gmt":"2016-07-14T15:22:03","slug":"nuevos-parrocos","status":"publish","type":"post","link":"https:\/\/www.obispadorqta.org.ar\/v3\/nuevos-parrocos\/","title":{"rendered":"Nuevos P\u00e1rrocos"},"content":{"rendered":"<p> <img loading=\"lazy\" decoding=\"async\" src=\"https:\/\/fbcdn-photos-b-a.akamaihd.net\/hphotos-ak-xfa1\/v\/t1.0-0\/p206x206\/185353_126155330814300_3460939_n.jpg?oh=3f3c7b9195341409be334949cee1e368&#038;oe=57F58863&#038;__gda__=1475183251_4013edd433d98d5a1198b4fc78d58c58\" border=\"0\" width=\"206\" height=\"223\" align=\"middle\" \/><img loading=\"lazy\" decoding=\"async\" src=\"https:\/\/scontent-eze1-1.xx.fbcdn.net\/v\/t1.0-9\/263428_102763953153438_1390245_n.jpg?oh=dbed3fc942b90914d1182d08bd2e0db8&#038;oe=5833107F\" border=\"0\" width=\"174\" height=\"233\" align=\"middle\" \/><\/p>\n<p align=\"justify\"><font color=\"#000000\">Este fin de semana se llevar\u00e1n a cabo la toma de posesiones de los  Curas P\u00e1rrocos, Pbros. Rolando Danilo Gonz\u00e1lez y Carlos Alberto  Degiusti, designados recientemente por nuestro Obispo Diocesano, Mons.  \u00c1ngel Jos\u00e9 Mac\u00edn.<\/font><\/p>\n<p align=\"justify\"><font color=\"#000000\"> El <strong>Pbro. Rolando Danilo Gonz\u00e1lez<\/strong>, tomar\u00e1  posesi\u00f3n como Cura P\u00e1rroco de la Parroquia \u201cNuestra Se\u00f1ora del Huerto\u00bb  de Malabrigo el d\u00eda s\u00e1bado 16 de julio a las 19:00 en el Templo  Parroquial.-<\/font><\/p>\n<div class=\"text_exposed_show\" align=\"justify\">\n<p><font color=\"#000000\"> El <strong>Pbro. Carlos  Alberto Degiusti<\/strong>, tomar\u00e1 posesi\u00f3n como Cura P\u00e1rroco de la Parroquia \u201cSan  Juan Bautista\u00bb de Vera el d\u00eda 17 de julio a las 19:30 en el Templo  Parroquial, en dicha celebraci\u00f3n tambi\u00e9n asumir\u00e1 como V\u00edcario Parroquial  el <strong>Pbro. N\u00e9stor Vera.<\/strong><\/font><\/p>\n<p><font color=\"#000000\"> Ambas celebraciones ser\u00e1n presididas por el Obispo Diocesano, Mons. \u00c1ngel Jos\u00e9 Mac\u00edn.<\/font><\/p>\n<p><font color=\"#000000\">  Invitamos a toda la comunidad diocesana a orar juntos por nuestros  pastores y por las comunidades parroquiales que les han sido confiadas.<\/font><\/p>\n<\/div>\n","protected":false},"excerpt":{"rendered":"<div class=\"mh-excerpt\"><p>Este fin de semana se llevar\u00e1n a cabo la toma de posesiones de los Curas P\u00e1rrocos, Pbros. Rolando Danilo Gonz\u00e1lez y Carlos Alberto Degiusti, designados <a class=\"mh-excerpt-more\" href=\"https:\/\/www.obispadorqta.org.ar\/v3\/nuevos-parrocos\/\" title=\"Nuevos P\u00e1rrocos\">[&#8230;]<\/a><\/p>\n<\/div>","protected":false},"author":1,"featured_media":0,"comment_status":"open","ping_status":"open","sticky":false,"template":"","format":"standard","meta":{"footnotes":""},"categories":[28],"tags":[],"class_list":["post-1235","post","type-post","status-publish","format-standard","hentry","category-latest-news"],"_links":{"self":[{"href":"https:\/\/www.obispadorqta.org.ar\/v3\/wp-json\/wp\/v2\/posts\/1235","targetHints":{"allow":["GET"]}}],"collection":[{"href":"https:\/\/www.obispadorqta.org.ar\/v3\/wp-json\/wp\/v2\/posts"}],"about":[{"href":"https:\/\/www.obispadorqta.org.ar\/v3\/wp-json\/wp\/v2\/types\/post"}],"author":[{"embeddable":true,"href":"https:\/\/www.obispadorqta.org.ar\/v3\/wp-json\/wp\/v2\/users\/1"}],"replies":[{"embeddable":true,"href":"https:\/\/www.obispadorqta.org.ar\/v3\/wp-json\/wp\/v2\/comments?post=1235"}],"version-history":[{"count":0,"href":"https:\/\/www.obispadorqta.org.ar\/v3\/wp-json\/wp\/v2\/posts\/1235\/revisions"}],"wp:attachment":[{"href":"https:\/\/www.obispadorqta.org.ar\/v3\/wp-json\/wp\/v2\/media?parent=1235"}],"wp:term":[{"taxonomy":"category","embeddable":true,"href":"https:\/\/www.obispadorqta.org.ar\/v3\/wp-json\/wp\/v2\/categories?post=1235"},{"taxonomy":"post_tag","embeddable":true,"href":"https:\/\/www.obispadorqta.org.ar\/v3\/wp-json\/wp\/v2\/tags?post=1235"}],"curies":[{"name":"wp","href":"https:\/\/api.w.org\/{rel}","templated":true}]}}