{"id":1240,"date":"2016-07-25T12:41:07","date_gmt":"2016-07-25T12:41:07","guid":{"rendered":"http:\/\/www.obispadorqta.org.ar\/v3\/avisos-parroquiales-23\/"},"modified":"2017-04-17T14:17:55","modified_gmt":"2017-04-17T14:17:55","slug":"avisos-parroquiales-23","status":"publish","type":"post","link":"https:\/\/www.obispadorqta.org.ar\/v3\/avisos-parroquiales-23\/","title":{"rendered":"AVISOS PARROQUIALES"},"content":{"rendered":"<div style=\"text-align: center\"><img loading=\"lazy\" decoding=\"async\" src=\"https:\/\/scontent-grt2-1.xx.fbcdn.net\/v\/t1.0-9\/1506053_578094348953727_329175415_n.jpg?oh=6ae2ca764c76de548d2dfd0cfd6e726f&#038;oe=57C7D30C\" border=\"0\" width=\"300\" height=\"214\" align=\"middle\" \/><\/div>\n<div align=\"left\">\u00a0 <\/div>\n<div align=\"left\"><font color=\"#FF0000\"><u style=\"line-height: normal\"><strong><span style=\"font-size: 12pt; line-height: 107%; font-family: 'Raspoutine Classic'\">PARROQUIA <\/span><\/strong><strong><span style=\"font-size: 12pt; line-height: 107%; font-family: 'Raspoutine Classic'\">\u201c<\/span><\/strong><strong><span style=\"font-size: 12pt; line-height: 107%; font-family: 'Raspoutine Classic'\">INMACULADA CONCEPCI<\/span><\/strong><strong><span style=\"font-size: 12pt; line-height: 107%; font-family: 'Raspoutine Classic'\">\u00d3<\/span><\/strong><strong><span style=\"font-size: 12pt; line-height: 107%; font-family: 'Raspoutine Classic'\">N<\/span><\/strong><strong><span style=\"font-size: 12pt; line-height: 107%; font-family: 'Raspoutine Classic'\">\u201d<\/span><\/strong><strong><span style=\"font-size: 12pt; line-height: 107%; font-family: 'Raspoutine Classic'\"> &#8211; RECONQUISTA<\/span><\/strong><\/u><\/font><\/div>\n<div align=\"left\">\u00a0<\/div>\n<p align=\"justify\"><font style=\"font-family: Arial,Helvetica,sans-serif; font-size: 12px; font-style: normal; line-height: normal\" color=\"#000000\"><strong>NOVENA EN HONOR A SAN CAYETANO:<\/strong> Se rezar\u00e1 en Catedral desde el viernes\u00a0 29 a las 18 hs. <\/font><\/p>\n<p><font style=\"font-family: Arial,Helvetica,sans-serif; font-size: 12px; font-style: normal; line-height: normal\" color=\"#000000\"><strong>RENOVACI\u00d3N DE ALIANZAS MATRIMONIALES:<\/strong>  a los matrimonios que celebran su aniversario de bodas en JULIO, se los  invita a renovar las promesas matrimoniales en Catedral y en Capilla  Esp\u00edritu Santo, en las misas del s\u00e1bado 30.<\/font><\/p>\n<p><font style=\"font-family: Arial,Helvetica,sans-serif; font-size: 12px; font-style: normal; line-height: normal\" color=\"#000000\"><strong>PEREGRINACION JUVENIL A ITATI:<\/strong> se inscribir\u00e1 de lunes a viernes de 16 a 21 hs en el sal\u00f3n parroquial. <\/font><\/p>\n<p><font style=\"font-family: Arial,Helvetica,sans-serif; font-size: 12px; font-style: normal; line-height: normal\" color=\"#000000\"><u><strong>MISAS DE LA SEMANA<\/strong><\/u><strong><br \/>Martes 26 al\u00a0 Viernes 29<\/strong><u><br \/><\/u>06:30\u00a0\u00a0 Catedral<br \/>19:15\u00a0\u00a0 Catedral<\/font><\/p>\n<p><font style=\"font-family: Arial,Helvetica,sans-serif; font-size: 12px; font-style: normal; line-height: normal\" color=\"#000000\"><strong>S\u00e1bado 30<\/strong><u><br \/><\/u>18:30\u00a0\u00a0 Capilla Transfiguraci\u00f3n del Se\u00f1or (Bo Fraternidad)<br \/>19:00\u00a0 Catedral<u><br \/><\/u>20:00\u00a0\u00a0 Capilla Esp\u00edritu Santo (Bo San Mart\u00edn)<\/font><\/p>\n<p style=\"font-family: Arial,Helvetica,sans-serif; font-size: 12px; font-style: normal; line-height: normal\"><font color=\"#000000\"><strong>Domingo 31<\/strong><br \/>10:30\u00a0\u00a0 Catedral<br \/>19:00\u00a0\u00a0 Catedral <br \/>19:00\u00a0\u00a0 Capilla Itat\u00ed (Bo Sarmiento)<\/font><\/p>\n<p style=\"font-family: Arial,Helvetica,sans-serif; font-size: 12px; font-style: normal; line-height: normal\">&nbsp;<\/p>\n<p style=\"font-family: Arial,Helvetica,sans-serif; font-size: 12px; font-style: normal; line-height: normal\"><font color=\"#FF0000\"><u style=\"line-height: normal\"><strong><span style=\"font-size: 12pt; line-height: 107%; font-family: 'Raspoutine Classic'\">PARROQUIA <\/span><\/strong><strong><span style=\"font-size: 12pt; line-height: 107%; font-family: 'Raspoutine Classic'\">\u201c<\/span><\/strong><strong><span style=\"font-size: 12pt; line-height: 107%; font-family: 'Raspoutine Classic'\">NUESTRA SE\u00d1ORA DE LA MERCED\u00bb &#8211; AVELLANEDA<\/span><\/strong><\/u><\/font><\/p>\n<p style=\"font-family: Arial,Helvetica,sans-serif; font-size: 12px; font-style: normal; line-height: normal\">\u00a0<img loading=\"lazy\" decoding=\"async\" src=\"https:\/\/scontent-eze1-1.xx.fbcdn.net\/v\/t1.0-9\/13769569_1462055447145364_3814726799875421308_n.jpg?oh=a050647507717444c8b4f446e2b53cd1&#038;oe=58179C7F\" border=\"0\" width=\"300\" height=\"350\" align=\"left\" \/><\/p>\n<p style=\"font-family: Arial,Helvetica,sans-serif; font-size: 12px; font-style: normal; line-height: normal\">\u00a0<img loading=\"lazy\" decoding=\"async\" src=\"https:\/\/scontent-eze1-1.xx.fbcdn.net\/v\/t1.0-9\/13754193_1459944967356412_7356124370288879502_n.jpg?oh=36216322351c19333be369dbf184f3cc&#038;oe=581ACBC2\" border=\"0\" width=\"234\" height=\"193\" align=\"middle\" \/> <\/p>\n<div align=\"left\">\u00a0<img loading=\"lazy\" decoding=\"async\" src=\"https:\/\/scontent-eze1-1.xx.fbcdn.net\/v\/t1.0-9\/13716016_1459942787356630_5912780964040912533_n.jpg?oh=fc25ceefe70775de62ffee76988f6151&#038;oe=57E8DCEA\" border=\"0\" width=\"268\" height=\"142\" align=\"middle\" \/><\/div>\n<div align=\"left\">\u00a0<\/div>\n<div align=\"left\">\u00a0<\/div>\n<div align=\"left\">\u00a0<\/div>\n<div align=\"left\"><font color=\"#FF0000\"><u style=\"line-height: normal\"><strong><span style=\"font-size: 12pt; line-height: 107%; font-family: 'Raspoutine Classic'\">PARROQUIA <\/span><\/strong><strong><span style=\"font-size: 12pt; line-height: 107%; font-family: 'Raspoutine Classic'\">\u201c<\/span><\/strong><strong><span style=\"font-size: 12pt; line-height: 107%; font-family: 'Raspoutine Classic'\">SAN ROQUE\u00bb &#8211; RECONQUISTA<\/span><\/strong><\/u><\/font><\/div>\n<div align=\"left\">\u00a0<\/div>\n<p><\/p>\n<div align=\"left\">\u00a0<\/div>\n<div align=\"left\"><font color=\"#FF0000\"><u style=\"line-height: normal\"><strong><span style=\"font-size: 12pt; line-height: 107%; font-family: 'Raspoutine Classic'\">PARROQUIA <\/span><\/strong><strong><span style=\"font-size: 12pt; line-height: 107%; font-family: 'Raspoutine Classic'\">\u201c<\/span><\/strong><strong><span style=\"font-size: 12pt; line-height: 107%; font-family: 'Raspoutine Classic'\">SAN LUIS GONZAGA\u00bb &#8211; CALCHAQU\u00cd<\/span><\/strong><\/u><\/font><\/div>\n<div align=\"left\">\u00a0<\/div>\n<p><font style=\"font-family: Arial,Helvetica,sans-serif; font-size: 12px; font-style: normal; line-height: normal\" color=\"#000000\">\u00a0\u00a0 <\/font><\/p>\n<div align=\"left\">\u00a0<\/div>\n<div align=\"left\"><font color=\"#FF0000\"><u style=\"line-height: normal\"><strong><span style=\"font-size: 12pt; line-height: 107%; font-family: 'Raspoutine Classic'\">PARROQUIA <\/span><\/strong><strong><span style=\"font-size: 12pt; line-height: 107%; font-family: 'Raspoutine Classic'\">\u201c<\/span><\/strong><strong><span style=\"font-size: 12pt; line-height: 107%; font-family: 'Raspoutine Classic'\">SAN JUAN BAUTISTA\u00bb &#8211; VERA<\/span><\/strong><\/u><\/font><\/div>\n<div align=\"left\">\u00a0<\/div>\n<p><\/p>\n<div align=\"left\">\u00a0<\/div>\n<div><font color=\"#FF0000\"><u style=\"line-height: normal\"><strong><span style=\"font-size: 12pt; line-height: 107%; font-family: 'Raspoutine Classic'\">PARROQUIA <\/span><\/strong><strong><span style=\"font-size: 12pt; line-height: 107%; font-family: 'Raspoutine Classic'\">\u201c<\/span><\/strong><strong><span style=\"font-size: 12pt; line-height: 107%; font-family: 'Raspoutine Classic'\">NUESTRA SE\u00d1ORA DEL HUERTO\u00bb &#8211; MALABRIGO<\/span><\/strong><\/u><\/font><\/div>\n<div>\u00a0<\/div>\n<div style=\"font-family: Arial,Helvetica,sans-serif; font-size: 12px; font-style: normal; line-height: normal\"><font color=\"#000000\"><u><strong>Martes 26 <\/strong><\/u><br \/>19,30 hs Misa en el Templo <br \/><\/font><\/p>\n<div align=\"justify\"><font color=\"#000000\"><strong><u>Consejo Pastoral Parroquial:<\/u> Reuni\u00f3n extraordinaria <\/strong><\/font><br \/><font color=\"#000000\">El  pr\u00f3ximo jueves 28 de julio, a las 20,15 hs, tendremos una reuni\u00f3n  extraordinaria del Consejo Pastoral, ser\u00e1 una ocasi\u00f3n propicia para  conocer m\u00e1s al nuevo p\u00e1rroco y compartir con \u00e9l nuestro caminar  pastoral.<\/font><br \/><font color=\"#000000\">Cada grupo, comisi\u00f3n o  movimiento de la Parroquia, deber\u00e1 enviar un delegado a esta reuni\u00f3n en  la que compartir\u00e1n verbalmente las consignas que figuran a continuaci\u00f3n:<\/font><br \/><font color=\"#000000\">1)- Breve historia del grupo, comisi\u00f3n o movimiento (tiempo de funcionamiento, integrantes en general, coordinaci\u00f3n).<\/font><br \/><font color=\"#000000\">2)-  Valores y fortalezas que aporta a la pastoral parroquial (horarios de  reuniones, actividades y acciones pastorales, aportes concretos a la  parroquia).<\/font><br \/><font color=\"#000000\">3)- Dificultades y problemas que desear\u00edan solucionar o mejorar.<\/font><br \/><font color=\"#000000\">4)- Sugerencias al nuevo p\u00e1rroco.<\/font><br \/><font color=\"#000000\">\u00a0  \u00a0\u00a0\u00a0 Recordemos que nuestro nuevo p\u00e1rroco inicia su ministerio entre  nosotros a mitad de a\u00f1o, por lo tanto debemos ponerlo al tanto de  nuestro camino realizado y compartir con todos los grupos lo que nos  distingue y preocupa.<\/font><\/div>\n<p><font color=\"#000000\"><br \/><u><strong>Mi\u00e9rcoles 27<\/strong><\/u><br \/>19,30 hs Celebraci\u00f3n de la Palabra <br \/><strong><u>Talleres de Oraci\u00f3n y Vida<\/u> <\/strong><br \/>A partir del mes de agosto comienza un nuevo ciclo de los Talleres de Oraci\u00f3n y Vida.<br \/><strong>El martes 9<\/strong> en barrio San Nicol\u00e1s a las 14 hs<br \/><strong>El s\u00e1bado 13 <\/strong>en barrio San Jos\u00e9 a las 15 hs<br \/><strong>El mi\u00e9rcoles 17<\/strong> c\u00edrculo de adultos a las 20 hs<br \/><strong>El martes 30<\/strong> en el Sal\u00f3n Parroquial para j\u00f3venes a las 20,30 hs.<br \/>\u00a0Informes e inscripci\u00f3n en la Secretar\u00eda Parroquial<\/p>\n<p><u><strong>Jueves 28<\/strong><\/u><br \/>19,30 hs Misa en el Templo <br \/>20,15  hs Reuni\u00f3n del Consejo Pastoral Parroquial. Que cada comisi\u00f3n env\u00ede su  delegado para informar las actividades al nuevo p\u00e1rroco<br \/><u><strong>Peregrinaci\u00f3n juvenil a Itat\u00ed<\/strong><\/u><br \/>Se encuentra abierta la inscripci\u00f3n en secretar\u00eda parroquial. Costo del pasaje $ 950.<\/p>\n<p><u><strong>Viernes 29<\/strong><\/u><br \/>19,30 hs Misa en el Templo <\/p>\n<p><u><strong>S\u00e1bado 30<\/strong><\/u><br \/>19,00 hs Misa en el Templo<\/p>\n<p><u><strong>Domingo 31<\/strong><\/u><br \/>08,30 hs Misa en Barrio Santa Rosa<br \/>10,00 hs Misa en Berna<br \/>19,00 hs Misa en el Templo<\/font><br \/>\u00a0<\/div>\n<p><\/p>\n<div align=\"left\">\u00a0<\/div>\n<div align=\"left\"><font color=\"#FF0000\"><u style=\"line-height: normal\"><strong><span style=\"font-size: 12pt; line-height: 107%; font-family: 'Raspoutine Classic'\">PARROQUIA <\/span><\/strong><strong><span style=\"font-size: 12pt; line-height: 107%; font-family: 'Raspoutine Classic'\">\u201c<\/span><\/strong><strong><span style=\"font-size: 12pt; line-height: 107%; font-family: 'Raspoutine Classic'\">SAGRADO CORAZ\u00d3N DE JES\u00daS\u00bb &#8211; ROMANG<\/span><\/strong><\/u><\/font><\/div>\n<div align=\"left\">\u00a0<\/div>\n<div align=\"left\"><u><strong><font color=\"#000000\">Lunes 25<\/font><\/strong><\/u><\/div>\n<div align=\"left\"><font color=\"#000000\">19 hs Rezo del rosario en la ermita de la Virgen Schoenstatt<\/p>\n<p><u><strong>Mi\u00e9rcoles 27<\/strong><\/u><\/font><\/div>\n<div align=\"left\"><font color=\"#000000\">18,00 hs Misa Capilla Esp\u00edritu Santo.<br \/>\u00a0<br \/><u><strong>Jueves 28<\/strong><\/u><\/font><\/div>\n<div align=\"left\"><font color=\"#000000\">17,30 hs Misa en el hogar de ancianos.19,30 hs. Misa en Costa Itat\u00ed. Luego reuni\u00f3n con la comisi\u00f3n de la Capilla<br \/>\u00a0<br \/><u><strong>S\u00e1bado 30<\/strong><\/u><\/font><\/div>\n<div><font color=\"#000000\">15,00 hs. Curso Parroquial de Liturgia (traer mate y para escribir)<br \/>\u00a0<br \/><u><strong>Domingo 31<\/strong><\/u><br \/>17,00 hs. Reuni\u00f3n Grupos de Padres de C.E.P.A.R. (Comisi\u00f3n Ecum\u00e9nica para Prevenci\u00f3n de Adicciones de Romang) en el Templo.<br \/>19,00 hs. Misa en el Templo.<br \/>\u00a0<br \/><\/font><\/p>\n<div align=\"justify\"><font color=\"#000000\"><u><strong>CURSO PARROQUIAL DE LITURGIA:<\/strong><\/u>  Se invita a todos a la 2\u00aa formaci\u00f3n en Liturgia que se llevar\u00e1 a cabo  este s\u00e1bado 30 desde las 15 hs.\u00a0 Profundizaremos en conceptos b\u00e1sicos:  especialmente sobre las partes de la misa deteni\u00e9ndonos en tema gestos y  posturas en la celebraci\u00f3n, ruido lit\u00fargico, etc.\u00a0 Traer para escribir y  compartir (mate y algo m\u00e1s). <\/font><\/div>\n<p>\u00a0<\/p><\/div>\n<div align=\"left\"><font style=\"font-family: Arial,Helvetica,sans-serif; font-size: 12px; font-style: normal; line-height: normal\" color=\"#000000\">\u00a0<\/font><\/div>\n<div align=\"left\">\u00a0<\/div>\n<div>\n<div><font color=\"#FF0000\"><u style=\"line-height: normal\"><strong><span style=\"font-size: 12pt; line-height: 107%; font-family: 'Raspoutine Classic'\">PARROQUIA <\/span><\/strong><strong><span style=\"font-size: 12pt; line-height: 107%; font-family: 'Raspoutine Classic'\">\u201c<\/span><\/strong><strong><span style=\"font-size: 12pt; line-height: 107%; font-family: 'Raspoutine Classic'\">SAN ROQUE\u00bb &#8211; MARGARITA<\/span><\/strong><\/u><\/font><\/div>\n<div>\u00a0<\/div>\n<div style=\"font-family: Arial,Helvetica,sans-serif; font-size: 12px; font-style: normal; line-height: normal\"><font color=\"#000000\"><u><strong>MARTES 26 DE JULIO<\/strong><\/u><br \/>14 hs Reuni\u00f3n de liturgia<br \/>16 hs Misa en el Centro de Jubilados en honor a Santa Ana y San Joaqu\u00edn, abuelos de Jes\u00fas.<br \/>20 hs Reuni\u00f3n de Cursillo<\/p>\n<p><u><strong>MI\u00c9RCOLES 27 DE JULIO<\/strong><\/u><br \/>20 HS Reuni\u00f3n de Animadoras de IAM<\/p>\n<p><u><strong>JUEVES 28 DE JULIO<\/strong><\/u><br \/>20 hs Reuni\u00f3n de Consejo Pastoral para la preparaci\u00f3n de la Fiesta Patronal.<\/p>\n<p><u><strong>VIERNES 29 DE JULIO<\/strong><\/u><br \/>18 hs Misa al Sagrado Coraz\u00f3n en el templo<\/p>\n<p><u><strong>S\u00c1BADO 30 DE JULIO <\/strong><\/u><br \/>19 hs Misa en el templo.<\/p>\n<p><u><strong>DOMINGO 31 DE JULIO<\/strong><\/u><br \/>19 hs Santa Misa en el templo.<\/p>\n<p><em><strong>Est\u00e1n  a la venta los bonos contribuci\u00f3n de la parroquia. Solicitarlos\u00a0 en  secretar\u00eda o a\u00a0 los miembros de las distintas comisiones<\/strong><\/em><\/p>\n<p>\u00a0<\/font><\/div>\n<\/div>\n<div>\u00a0<\/div>\n<div><font color=\"#FF0000\"><u style=\"line-height: normal\"><strong><span style=\"font-size: 12pt; line-height: 107%; font-family: 'Raspoutine Classic'\">PARROQUIA <\/span><\/strong><strong><span style=\"font-size: 12pt; line-height: 107%; font-family: 'Raspoutine Classic'\">\u201c<\/span><\/strong><strong><span style=\"font-size: 12pt; line-height: 107%; font-family: 'Raspoutine Classic'\">NUESTRA SE\u00d1ORA DE ITAT\u00cd\u00bb -FORT\u00cdN OLMOS<\/span><\/strong><\/u><\/font><\/div>\n<div>\u00a0<\/div>\n<div><font color=\"#000000\"><u><strong>Jueves 28 de Julio<\/strong><\/u><br \/>19:00 hs Reuni\u00f3n en preparaci\u00f3n a la Fiesta Patrona<u><strong>l<\/strong><\/u><\/font><\/div>\n<div>\u00a0<\/div>\n<div><font color=\"#000000\"><u><strong>Viernes 29 de Julio<\/strong><\/u><br \/>17:00 hs Celebraci\u00f3n de la misa en Km 101 (Pozo de los Indios) Comienza la novena de la Fiesta Patronal a San Cayetano.<br \/>20:00 hs Momento de oraci\u00f3n y reflexi\u00f3n con los que participar\u00e1n de la peregrinaci\u00f3n juvenil\u00a0 a la Bas\u00edlica de Nuestra Se\u00f1ora de Itat\u00ed, Corrientes.<\/font><\/div>\n<div>\u00a0<\/div>\n<div><font color=\"#000000\"><u><strong>S\u00e1bado 30 de Julio<\/strong><\/u><br \/>17:00 hs Celebraci\u00f3n de bautismos en el Km 101 (Pozo de los Indios) en el marco de la novena a San Cayetano.<br \/>19:00 hs Celebraci\u00f3n de la misa en el Templo Parroquial \u2013 Fort\u00edn Olmos<\/font><\/div>\n<div>\u00a0<\/div>\n<div><font color=\"#000000\"><u><strong>Domingo 31 de Julio<\/strong><\/u><br \/>&#8212;&#8212;&#8212;&#8212;&#8212;&#8212;&#8212;&#8212;&#8212;&#8212;&#8212;&#8212;&#8212;&#8211;<br \/>\u00a0\u00a0\u00a0\u00a0\u00a0\u00a0\u00a0\u00a0\u00a0\u00a0\u00a0\u00a0 <br \/><u><strong>Fiesta Patronal<\/strong><\/u><br \/>De acuerdo con la reuni\u00f3n del Viernes 15, se resolvi\u00f3 realizar la Fiesta <strong>el d\u00eda lunes 15 de agosto<\/strong>. <br \/>El lema es: <em>\u201cVuelve a nosotros esos tus ojos misericordiosos\u201d.<\/em><br \/>Se invita a que cada \u00e1rea pastoral y cada grupo pueda ir pensando c\u00f3mo llevar adelante en la semana previa a la Fiesta una\u00a0 de las obras de misericordia.<br \/>La pr\u00f3xima reuni\u00f3n donde se ir\u00e1n decidiendo las actividades ser\u00e1 el jueves 28 de julio a las 19 hs.<br \/>\u00a0<br \/><u><strong>Peregrinaci\u00f3n a Itat\u00ed<\/strong><\/u><br \/>Pr\u00f3xima reuni\u00f3n con los peregrinos el viernes 29 de julio a las 20 hs. Realizaremos un momento de oraci\u00f3n, formaci\u00f3n y espiritualidad.\u00a0 \u00a0 \u00a0 \u00a0 \u00a0 \u00a0 \u00a0 \u00a0 \u00a0 \u00a0 \u00a0 \u00a0 \u00a0 \u00a0 \u00a0 \u00a0 \u00a0 \u00a0 \u00a0 \u00a0 \u00a0 \u00a0 \u00a0 \u00a0 \u00a0 \u00a0 \u00a0 \u00a0 \u00a0 \u00a0 \u00a0 \u00a0 \u00a0 \u00a0 \u00a0 \u00a0 \u00a0 \u00a0 \u00a0 \u00a0 \u00a0 \u00a0 \u00a0 \u00a0 \u00a0 \u00a0 \u00a0 \u00a0 \u00a0 \u00a0 \u00a0 \u00a0 \u00a0 \u00a0 \u00a0 \u00a0 \u00a0 \u00a0 \u00a0 \u00a0 \u00a0 \u00a0 \u00a0 \u00a0 \u00a0 \u00a0 \u00a0 \u00a0 \u00a0 \u00a0 \u00a0 \u00a0 \u00a0 \u00a0 \u00a0 \u00a0 \u00a0 <\/font>\u00a0 \u00a0 \u00a0 \u00a0 \u00a0 \u00a0 \u00a0 \u00a0 \u00a0 \u00a0 \u00a0 \u00a0 \u00a0 \u00a0 \u00a0 \u00a0 \u00a0 \u00a0 \u00a0 \u00a0 \u00a0<\/p>\n<\/div>\n<div>\u00a0   \u00a0 \u00a0 \u00a0\u00a0 \u00a0 \u00a0 \u00a0 \u00a0 \u00a0 \u00a0 \u00a0 \u00a0 \u00a0 \u00a0 \u00a0 \u00a0 \u00a0 \u00a0 \u00a0 \u00a0 \u00a0 \u00a0 \u00a0 \u00a0 \u00a0 \u00a0 \u00a0 \u00a0 \u00a0   \u00a0 \u00a0 \u00a0 \u00a0 \u00a0 \u00a0 \u00a0 \u00a0 \u00a0 \u00a0 \u00a0 \u00a0 \u00a0 \u00a0 \u00a0 \u00a0 \u00a0 \u00a0 \u00a0 \u00a0 \u00a0 \u00a0 \u00a0 \u00a0 \u00a0 \u00a0 \u00a0 \u00a0 \u00a0 \u00a0 \u00a0 \u00a0 \u00a0 \u00a0 \u00a0 \u00a0   \u00a0 \u00a0 \u00a0 \u00a0 \u00a0 \u00a0 \u00a0 \u00a0 \u00a0\u00a0 \u00a0 <font color=\"#FF0000\"><u style=\"line-height: normal\"><strong><span style=\"font-size: 12pt; line-height: 107%; font-family: 'Raspoutine Classic'\">PARROQUIA <\/span><\/strong><strong><span style=\"font-size: 12pt; line-height: 107%; font-family: 'Raspoutine Classic'\">\u201c<\/span><\/strong><strong><span style=\"font-size: 12pt; line-height: 107%; font-family: 'Raspoutine Classic'\">NUESTRA SE\u00d1ORA DEL ROSARIO\u00bb &#8211; LANTERI<\/span><\/strong><\/u><\/font><\/div>\n<div>\u00a0<\/div>\n<div><font color=\"#000000\"><u><strong>Martes 26<\/strong><\/u><br \/>17:30\u00a0\u00a0 Reuni\u00f3n con los Catequistas de Lanteri.<br \/>18:00\u00a0\u00a0 Adoraci\u00f3n al Sant\u00edsimo en Lanteri.<br \/>19:30\u00a0\u00a0 Reuni\u00f3n en Las Garzas con todos.<\/font><\/div>\n<div>\u00a0<\/div>\n<div><font color=\"#000000\"><u><strong>Mi\u00e9rcoles 27<\/strong><\/u><br \/>19:00\u00a0\u00a0 Misa en Central 2<\/font><\/div>\n<div>\u00a0<\/div>\n<div><font color=\"#000000\"><u><strong>Jueves 28<\/strong><\/u><br \/>19:30\u00a0\u00a0 Misa Acci\u00f3n de Gracias por los 70 a\u00f1os de la capilla de los Lapachos y toda la vivencia de fe.<\/font><\/div>\n<div>\u00a0<\/div>\n<div><font color=\"#000000\"><u><strong>Viernes 29<\/strong><\/u><br \/>17:30\u00a0\u00a0 Misa en el Hospital Reconquista.<\/font><\/div>\n<div>\u00a0<\/div>\n<div><font color=\"#000000\"><u><strong>S\u00e1bado 30<\/strong><\/u><br \/>De 14 a 17:30 encuentro con todos los chico de confirmaci\u00f3n en Chanourdie.<br \/>19:30\u00a0\u00a0 Misa en Lanteri<\/font><\/div>\n<div>\u00a0<\/div>\n<div><font color=\"#000000\"><u><strong>Domingo 31<\/strong><\/u><br \/>09:30\u00a0\u00a0 Misa en el Tapialito.<\/font> <\/div>\n<div>\u00a0<\/div>\n","protected":false},"excerpt":{"rendered":"<div class=\"mh-excerpt\"><div style=\"text-align: center\"><img loading=\"lazy\" decoding=\"async\" src=\"https:\/\/scontent-grt2-1.xx.fbcdn.net\/v\/t1.0-9\/1506053_578094348953727_329175415_n.jpg?oh=6ae2ca764c76de548d2dfd0cfd6e726f&#038;oe=57C7D30C\" border=\"0\" width=\"300\" height=\"214\" align=\"middle\" \/><\/div>\n<div align=\"left\">\u00a0<\/p>\n<\/div>","protected":false},"author":1,"featured_media":0,"comment_status":"closed","ping_status":"open","sticky":false,"template":"","format":"standard","meta":{"footnotes":""},"categories":[28],"tags":[],"class_list":["post-1240","post","type-post","status-publish","format-standard","hentry","category-latest-news"],"_links":{"self":[{"href":"https:\/\/www.obispadorqta.org.ar\/v3\/wp-json\/wp\/v2\/posts\/1240","targetHints":{"allow":["GET"]}}],"collection":[{"href":"https:\/\/www.obispadorqta.org.ar\/v3\/wp-json\/wp\/v2\/posts"}],"about":[{"href":"https:\/\/www.obispadorqta.org.ar\/v3\/wp-json\/wp\/v2\/types\/post"}],"author":[{"embeddable":true,"href":"https:\/\/www.obispadorqta.org.ar\/v3\/wp-json\/wp\/v2\/users\/1"}],"replies":[{"embeddable":true,"href":"https:\/\/www.obispadorqta.org.ar\/v3\/wp-json\/wp\/v2\/comments?post=1240"}],"version-history":[{"count":1,"href":"https:\/\/www.obispadorqta.org.ar\/v3\/wp-json\/wp\/v2\/posts\/1240\/revisions"}],"predecessor-version":[{"id":1452,"href":"https:\/\/www.obispadorqta.org.ar\/v3\/wp-json\/wp\/v2\/posts\/1240\/revisions\/1452"}],"wp:attachment":[{"href":"https:\/\/www.obispadorqta.org.ar\/v3\/wp-json\/wp\/v2\/media?parent=1240"}],"wp:term":[{"taxonomy":"category","embeddable":true,"href":"https:\/\/www.obispadorqta.org.ar\/v3\/wp-json\/wp\/v2\/categories?post=1240"},{"taxonomy":"post_tag","embeddable":true,"href":"https:\/\/www.obispadorqta.org.ar\/v3\/wp-json\/wp\/v2\/tags?post=1240"}],"curies":[{"name":"wp","href":"https:\/\/api.w.org\/{rel}","templated":true}]}}