{"id":12404,"date":"2026-09-01T08:51:40","date_gmt":"2026-09-01T11:51:40","guid":{"rendered":"https:\/\/www.obispadorqta.org.ar\/v3\/?p=12404"},"modified":"2026-09-01T08:52:41","modified_gmt":"2026-09-01T11:52:41","slug":"mes-de-la-biblia-2026-les-dejo-la-paz-les-doy-mi-paz","status":"publish","type":"post","link":"https:\/\/www.obispadorqta.org.ar\/v3\/mes-de-la-biblia-2026-les-dejo-la-paz-les-doy-mi-paz\/","title":{"rendered":"Mes de la Biblia 2026: \u00abLes dejo la paz, les doy mi paz\u00bb"},"content":{"rendered":"<p class=\"isSelectedEnd\" style=\"text-align: justify;\">Durante todo el mes de septiembre, la Iglesia celebra el <strong>Mes de la Biblia<\/strong>, un tiempo especialmente propicio para renovar el encuentro con la Palabra de Dios y dejar que ella ilumine nuestra vida y nuestro camino de fe.<\/p>\n<p class=\"isSelectedEnd\" style=\"text-align: justify;\">En este sentido, los miembros del Departamento Nacional de Animaci\u00f3n y Pastoral B\u00edblica (Denapbi) de la Conferencia Episcopal Argentina (CEA) invitan a vivir este mes con el coraz\u00f3n abierto a la Palabra de Dios, bajo la consigna: <em><strong>\u00abLes dejo la paz, les doy mi paz\u00bb <\/strong><\/em>(Jn 14,27).<\/p>\n<p class=\"isSelectedEnd\" style=\"text-align: justify;\">La propuesta invita a profundizar, desde la Sagrada Escritura, el mensaje evang\u00e9lico de la paz, la reconciliaci\u00f3n y la esperanza, en sinton\u00eda con el magisterio del papa Le\u00f3n XIV.<\/p>\n<p class=\"isSelectedEnd\" style=\"text-align: justify;\">El lema toma las palabras de Jes\u00fas en el Evangelio seg\u00fan san Juan, quien ofrece a sus disc\u00edpulos una paz que no depende de las circunstancias y que permanece aun en medio de las dificultades.<\/p>\n<p class=\"isSelectedEnd\" style=\"text-align: justify;\">Asimismo, la consigna recoge el esp\u00edritu del primer mensaje pronunciado por el papa Le\u00f3n XIV el 8 de mayo de 2025, luego de su elecci\u00f3n como sucesor de Francisco. En aquella oportunidad, el Santo Padre hizo memoria del saludo de Cristo Resucitado y expres\u00f3 su deseo de que la paz del Se\u00f1or llegara <em>\u00aba sus corazones, a sus familias, a todas las personas, dondequiera que est\u00e9n, a todos los pueblos, a toda la tierra\u00bb<\/em>.<\/p>\n<p style=\"text-align: justify;\">De este modo, el Mes de la Biblia 2026 se presenta como una oportunidad para renovar el encuentro con la Sagrada Escritura y descubrir en ella una fuente viva de paz, reconciliaci\u00f3n y esperanza. Que este tiempo nos ayude a dejarnos transformar por la Palabra y a ser, en nuestras comunidades y en la sociedad, constructores de fraternidad y testigos de la paz de Cristo.<\/p>\n","protected":false},"excerpt":{"rendered":"<div class=\"mh-excerpt\"><p>Durante todo el mes de septiembre, la Iglesia celebra el Mes de la Biblia, un tiempo especialmente propicio para renovar el encuentro con la Palabra <a class=\"mh-excerpt-more\" href=\"https:\/\/www.obispadorqta.org.ar\/v3\/mes-de-la-biblia-2026-les-dejo-la-paz-les-doy-mi-paz\/\" title=\"Mes de la Biblia 2026: \u00abLes dejo la paz, les doy mi paz\u00bb\">[&#8230;]<\/a><\/p>\n<\/div>","protected":false},"author":2,"featured_media":12407,"comment_status":"closed","ping_status":"open","sticky":false,"template":"","format":"standard","meta":{"footnotes":""},"categories":[6,28],"tags":[],"class_list":["post-12404","post","type-post","status-publish","format-standard","has-post-thumbnail","hentry","category-news","category-latest-news"],"_links":{"self":[{"href":"https:\/\/www.obispadorqta.org.ar\/v3\/wp-json\/wp\/v2\/posts\/12404","targetHints":{"allow":["GET"]}}],"collection":[{"href":"https:\/\/www.obispadorqta.org.ar\/v3\/wp-json\/wp\/v2\/posts"}],"about":[{"href":"https:\/\/www.obispadorqta.org.ar\/v3\/wp-json\/wp\/v2\/types\/post"}],"author":[{"embeddable":true,"href":"https:\/\/www.obispadorqta.org.ar\/v3\/wp-json\/wp\/v2\/users\/2"}],"replies":[{"embeddable":true,"href":"https:\/\/www.obispadorqta.org.ar\/v3\/wp-json\/wp\/v2\/comments?post=12404"}],"version-history":[{"count":1,"href":"https:\/\/www.obispadorqta.org.ar\/v3\/wp-json\/wp\/v2\/posts\/12404\/revisions"}],"predecessor-version":[{"id":12406,"href":"https:\/\/www.obispadorqta.org.ar\/v3\/wp-json\/wp\/v2\/posts\/12404\/revisions\/12406"}],"wp:featuredmedia":[{"embeddable":true,"href":"https:\/\/www.obispadorqta.org.ar\/v3\/wp-json\/wp\/v2\/media\/12407"}],"wp:attachment":[{"href":"https:\/\/www.obispadorqta.org.ar\/v3\/wp-json\/wp\/v2\/media?parent=12404"}],"wp:term":[{"taxonomy":"category","embeddable":true,"href":"https:\/\/www.obispadorqta.org.ar\/v3\/wp-json\/wp\/v2\/categories?post=12404"},{"taxonomy":"post_tag","embeddable":true,"href":"https:\/\/www.obispadorqta.org.ar\/v3\/wp-json\/wp\/v2\/tags?post=12404"}],"curies":[{"name":"wp","href":"https:\/\/api.w.org\/{rel}","templated":true}]}}