{"id":12408,"date":"2026-09-01T09:42:28","date_gmt":"2026-09-01T12:42:28","guid":{"rendered":"https:\/\/www.obispadorqta.org.ar\/v3\/?p=12408"},"modified":"2026-09-01T09:42:48","modified_gmt":"2026-09-01T12:42:48","slug":"jornada-mundial-de-oracion-por-el-cuidado-de-la-creacion-2026","status":"publish","type":"post","link":"https:\/\/www.obispadorqta.org.ar\/v3\/jornada-mundial-de-oracion-por-el-cuidado-de-la-creacion-2026\/","title":{"rendered":"Jornada Mundial de Oraci\u00f3n por el Cuidado de la Creaci\u00f3n 2026"},"content":{"rendered":"<p style=\"text-align: justify;\">Cada 1 de septiembre, la Iglesia celebra la <strong>Jornada Mundial de Oraci\u00f3n por el Cuidado de la Creaci\u00f3n<\/strong>, una invitaci\u00f3n a elevar nuestra oraci\u00f3n al Dios Creador y a renovar el compromiso cristiano con el cuidado de nuestra casa com\u00fan.<\/p>\n<p style=\"text-align: justify;\">El Tiempo de la Creaci\u00f3n, que se extiende hasta el 4 de octubre, memoria lit\u00fargica de san Francisco de As\u00eds, patrono de la ecolog\u00eda. Durante este per\u00edodo, los cristianos de distintas confesiones est\u00e1n llamados a unirse en la oraci\u00f3n, la reflexi\u00f3n y la acci\u00f3n por el cuidado de la creaci\u00f3n.<\/p>\n<p style=\"text-align: justify;\">Para la Jornada de este a\u00f1o, el papa Le\u00f3n XIV propone como lema las palabras del profeta Isa\u00edas: <strong><em>\u00abCon sus espadas forjar\u00e1n arados y podaderas con sus lanzas\u00bb<\/em> <\/strong>(Is 2,4). La imagen b\u00edblica expresa el anhelo de transformar aquello que genera destrucci\u00f3n y violencia en instrumentos al servicio de la vida, la fraternidad y el cuidado.<\/p>\n<p style=\"text-align: justify;\">En su mensaje, el Santo Padre invita a contemplar el don de la vida y la tierra que la sustenta como motivos para alabar al Creador. Desde esta perspectiva, el cuidado de la creaci\u00f3n no puede separarse de la construcci\u00f3n de la paz: una humanidad reconciliada con Dios, con los dem\u00e1s y con la casa com\u00fan est\u00e1 llamada a convertirse en instrumento de vida y esperanza.<\/p>\n<p style=\"text-align: justify;\">El llamado del Papa nos recuerda que la crisis ecol\u00f3gica y las situaciones de violencia que afectan a tantos pueblos no son realidades aisladas. Frente a ellas, los cristianos estamos llamados a promover una verdadera conversi\u00f3n ecol\u00f3gica, que se traduzca en gestos concretos de cuidado, solidaridad y responsabilidad.<\/p>\n<p style=\"text-align: justify;\">Que esta Jornada Mundial de Oraci\u00f3n por el Cuidado de la Creaci\u00f3n nos ayude a escuchar el clamor de la tierra y de los m\u00e1s vulnerables, a agradecer el don de la vida y a renovar nuestro compromiso con el cuidado de nuestra casa com\u00fan.<\/p>\n<p style=\"text-align: justify;\">Que el Se\u00f1or nos conceda la gracia de convertir nuestros corazones y nuestras acciones en instrumentos de paz, para que, como anuncia el profeta Isa\u00edas, podamos transformar las armas en herramientas de vida y dejar que el <em><strong>Agua Viva de Dios<\/strong><\/em> renueve nuestras comunidades y toda la creaci\u00f3n.<\/p>\n","protected":false},"excerpt":{"rendered":"<div class=\"mh-excerpt\"><p>Cada 1 de septiembre, la Iglesia celebra la Jornada Mundial de Oraci\u00f3n por el Cuidado de la Creaci\u00f3n, una invitaci\u00f3n a elevar nuestra oraci\u00f3n al <a class=\"mh-excerpt-more\" href=\"https:\/\/www.obispadorqta.org.ar\/v3\/jornada-mundial-de-oracion-por-el-cuidado-de-la-creacion-2026\/\" title=\"Jornada Mundial de Oraci\u00f3n por el Cuidado de la Creaci\u00f3n 2026\">[&#8230;]<\/a><\/p>\n<\/div>","protected":false},"author":2,"featured_media":12409,"comment_status":"closed","ping_status":"open","sticky":false,"template":"","format":"standard","meta":{"footnotes":""},"categories":[6,28],"tags":[],"class_list":["post-12408","post","type-post","status-publish","format-standard","has-post-thumbnail","hentry","category-news","category-latest-news"],"_links":{"self":[{"href":"https:\/\/www.obispadorqta.org.ar\/v3\/wp-json\/wp\/v2\/posts\/12408","targetHints":{"allow":["GET"]}}],"collection":[{"href":"https:\/\/www.obispadorqta.org.ar\/v3\/wp-json\/wp\/v2\/posts"}],"about":[{"href":"https:\/\/www.obispadorqta.org.ar\/v3\/wp-json\/wp\/v2\/types\/post"}],"author":[{"embeddable":true,"href":"https:\/\/www.obispadorqta.org.ar\/v3\/wp-json\/wp\/v2\/users\/2"}],"replies":[{"embeddable":true,"href":"https:\/\/www.obispadorqta.org.ar\/v3\/wp-json\/wp\/v2\/comments?post=12408"}],"version-history":[{"count":1,"href":"https:\/\/www.obispadorqta.org.ar\/v3\/wp-json\/wp\/v2\/posts\/12408\/revisions"}],"predecessor-version":[{"id":12410,"href":"https:\/\/www.obispadorqta.org.ar\/v3\/wp-json\/wp\/v2\/posts\/12408\/revisions\/12410"}],"wp:featuredmedia":[{"embeddable":true,"href":"https:\/\/www.obispadorqta.org.ar\/v3\/wp-json\/wp\/v2\/media\/12409"}],"wp:attachment":[{"href":"https:\/\/www.obispadorqta.org.ar\/v3\/wp-json\/wp\/v2\/media?parent=12408"}],"wp:term":[{"taxonomy":"category","embeddable":true,"href":"https:\/\/www.obispadorqta.org.ar\/v3\/wp-json\/wp\/v2\/categories?post=12408"},{"taxonomy":"post_tag","embeddable":true,"href":"https:\/\/www.obispadorqta.org.ar\/v3\/wp-json\/wp\/v2\/tags?post=12408"}],"curies":[{"name":"wp","href":"https:\/\/api.w.org\/{rel}","templated":true}]}}