{"id":12412,"date":"2026-09-03T09:05:51","date_gmt":"2026-09-03T12:05:51","guid":{"rendered":"https:\/\/www.obispadorqta.org.ar\/v3\/?p=12412"},"modified":"2026-09-03T09:05:52","modified_gmt":"2026-09-03T12:05:52","slug":"semana-de-formacion","status":"publish","type":"post","link":"https:\/\/www.obispadorqta.org.ar\/v3\/semana-de-formacion\/","title":{"rendered":"Semana de Formaci\u00f3n"},"content":{"rendered":"<p style=\"text-align: justify;\">El Obispado de Reconquista informa que, seg\u00fan lo establecido en el Calendario Diocesano, se llevar\u00e1 adelante una nueva Semana de Formaci\u00f3n Permanente del Presbiterio, el mismo ser\u00e1\u00a0 en Casa Itat\u00ed de Avellaneda, desde el lunes 7 hasta el jueves 10 de septiembre.<\/p>\n<p style=\"text-align: justify;\">Estos d\u00edas ser\u00e1n una oportunidad para encontrarse como presbiterio, fortalecer los v\u00ednculos fraternos y dedicar un tiempo especial a la formaci\u00f3n, la reflexi\u00f3n y el discernimiento sobre algunos aspectos importantes de la vida y misi\u00f3n sacerdotal.<\/p>\n<p style=\"text-align: justify;\">Entre los temas previstos para estos d\u00edas se encuentran:<\/p>\n<ul>\n<li style=\"text-align: justify;\">La revisi\u00f3n de las Zonas Pastorales.<\/li>\n<li style=\"text-align: justify;\">El Diaconado Permanente.<\/li>\n<li style=\"text-align: justify;\">La formaci\u00f3n sacerdotal, que contar\u00e1 con el acompa\u00f1amiento del Pbro. Miguel L\u00f3pez, de la Arquidi\u00f3cesis de Paran\u00e1.<\/li>\n<\/ul>\n<p style=\"text-align: justify;\">Que esta semana sea un espacio de encuentro, fraternidad, escucha y renovaci\u00f3n, donde todos puedan compartir sus experiencias, inquietudes y b\u00fasquedas, y dejarse interpelar por los desaf\u00edos que hoy tienen como presbiterio.<\/p>\n<p style=\"text-align: justify;\">Que el Se\u00f1or les conceda vivir este encuentro como un tiempo de gracia y que Mar\u00eda, Madre de los sacerdotes, los acompa\u00f1e en este camino.<\/p>\n","protected":false},"excerpt":{"rendered":"<div class=\"mh-excerpt\"><p>El Obispado de Reconquista informa que, seg\u00fan lo establecido en el Calendario Diocesano, se llevar\u00e1 adelante una nueva Semana de Formaci\u00f3n Permanente del Presbiterio, el <a class=\"mh-excerpt-more\" href=\"https:\/\/www.obispadorqta.org.ar\/v3\/semana-de-formacion\/\" title=\"Semana de Formaci\u00f3n\">[&#8230;]<\/a><\/p>\n<\/div>","protected":false},"author":5,"featured_media":12023,"comment_status":"closed","ping_status":"open","sticky":false,"template":"","format":"standard","meta":{"footnotes":""},"categories":[1],"tags":[],"class_list":["post-12412","post","type-post","status-publish","format-standard","has-post-thumbnail","hentry","category-sin-categoria"],"_links":{"self":[{"href":"https:\/\/www.obispadorqta.org.ar\/v3\/wp-json\/wp\/v2\/posts\/12412","targetHints":{"allow":["GET"]}}],"collection":[{"href":"https:\/\/www.obispadorqta.org.ar\/v3\/wp-json\/wp\/v2\/posts"}],"about":[{"href":"https:\/\/www.obispadorqta.org.ar\/v3\/wp-json\/wp\/v2\/types\/post"}],"author":[{"embeddable":true,"href":"https:\/\/www.obispadorqta.org.ar\/v3\/wp-json\/wp\/v2\/users\/5"}],"replies":[{"embeddable":true,"href":"https:\/\/www.obispadorqta.org.ar\/v3\/wp-json\/wp\/v2\/comments?post=12412"}],"version-history":[{"count":2,"href":"https:\/\/www.obispadorqta.org.ar\/v3\/wp-json\/wp\/v2\/posts\/12412\/revisions"}],"predecessor-version":[{"id":12414,"href":"https:\/\/www.obispadorqta.org.ar\/v3\/wp-json\/wp\/v2\/posts\/12412\/revisions\/12414"}],"wp:featuredmedia":[{"embeddable":true,"href":"https:\/\/www.obispadorqta.org.ar\/v3\/wp-json\/wp\/v2\/media\/12023"}],"wp:attachment":[{"href":"https:\/\/www.obispadorqta.org.ar\/v3\/wp-json\/wp\/v2\/media?parent=12412"}],"wp:term":[{"taxonomy":"category","embeddable":true,"href":"https:\/\/www.obispadorqta.org.ar\/v3\/wp-json\/wp\/v2\/categories?post=12412"},{"taxonomy":"post_tag","embeddable":true,"href":"https:\/\/www.obispadorqta.org.ar\/v3\/wp-json\/wp\/v2\/tags?post=12412"}],"curies":[{"name":"wp","href":"https:\/\/api.w.org\/{rel}","templated":true}]}}