{"id":12415,"date":"2026-09-04T10:25:54","date_gmt":"2026-09-04T13:25:54","guid":{"rendered":"https:\/\/www.obispadorqta.org.ar\/v3\/?p=12415"},"modified":"2026-09-04T10:25:54","modified_gmt":"2026-09-04T13:25:54","slug":"v-jornada-de-trabajo-social","status":"publish","type":"post","link":"https:\/\/www.obispadorqta.org.ar\/v3\/v-jornada-de-trabajo-social\/","title":{"rendered":"V Jornada de Trabajo Social"},"content":{"rendered":"<h3 class=\"PDq2pG_selectionAnchorContainer\" style=\"text-align: justify;\" data-section-id=\"lscj8q\" data-start=\"370\" data-end=\"557\">El Instituto Superior Particular Incorporado Juan XXIII invita a participar de una jornada de debate y formaci\u00f3n sobre el R\u00e9gimen de Justicia Juvenil y su implementaci\u00f3n en la regi\u00f3n.<\/h3>\n<p style=\"text-align: justify;\" data-start=\"559\" data-end=\"862\">El pr\u00f3ximo <strong data-start=\"570\" data-end=\"590\">10 de septiembre<\/strong> se llevar\u00e1 a cabo en la ciudad de <strong data-start=\"625\" data-end=\"640\">Reconquista<\/strong> la <strong data-start=\"644\" data-end=\"675\">V Jornada de Trabajo Social<\/strong>, organizada por el <strong data-start=\"695\" data-end=\"751\">Instituto Superior Particular Incorporado Juan XXIII<\/strong>, que en esta edici\u00f3n tendr\u00e1 como eje el <strong data-start=\"792\" data-end=\"861\">\u201cR\u00e9gimen de Justicia Juvenil: adolescencia, comunidad y justicia\u201d<\/strong>.<\/p>\n<p style=\"text-align: justify;\" data-start=\"864\" data-end=\"1159\">La propuesta se desarrollar\u00e1 de <strong data-start=\"896\" data-end=\"919\">14:30 a 21:00 horas<\/strong>, en <strong data-start=\"924\" data-end=\"987\">Gandino Eventos, ubicado en Ley 1420 N.\u00ba 465 de Reconquista<\/strong>, y estar\u00e1 orientada a generar un espacio de <strong data-start=\"1032\" data-end=\"1065\">debate, formaci\u00f3n y reflexi\u00f3n<\/strong> en torno a la implementaci\u00f3n de la <strong data-start=\"1101\" data-end=\"1158\">Ley 27.801, R\u00e9gimen de Justicia Juvenil, en la regi\u00f3n<\/strong>.<\/p>\n<p style=\"text-align: justify;\" data-start=\"1161\" data-end=\"1513\">La jornada contar\u00e1 con la <strong data-start=\"1187\" data-end=\"1250\">coordinaci\u00f3n de Osvaldo Marc\u00f3n, Doctor en Ciencias Sociales<\/strong>, quien acompa\u00f1ar\u00e1 el desarrollo de este espacio de reflexi\u00f3n sobre las realidades que atraviesan los adolescentes, la comunidad y el sistema de justicia, favoreciendo una mirada que permita profundizar en los desaf\u00edos que plantea la tem\u00e1tica en nuestro contexto.<\/p>\n<p style=\"text-align: justify;\" data-start=\"1515\" data-end=\"1784\">La actividad busca constituirse en una instancia de encuentro y formaci\u00f3n para quienes est\u00e1n vinculados con esta realidad desde distintos \u00e1mbitos, promoviendo el intercambio de experiencias y conocimientos en torno a la adolescencia, la comunidad y la justicia.<\/p>\n<p style=\"text-align: justify;\" data-start=\"1786\" data-end=\"1874\">Al finalizar la jornada se realizar\u00e1 la <strong data-start=\"1826\" data-end=\"1853\">entrega de certificados<\/strong> a los participantes.<\/p>\n<p style=\"text-align: justify;\" data-start=\"1876\" data-end=\"1999\">Las inscripciones se encuentran abiertas y pueden realizarse a trav\u00e9s del siguiente link:<\/p>\n<p data-start=\"1876\" data-end=\"1999\"><a href=\"https:\/\/docs.google.com\/forms\/d\/e\/1FAIpQLSdcp_UjzPt7-fmvAr66Ye92HCxFHeXI9dPfFlJfYmnXSSdcbQ\/viewform?pli=1\">INSCRIPCIONES<\/a><\/p>\n<p data-start=\"1876\" data-end=\"1999\">O escaneando el c\u00f3digo QR en la siguiente im\u00e1gen.<\/p>\n\n<div class=\"wp-block-image\">\n<figure class=\"aligncenter size-large\"><img loading=\"lazy\" decoding=\"async\" width=\"726\" height=\"1024\" src=\"https:\/\/www.obispadorqta.org.ar\/v3\/wp-content\/uploads\/2026\/09\/WhatsApp-Image-2026-09-03-at-10.16.49-726x1024.jpeg\" alt=\"\" class=\"wp-image-12418\" srcset=\"https:\/\/www.obispadorqta.org.ar\/v3\/wp-content\/uploads\/2026\/09\/WhatsApp-Image-2026-09-03-at-10.16.49-726x1024.jpeg 726w, https:\/\/www.obispadorqta.org.ar\/v3\/wp-content\/uploads\/2026\/09\/WhatsApp-Image-2026-09-03-at-10.16.49-213x300.jpeg 213w, https:\/\/www.obispadorqta.org.ar\/v3\/wp-content\/uploads\/2026\/09\/WhatsApp-Image-2026-09-03-at-10.16.49-768x1082.jpeg 768w, https:\/\/www.obispadorqta.org.ar\/v3\/wp-content\/uploads\/2026\/09\/WhatsApp-Image-2026-09-03-at-10.16.49-1090x1536.jpeg 1090w, https:\/\/www.obispadorqta.org.ar\/v3\/wp-content\/uploads\/2026\/09\/WhatsApp-Image-2026-09-03-at-10.16.49.jpeg 1135w\" sizes=\"auto, (max-width: 726px) 100vw, 726px\" \/><\/figure>\n<\/div>","protected":false},"excerpt":{"rendered":"<div class=\"mh-excerpt\"><p>El Instituto Superior Particular Incorporado Juan XXIII invita a participar de una jornada de debate y formaci\u00f3n sobre el R\u00e9gimen de Justicia Juvenil y su <a class=\"mh-excerpt-more\" href=\"https:\/\/www.obispadorqta.org.ar\/v3\/v-jornada-de-trabajo-social\/\" title=\"V Jornada de Trabajo Social\">[&#8230;]<\/a><\/p>\n<\/div>","protected":false},"author":5,"featured_media":12416,"comment_status":"closed","ping_status":"open","sticky":false,"template":"","format":"standard","meta":{"footnotes":""},"categories":[6,28],"tags":[],"class_list":["post-12415","post","type-post","status-publish","format-standard","has-post-thumbnail","hentry","category-news","category-latest-news"],"_links":{"self":[{"href":"https:\/\/www.obispadorqta.org.ar\/v3\/wp-json\/wp\/v2\/posts\/12415","targetHints":{"allow":["GET"]}}],"collection":[{"href":"https:\/\/www.obispadorqta.org.ar\/v3\/wp-json\/wp\/v2\/posts"}],"about":[{"href":"https:\/\/www.obispadorqta.org.ar\/v3\/wp-json\/wp\/v2\/types\/post"}],"author":[{"embeddable":true,"href":"https:\/\/www.obispadorqta.org.ar\/v3\/wp-json\/wp\/v2\/users\/5"}],"replies":[{"embeddable":true,"href":"https:\/\/www.obispadorqta.org.ar\/v3\/wp-json\/wp\/v2\/comments?post=12415"}],"version-history":[{"count":2,"href":"https:\/\/www.obispadorqta.org.ar\/v3\/wp-json\/wp\/v2\/posts\/12415\/revisions"}],"predecessor-version":[{"id":12419,"href":"https:\/\/www.obispadorqta.org.ar\/v3\/wp-json\/wp\/v2\/posts\/12415\/revisions\/12419"}],"wp:featuredmedia":[{"embeddable":true,"href":"https:\/\/www.obispadorqta.org.ar\/v3\/wp-json\/wp\/v2\/media\/12416"}],"wp:attachment":[{"href":"https:\/\/www.obispadorqta.org.ar\/v3\/wp-json\/wp\/v2\/media?parent=12415"}],"wp:term":[{"taxonomy":"category","embeddable":true,"href":"https:\/\/www.obispadorqta.org.ar\/v3\/wp-json\/wp\/v2\/categories?post=12415"},{"taxonomy":"post_tag","embeddable":true,"href":"https:\/\/www.obispadorqta.org.ar\/v3\/wp-json\/wp\/v2\/tags?post=12415"}],"curies":[{"name":"wp","href":"https:\/\/api.w.org\/{rel}","templated":true}]}}