{"id":1242,"date":"2016-07-28T13:48:41","date_gmt":"2016-07-28T13:48:41","guid":{"rendered":"http:\/\/www.obispadorqta.org.ar\/v3\/tribunaldiocesano\/"},"modified":"2016-07-28T13:48:41","modified_gmt":"2016-07-28T13:48:41","slug":"tribunaldiocesano","status":"publish","type":"post","link":"https:\/\/www.obispadorqta.org.ar\/v3\/tribunaldiocesano\/","title":{"rendered":"Creaci\u00f3n del Tribunal Di\u00f3cesano de Primera Instancia para la declaraci\u00f3n de las causas de nulidad matrimonial"},"content":{"rendered":"<div style=\"text-align: center\"><img loading=\"lazy\" decoding=\"async\" src=\"https:\/\/scontent-eze1-1.xx.fbcdn.net\/v\/t1.0-9\/13709918_1040205729409251_4670766763408243735_n.jpg?oh=fa06ad8d73b61354584b2cc266210457&#038;oe=582738D1\" border=\"0\" width=\"400\" height=\"203\" \/><\/div>\n<div style=\"text-align: center\">\u00a0<\/div>\n<div style=\"text-align: justify\">En el marco del A\u00f1o Jubilar de la Misericordia, el obispo de la Di\u00f3cesis de Reconquista, Monse\u00f1or Dr. \u00c1ngel Jos\u00e9 Mac\u00edn cre\u00f3 el Tribunal Di\u00f3cesano de Primera Instancia para la declaraci\u00f3n de las causas de nulidad matrimonial, con vista en \u201cla reforma de los procesos de nulidad matrimonial, aprobada por el papa Francisco, con el Motu Proprio Mitis Iudex Dominus Iesus del 15 de agosto de 2015.<\/div>\n<div style=\"text-align: justify\"><\/div>\n<div style=\"text-align: justify\">Por decreto protocolo n\u00famero 018\/16 del Obispo Diocesano, Mons. Dr. \u00c1ngel Jos\u00e9 Mac\u00edn con fecha del nueve de junio del presente a\u00f1o, se establece que este Tribunal Diocesano comience a operar desde el d\u00eda 01 de agosto de 2016 en la Sede del Tribunal, ubicada en calle Fuerza A\u00e9rea Argentina (calle 43) N\u00ba 860 de la ciudad de Reconquista, cuyos horarios de atenci\u00f3n son de martes a viernes de 09 a 12 Hs. y de 16 a 19 Hs. Tel.: (03482) \u2013 423864. Email: tribunal@obispadorqta.org.ar \u00a0<\/div>\n<div style=\"text-align: justify\"><\/div>\n<div>\u00a0<\/div>\n<div>\u00a0<\/div>\n","protected":false},"excerpt":{"rendered":"<div class=\"mh-excerpt\"><p>\u00a0 En el marco del A\u00f1o Jubilar de la Misericordia, el obispo de la Di\u00f3cesis de Reconquista, Monse\u00f1or Dr. \u00c1ngel Jos\u00e9 Mac\u00edn cre\u00f3 el Tribunal <a class=\"mh-excerpt-more\" href=\"https:\/\/www.obispadorqta.org.ar\/v3\/tribunaldiocesano\/\" title=\"Creaci\u00f3n del Tribunal Di\u00f3cesano de Primera Instancia para la declaraci\u00f3n de las causas de nulidad matrimonial\">[&#8230;]<\/a><\/p>\n<\/div>","protected":false},"author":1,"featured_media":0,"comment_status":"open","ping_status":"open","sticky":false,"template":"","format":"standard","meta":{"footnotes":""},"categories":[28],"tags":[],"class_list":["post-1242","post","type-post","status-publish","format-standard","hentry","category-latest-news"],"_links":{"self":[{"href":"https:\/\/www.obispadorqta.org.ar\/v3\/wp-json\/wp\/v2\/posts\/1242","targetHints":{"allow":["GET"]}}],"collection":[{"href":"https:\/\/www.obispadorqta.org.ar\/v3\/wp-json\/wp\/v2\/posts"}],"about":[{"href":"https:\/\/www.obispadorqta.org.ar\/v3\/wp-json\/wp\/v2\/types\/post"}],"author":[{"embeddable":true,"href":"https:\/\/www.obispadorqta.org.ar\/v3\/wp-json\/wp\/v2\/users\/1"}],"replies":[{"embeddable":true,"href":"https:\/\/www.obispadorqta.org.ar\/v3\/wp-json\/wp\/v2\/comments?post=1242"}],"version-history":[{"count":0,"href":"https:\/\/www.obispadorqta.org.ar\/v3\/wp-json\/wp\/v2\/posts\/1242\/revisions"}],"wp:attachment":[{"href":"https:\/\/www.obispadorqta.org.ar\/v3\/wp-json\/wp\/v2\/media?parent=1242"}],"wp:term":[{"taxonomy":"category","embeddable":true,"href":"https:\/\/www.obispadorqta.org.ar\/v3\/wp-json\/wp\/v2\/categories?post=1242"},{"taxonomy":"post_tag","embeddable":true,"href":"https:\/\/www.obispadorqta.org.ar\/v3\/wp-json\/wp\/v2\/tags?post=1242"}],"curies":[{"name":"wp","href":"https:\/\/api.w.org\/{rel}","templated":true}]}}