{"id":12421,"date":"2026-09-04T11:34:39","date_gmt":"2026-09-04T14:34:39","guid":{"rendered":"https:\/\/www.obispadorqta.org.ar\/v3\/?p=12421"},"modified":"2026-09-04T11:35:08","modified_gmt":"2026-09-04T14:35:08","slug":"colecta-nacional-mas-por-menos-compartir-con-alegria-esperanza-de-muchos","status":"publish","type":"post","link":"https:\/\/www.obispadorqta.org.ar\/v3\/colecta-nacional-mas-por-menos-compartir-con-alegria-esperanza-de-muchos\/","title":{"rendered":"Colecta Nacional M\u00e1s por Menos: \u00abCompartir con alegr\u00eda, esperanza de muchos\u00bb"},"content":{"rendered":"<p style=\"text-align: justify;\">El s\u00e1bado 12 y domingo 13 de septiembre se realizar\u00e1 una nueva edici\u00f3n de la Colecta Nacional M\u00e1s por Menos, una de las campa\u00f1as solidarias de mayor alcance y trayectoria de la Argentina. Organizada por la Comisi\u00f3n Episcopal de Ayuda a las Regiones M\u00e1s Necesitadas de la Conferencia Episcopal Argentina, este a\u00f1o lleva por lema <em><strong>\u00abCompartir con alegr\u00eda, esperanza de muchos\u00bb<\/strong><\/em>.<\/p>\n<p style=\"text-align: justify;\">La colecta se llevar\u00e1 a cabo en parroquias, capillas y comunidades de todo el pa\u00eds, invitando a todos a sumarse con generosidad y a ser parte de esta iniciativa que busca acompa\u00f1ar a quienes m\u00e1s lo necesitan.<\/p>\n<p style=\"text-align: justify;\">Con m\u00e1s de medio siglo de historia, M\u00e1s por Menos constituye un puente solidario entre quienes pueden colaborar y quienes atraviesan situaciones de mayor vulnerabilidad. Los fondos recaudados se destinan a proyectos de promoci\u00f3n humana, social y pastoral en las regiones m\u00e1s necesitadas del pa\u00eds, especialmente en comunidades del interior.<\/p>\n<p style=\"text-align: justify;\">A trav\u00e9s de esta iniciativa se sostienen numerosos proyectos y obras concretas: comedores infantiles y populares, construcci\u00f3n y reparaci\u00f3n de viviendas, emprendimientos laborales, hogares para ni\u00f1os y residencias para adultos mayores, centros de salud, establecimientos educativos y talleres de artes y oficios, entre otras acciones destinadas a acompa\u00f1ar y promover a las comunidades.<\/p>\n<p style=\"text-align: justify;\">La posibilidad de colaborar no se limita al fin de semana central. Quienes deseen realizar su aporte pueden hacerlo durante todo el a\u00f1o a trav\u00e9s de diferentes medios, entre ellos transferencia o dep\u00f3sito bancario, c\u00f3digo QR, tarjetas de cr\u00e9dito o d\u00e9bito y en las sucursales de Pago F\u00e1cil de todo el pa\u00eds.<\/p>\n<p style=\"text-align: justify;\">Para conocer m\u00e1s sobre la Colecta Nacional M\u00e1s por Menos, sus proyectos y las distintas formas de colaborar, se puede visitar el sitio oficial: <a href=\"http:\/\/colectamaspormenos.com\/\">colectamaspormenos.com<\/a>.<\/p>\n<p style=\"text-align: justify;\">Asimismo, la campa\u00f1a pone a disposici\u00f3n informaci\u00f3n detallada sobre el destino de los fondos recaudados, promoviendo la transparencia y la rendici\u00f3n de cuentas: <a href=\"http:\/\/colectamaspormenos.com\/destino-de-los-fondos.html\">colectamaspormenos.com\/destino-de-los-fondos.html<\/a>.<\/p>\n<p style=\"text-align: justify;\"><em><strong>Lo que das, multiplica solidaridad. Compartir con alegr\u00eda es llevar esperanza a muchos.<\/strong><\/em><\/p>\n","protected":false},"excerpt":{"rendered":"<div class=\"mh-excerpt\"><p>El s\u00e1bado 12 y domingo 13 de septiembre se realizar\u00e1 una nueva edici\u00f3n de la Colecta Nacional M\u00e1s por Menos, una de las campa\u00f1as solidarias <a class=\"mh-excerpt-more\" href=\"https:\/\/www.obispadorqta.org.ar\/v3\/colecta-nacional-mas-por-menos-compartir-con-alegria-esperanza-de-muchos\/\" title=\"Colecta Nacional M\u00e1s por Menos: \u00abCompartir con alegr\u00eda, esperanza de muchos\u00bb\">[&#8230;]<\/a><\/p>\n<\/div>","protected":false},"author":2,"featured_media":12425,"comment_status":"closed","ping_status":"open","sticky":false,"template":"","format":"standard","meta":{"footnotes":""},"categories":[6,28],"tags":[],"class_list":["post-12421","post","type-post","status-publish","format-standard","has-post-thumbnail","hentry","category-news","category-latest-news"],"_links":{"self":[{"href":"https:\/\/www.obispadorqta.org.ar\/v3\/wp-json\/wp\/v2\/posts\/12421","targetHints":{"allow":["GET"]}}],"collection":[{"href":"https:\/\/www.obispadorqta.org.ar\/v3\/wp-json\/wp\/v2\/posts"}],"about":[{"href":"https:\/\/www.obispadorqta.org.ar\/v3\/wp-json\/wp\/v2\/types\/post"}],"author":[{"embeddable":true,"href":"https:\/\/www.obispadorqta.org.ar\/v3\/wp-json\/wp\/v2\/users\/2"}],"replies":[{"embeddable":true,"href":"https:\/\/www.obispadorqta.org.ar\/v3\/wp-json\/wp\/v2\/comments?post=12421"}],"version-history":[{"count":1,"href":"https:\/\/www.obispadorqta.org.ar\/v3\/wp-json\/wp\/v2\/posts\/12421\/revisions"}],"predecessor-version":[{"id":12423,"href":"https:\/\/www.obispadorqta.org.ar\/v3\/wp-json\/wp\/v2\/posts\/12421\/revisions\/12423"}],"wp:featuredmedia":[{"embeddable":true,"href":"https:\/\/www.obispadorqta.org.ar\/v3\/wp-json\/wp\/v2\/media\/12425"}],"wp:attachment":[{"href":"https:\/\/www.obispadorqta.org.ar\/v3\/wp-json\/wp\/v2\/media?parent=12421"}],"wp:term":[{"taxonomy":"category","embeddable":true,"href":"https:\/\/www.obispadorqta.org.ar\/v3\/wp-json\/wp\/v2\/categories?post=12421"},{"taxonomy":"post_tag","embeddable":true,"href":"https:\/\/www.obispadorqta.org.ar\/v3\/wp-json\/wp\/v2\/tags?post=12421"}],"curies":[{"name":"wp","href":"https:\/\/api.w.org\/{rel}","templated":true}]}}