{"id":1247,"date":"2016-08-03T13:58:24","date_gmt":"2016-08-03T13:58:24","guid":{"rendered":"http:\/\/www.obispadorqta.org.ar\/v3\/yaccuzziiiiii\/"},"modified":"2016-08-03T13:58:24","modified_gmt":"2016-08-03T13:58:24","slug":"yaccuzziiiiii","status":"publish","type":"post","link":"https:\/\/www.obispadorqta.org.ar\/v3\/yaccuzziiiiii\/","title":{"rendered":"MEMORIA DEL P. ARMANDO YACUZZI"},"content":{"rendered":"<div style=\"text-align: center\"><img loading=\"lazy\" decoding=\"async\" src=\"https:\/\/fbcdn-photos-d-a.akamaihd.net\/hphotos-ak-xlf1\/v\/t1.0-0\/s526x395\/13882248_1044898042273353_2060038427369852577_n.jpg?oh=2bb051807f37fcdafa259afab7e851bb&#038;oe=581E74A0&#038;__gda__=1482495596_b5d656b1a76f35e4912ce26218aa4022\" border=\"0\" width=\"279\" height=\"395\" \/><\/div>\n<div style=\"text-align: justify\">\u00a0<\/div>\n<div style=\"text-align: justify\">El viernes 5 de Agosto recordamos el segundo aniversario de la Pascua del P. Armando Yacuzzi. Lo vamos a recordar con una celebraci\u00f3n en el Templo Parroquial de Villa Guillermina, lugar donde el P. Armando paso buena parte de su ministerio sacerdotal. La Misa en su memoria ser\u00e1 presidida por el obispo diocesano, Mons. \u00c1ngel Jos\u00e9 Mac\u00edn y se realizar\u00e1 en el Templo Parroquial, a las 19 hs.<\/div>\n<div>\u00a0<\/div>\n<div>\u00a0<\/div>\n","protected":false},"excerpt":{"rendered":"<div class=\"mh-excerpt\"><p>\u00a0 El viernes 5 de Agosto recordamos el segundo aniversario de la Pascua del P. Armando Yacuzzi. Lo vamos a recordar con una celebraci\u00f3n en <a class=\"mh-excerpt-more\" href=\"https:\/\/www.obispadorqta.org.ar\/v3\/yaccuzziiiiii\/\" title=\"MEMORIA DEL P. ARMANDO YACUZZI\">[&#8230;]<\/a><\/p>\n<\/div>","protected":false},"author":1,"featured_media":0,"comment_status":"open","ping_status":"open","sticky":false,"template":"","format":"standard","meta":{"footnotes":""},"categories":[28],"tags":[],"class_list":["post-1247","post","type-post","status-publish","format-standard","hentry","category-latest-news"],"_links":{"self":[{"href":"https:\/\/www.obispadorqta.org.ar\/v3\/wp-json\/wp\/v2\/posts\/1247","targetHints":{"allow":["GET"]}}],"collection":[{"href":"https:\/\/www.obispadorqta.org.ar\/v3\/wp-json\/wp\/v2\/posts"}],"about":[{"href":"https:\/\/www.obispadorqta.org.ar\/v3\/wp-json\/wp\/v2\/types\/post"}],"author":[{"embeddable":true,"href":"https:\/\/www.obispadorqta.org.ar\/v3\/wp-json\/wp\/v2\/users\/1"}],"replies":[{"embeddable":true,"href":"https:\/\/www.obispadorqta.org.ar\/v3\/wp-json\/wp\/v2\/comments?post=1247"}],"version-history":[{"count":0,"href":"https:\/\/www.obispadorqta.org.ar\/v3\/wp-json\/wp\/v2\/posts\/1247\/revisions"}],"wp:attachment":[{"href":"https:\/\/www.obispadorqta.org.ar\/v3\/wp-json\/wp\/v2\/media?parent=1247"}],"wp:term":[{"taxonomy":"category","embeddable":true,"href":"https:\/\/www.obispadorqta.org.ar\/v3\/wp-json\/wp\/v2\/categories?post=1247"},{"taxonomy":"post_tag","embeddable":true,"href":"https:\/\/www.obispadorqta.org.ar\/v3\/wp-json\/wp\/v2\/tags?post=1247"}],"curies":[{"name":"wp","href":"https:\/\/api.w.org\/{rel}","templated":true}]}}