{"id":1260,"date":"2016-08-23T13:23:31","date_gmt":"2016-08-23T13:23:31","guid":{"rendered":"http:\/\/www.obispadorqta.org.ar\/v3\/visita-pastoral-de-mons-angel-jose-macin\/"},"modified":"2016-08-23T13:23:31","modified_gmt":"2016-08-23T13:23:31","slug":"visita-pastoral-de-mons-angel-jose-macin","status":"publish","type":"post","link":"https:\/\/www.obispadorqta.org.ar\/v3\/visita-pastoral-de-mons-angel-jose-macin\/","title":{"rendered":"Visita Pastoral de Mons \u00c1ngel Jos\u00e9 Mac\u00edn"},"content":{"rendered":"<div style=\"text-align: center\"><img loading=\"lazy\" decoding=\"async\" src=\"https:\/\/scontent-eze1-1.xx.fbcdn.net\/v\/t1.0-0\/p235x350\/14102353_1063271877102636_1822068445302347134_n.jpg?oh=5e5a725f8f5593c2c7d38481f5d445a2&#038;oe=584C5882\" border=\"0\" width=\"400\" height=\"273\" \/><\/div>\n<div style=\"text-align: center\"> \u00a0<\/div>\n<div style=\"text-align: center\">\n<div align=\"left\"><font color=\"#000000\"><span class=\"fbPhotosPhotoCaption\"><span class=\"hasCaption\"><\/p>\n<div id=\"id_57bc5014196230083299860\" class=\"text_exposed_root text_exposed\"><strong>Lunes 22 de Agosto<\/strong><\/div>\n<div id=\"id_57bc5014196230083299860\" class=\"text_exposed_root text_exposed\">Llegada a la comunidad<\/div>\n<div id=\"id_57bc5014196230083299860\" class=\"text_exposed_root text_exposed\">\u00a0<\/div>\n<p><\/span><\/span><\/font><\/div>\n<div align=\"left\"><font color=\"#000000\"><span class=\"fbPhotosPhotoCaption\"><\/span><\/font><strong><font color=\"#000000\"><span class=\"fbPhotosPhotoCaption\"><span class=\"hasCaption\"><\/p>\n<div id=\"id_57bc5014196230083299860\" class=\"text_exposed_root text_exposed\"><span class=\"text_exposed_show\">Martes 23 de Agosto<\/span><\/div>\n<p><\/span><\/span><\/font><\/strong><\/div>\n<p><font color=\"#000000\"><\/font><font color=\"#000000\"><\/font><font color=\"#000000\"><\/font><font color=\"#000000\"><\/font><font color=\"#000000\"><\/font><font color=\"#000000\"><\/font><font color=\"#000000\"><\/font><font color=\"#000000\"><span class=\"fbPhotosPhotoCaption\"><span class=\"hasCaption\"><\/p>\n<div id=\"id_57bc5014196230083299860\" class=\"text_exposed_root text_exposed\">  <\/div>\n<p><\/span><\/span><\/font><font color=\"#000000\"><span class=\"fbPhotosPhotoCaption\"><\/span><\/font><\/p>\n<div align=\"left\"><font color=\"#000000\"><span class=\"fbPhotosPhotoCaption\"><span class=\"hasCaption\"><\/p>\n<div id=\"id_57bc5014196230083299860\" class=\"text_exposed_root text_exposed\"><span class=\"text_exposed_show\">19:00 hs. Reuni\u00f3n general con todas las \u00e1reas y comisiones de la  parroquia.  Los que forman parte de catequesis, liturgia, caritas, entre  otros, est\u00e1n todos invitados.<\/span><\/div>\n<p><\/span><\/span><\/font><\/div>\n<div align=\"left\"><font color=\"#000000\"><\/font><font color=\"#000000\"><\/font><font color=\"#000000\"><\/font><font color=\"#000000\"><\/font><font color=\"#000000\"><\/font><font color=\"#000000\"><\/font><font color=\"#000000\"><\/font><font color=\"#000000\"><\/font><font color=\"#000000\"><\/font><font color=\"#000000\"><\/font><font color=\"#000000\"><\/font><font color=\"#000000\"><\/font><font color=\"#000000\"><\/font><font color=\"#000000\"><\/font><br \/><strong><font color=\"#000000\"><span class=\"fbPhotosPhotoCaption\"><span class=\"hasCaption\"><\/p>\n<div id=\"id_57bc5014196230083299860\" class=\"text_exposed_root text_exposed\"><span class=\"text_exposed_show\">Mi\u00e9rcoles 24 de Agosto<\/span><\/div>\n<p><\/span><\/span><\/font><\/strong><\/div>\n<div align=\"left\"><font color=\"#000000\"><span class=\"fbPhotosPhotoCaption\"><span class=\"hasCaption\"><\/p>\n<div id=\"id_57bc5014196230083299860\" class=\"text_exposed_root text_exposed\"><span class=\"text_exposed_show\"> 18:30 hs Encuentro con el \u00e1rea catequesis. Especialmente con padres de ni\u00f1os que se preparan a la Primera comuni\u00f3n.<\/span><\/div>\n<div id=\"id_57bc5014196230083299860\" class=\"text_exposed_root text_exposed\">\u00a0<\/div>\n<p><\/span><\/span><\/font><\/div>\n<p><font color=\"#000000\"><span class=\"fbPhotosPhotoCaption\"><span class=\"hasCaption\"><\/p>\n<div id=\"id_57bc5014196230083299860\" class=\"text_exposed_root text_exposed\"><span class=\"text_exposed_show\">  <\/span><\/div>\n<p><\/span><\/span><\/font><\/p>\n<div align=\"left\"><font color=\"#000000\"><span class=\"fbPhotosPhotoCaption\"><span class=\"hasCaption\"><\/p>\n<div id=\"id_57bc5014196230083299860\" class=\"text_exposed_root text_exposed\"><span class=\"text_exposed_show\"> <strong>Jueves 25 de Agosto<\/strong><\/span><\/div>\n<p><\/span><\/span><\/font><\/div>\n<div align=\"left\"><font color=\"#000000\"><span class=\"fbPhotosPhotoCaption\"><span class=\"hasCaption\"><\/p>\n<div id=\"id_57bc5014196230083299860\" class=\"text_exposed_root text_exposed\"><span class=\"text_exposed_show\"> 08:00 hs Encuentro con el personal de la Escuela San Jos\u00e9 Obrero<\/span><\/div>\n<p><\/span><\/span><\/font><\/div>\n<p><font color=\"#000000\"><span class=\"fbPhotosPhotoCaption\"><span class=\"hasCaption\"><\/p>\n<div id=\"id_57bc5014196230083299860\" class=\"text_exposed_root text_exposed\"><span class=\"text_exposed_show\"> <\/span><\/div>\n<p><\/span><\/span><\/font><\/p>\n<div align=\"left\"><font color=\"#000000\"><span class=\"fbPhotosPhotoCaption\"><span class=\"hasCaption\"><\/p>\n<div id=\"id_57bc5014196230083299860\" class=\"text_exposed_root text_exposed\"><span class=\"text_exposed_show\"> 10:00 hs Compartir en el Centro de d\u00eda Nueva Esperanza<\/span><\/div>\n<p><\/span><\/span><\/font><\/div>\n<div align=\"left\"><font color=\"#000000\"><span class=\"fbPhotosPhotoCaption\"><span class=\"hasCaption\"><\/p>\n<div id=\"id_57bc5014196230083299860\" class=\"text_exposed_root text_exposed\"><span class=\"text_exposed_show\">  Almuerzo en la Escuela San Jos\u00e9 Obrero<\/span><\/div>\n<p><\/span><\/span><\/font><\/div>\n<p><font color=\"#000000\"><span class=\"fbPhotosPhotoCaption\"><span class=\"hasCaption\"><\/p>\n<div align=\"left\"><font color=\"#000000\"><span class=\"fbPhotosPhotoCaption\"><span class=\"hasCaption\"><\/p>\n<div id=\"id_57bc5014196230083299860\" class=\"text_exposed_root text_exposed\"><span class=\"text_exposed_show\">18:00 hs Celebraci\u00f3n de la misa en Km 101 (Pozo de los Indios). Luego se compartir\u00e1 en comunidad.<\/span><\/div>\n<p><\/span><\/span><\/font><\/div>\n<p><\/span><\/span><\/font><font color=\"#000000\"><span class=\"fbPhotosPhotoCaption\"><\/span><\/font><font color=\"#000000\"><br \/><\/font><\/p>\n<div align=\"left\"><font color=\"#000000\"><span class=\"fbPhotosPhotoCaption\"><span class=\"hasCaption\"><\/p>\n<div align=\"left\"><span class=\"text_exposed_show\"> <strong>Viernes 26 de Agosto<\/strong><\/span><br \/><font color=\"#000000\"><span class=\"fbPhotosPhotoCaption\"><span class=\"hasCaption\"><\/p>\n<div id=\"id_57bc5014196230083299860\" class=\"text_exposed_root text_exposed\"><span class=\"text_exposed_show\"> 11:00 hs. Encuentro con la Comunidad de Hermanas RSCJ. Almuerzo<\/span><\/div>\n<p><\/span><\/span><\/font><\/div>\n<p><\/span><\/span><\/font><\/div>\n<div align=\"left\"><font color=\"#000000\"><span class=\"fbPhotosPhotoCaption\"><span class=\"hasCaption\"><\/p>\n<div id=\"id_57bc5014196230083299860\" class=\"text_exposed_root text_exposed\"><span class=\"text_exposed_show\"> 16:30 hs Compartir con la comunidad de El Cerrito.<\/span><\/div>\n<p><\/span><\/span><\/font><\/div>\n<div align=\"left\"><font color=\"#000000\"><span class=\"fbPhotosPhotoCaption\"><span class=\"hasCaption\"><\/p>\n<div id=\"id_57bc5014196230083299860\" class=\"text_exposed_root text_exposed\"><span class=\"text_exposed_show\"> 19:00 hs. Misa con confirmaciones en Santa Luc\u00eda. Cena con la comunidad.<\/span><\/div>\n<p><\/span><\/span><\/font><\/div>\n<p><font color=\"#000000\"><span class=\"fbPhotosPhotoCaption\"><span class=\"hasCaption\"><\/p>\n<div id=\"id_57bc5014196230083299860\" class=\"text_exposed_root text_exposed\"><span class=\"text_exposed_show\">  <\/span><\/div>\n<p><\/span><\/span><\/font><font color=\"#000000\"><br \/><\/font><\/p>\n<div align=\"left\"><font color=\"#000000\"><span class=\"fbPhotosPhotoCaption\"><span class=\"hasCaption\"><\/p>\n<div align=\"left\"><span class=\"text_exposed_show\"> <strong>S\u00e1bado 27 de Agosto<\/strong><\/span><br \/><font color=\"#000000\"><span class=\"fbPhotosPhotoCaption\"><span class=\"hasCaption\"><\/p>\n<div id=\"id_57bc5014196230083299860\" class=\"text_exposed_root text_exposed\"><span class=\"text_exposed_show\"> 16:00 hs Compartir con la comunidad del Km 29.  Celebraci\u00f3n de la misa. <\/span><\/div>\n<p><\/span><\/span><\/font><\/div>\n<p><\/span><\/span><\/font><\/div>\n<div align=\"left\"><font color=\"#000000\"><span class=\"fbPhotosPhotoCaption\"><span class=\"hasCaption\"><\/p>\n<div id=\"id_57bc5014196230083299860\" class=\"text_exposed_root text_exposed\"><span class=\"text_exposed_show\"> 19: 00 hs. Celebraci\u00f3n de la misa en el Templo Parroquial de Fort\u00edn Olmos.  Cierre de la visita en la comunidad.<\/span><\/div>\n<p><\/span><\/span><\/font><\/div>\n<div align=\"left\"><font color=\"#000000\"><span class=\"fbPhotosPhotoCaption\"><span class=\"hasCaption\"><\/p>\n<div id=\"id_57bc5014196230083299860\" class=\"text_exposed_root text_exposed\"><span class=\"text_exposed_show\"> Posteriormente se compartir\u00e1 una cena a la canasta.<\/span><\/div>\n<p><\/span><\/span><\/font><\/div>\n<p><font color=\"#000000\"><span class=\"fbPhotosPhotoCaption\"><span class=\"hasCaption\"><\/p>\n<div id=\"id_57bc5014196230083299860\" class=\"text_exposed_root text_exposed\"><span class=\"text_exposed_show\">  <\/span><\/div>\n<p><\/span><\/span><\/font><font color=\"#000000\"><br \/><\/font><\/p>\n<div align=\"left\"><font color=\"#000000\"><span class=\"fbPhotosPhotoCaption\"><span class=\"hasCaption\"><\/p>\n<div id=\"id_57bc5014196230083299860\" class=\"text_exposed_root text_exposed\"><span class=\"text_exposed_show\"> <strong>Domingo 28 de Agosto<\/strong><\/span><\/div>\n<p><\/span><\/span><\/font><\/div>\n<div align=\"left\"><font color=\"#000000\"><span class=\"fbPhotosPhotoCaption\"><span class=\"hasCaption\"><\/p>\n<div id=\"id_57bc5014196230083299860\" class=\"text_exposed_root text_exposed\"><span class=\"text_exposed_show\"> 10:00 hs. Celebraci\u00f3n de la misa en Fort\u00edn Charr\u00faa.  <\/span><\/div>\n<p><\/span><\/span><\/font><\/div>\n<div align=\"left\"><font color=\"#000000\"><span class=\"fbPhotosPhotoCaption\"><span class=\"hasCaption\"><\/p>\n<div id=\"id_57bc5014196230083299860\" class=\"text_exposed_root text_exposed\"><span class=\"text_exposed_show\"> Almuerzo con la comunidad<\/span><\/div>\n<p><\/span><\/span><\/font><\/div>\n<p><font color=\"#000000\"> <\/font><\/div>\n","protected":false},"excerpt":{"rendered":"<div class=\"mh-excerpt\"><div style=\"text-align: center\"><img loading=\"lazy\" decoding=\"async\" src=\"https:\/\/scontent-eze1-1.xx.fbcdn.net\/v\/t1.0-0\/p235x350\/14102353_1063271877102636_1822068445302347134_n.jpg?oh=5e5a725f8f5593c2c7d38481f5d445a2&#038;oe=584C5882\" border=\"0\" width=\"400\" height=\"273\" \/><\/div>\n<div style=\"text-align: center\">\n<\/div>","protected":false},"author":1,"featured_media":0,"comment_status":"open","ping_status":"open","sticky":false,"template":"","format":"standard","meta":{"footnotes":""},"categories":[28],"tags":[],"class_list":["post-1260","post","type-post","status-publish","format-standard","hentry","category-latest-news"],"_links":{"self":[{"href":"https:\/\/www.obispadorqta.org.ar\/v3\/wp-json\/wp\/v2\/posts\/1260","targetHints":{"allow":["GET"]}}],"collection":[{"href":"https:\/\/www.obispadorqta.org.ar\/v3\/wp-json\/wp\/v2\/posts"}],"about":[{"href":"https:\/\/www.obispadorqta.org.ar\/v3\/wp-json\/wp\/v2\/types\/post"}],"author":[{"embeddable":true,"href":"https:\/\/www.obispadorqta.org.ar\/v3\/wp-json\/wp\/v2\/users\/1"}],"replies":[{"embeddable":true,"href":"https:\/\/www.obispadorqta.org.ar\/v3\/wp-json\/wp\/v2\/comments?post=1260"}],"version-history":[{"count":0,"href":"https:\/\/www.obispadorqta.org.ar\/v3\/wp-json\/wp\/v2\/posts\/1260\/revisions"}],"wp:attachment":[{"href":"https:\/\/www.obispadorqta.org.ar\/v3\/wp-json\/wp\/v2\/media?parent=1260"}],"wp:term":[{"taxonomy":"category","embeddable":true,"href":"https:\/\/www.obispadorqta.org.ar\/v3\/wp-json\/wp\/v2\/categories?post=1260"},{"taxonomy":"post_tag","embeddable":true,"href":"https:\/\/www.obispadorqta.org.ar\/v3\/wp-json\/wp\/v2\/tags?post=1260"}],"curies":[{"name":"wp","href":"https:\/\/api.w.org\/{rel}","templated":true}]}}