{"id":1262,"date":"2016-08-25T14:50:17","date_gmt":"2016-08-25T14:50:17","guid":{"rendered":"http:\/\/www.obispadorqta.org.ar\/v3\/visitapastoralolmos\/"},"modified":"2016-08-25T14:50:17","modified_gmt":"2016-08-25T14:50:17","slug":"visitapastoralolmos","status":"publish","type":"post","link":"https:\/\/www.obispadorqta.org.ar\/v3\/visitapastoralolmos\/","title":{"rendered":"Visita Pastoral de Mons. \u00c1ngel Jos\u00e9 Mac\u00edn:"},"content":{"rendered":"<div style=\"text-align: center\"><img loading=\"lazy\" decoding=\"async\" src=\"https:\/\/scontent-eze1-1.xx.fbcdn.net\/v\/t1.0-9\/14079649_1065193536910470_5714220048436925597_n.jpg?oh=b506787c39688c03e27e966571a7b28e&#038;oe=584E7340\" border=\"0\" width=\"400\" height=\"300\" \/><\/div>\n<div>\u00a0<\/div>\n<div>\u00a0<\/div>\n<div style=\"text-align: justify\"><span style=\"font-size: 12.16px; line-height: 1.3em\">Compartimos algunas im\u00e1genes de las distintas actividades que est\u00e1 llevando a cabo nuestro Obispo Diocesano, Mons. \u00c1ngel Jos\u00e9 Mac\u00edn en su visita pastoral a la parroquia \u00abNuestra Se\u00f1ora de Itat\u00ed\u00bb de Fort\u00edn Olmos, entre estas actividades compartimos fotos de la reuni\u00f3n con referentes de la comunidad, con personal del hospital y con el pap\u00e1 de un sacerdote.<\/span><\/div>\n<div style=\"text-align: justify\">Nos encomendamos al Se\u00f1or y continuamos rezando por los frutos de esta visita.<\/div>\n<div>\u00a0<\/div>\n<div style=\"text-align: center\"><img loading=\"lazy\" decoding=\"async\" src=\"https:\/\/fbcdn-photos-c-a.akamaihd.net\/hphotos-ak-xla1\/v\/t1.0-0\/s370x247\/14064082_1065193560243801_2072861412859152301_n.jpg?oh=dafae0f057b285fa200eba295d71aaf3&#038;oe=58556F8C&#038;__gda__=1481398318_3b90690e24e121da1f7e50e51fae0fd1\" border=\"0\" width=\"400\" height=\"300\" \/><\/div>\n<div style=\"text-align: center\"><img loading=\"lazy\" decoding=\"async\" src=\"https:\/\/scontent-eze1-1.xx.fbcdn.net\/v\/t1.0-9\/14055122_1065193506910473_2176515527109280815_n.jpg?oh=e68f930ff0deb5db6ed1a1d4d8faf9d5&#038;oe=585162E4\" border=\"0\" width=\"400\" height=\"300\" \/>\u00a0<\/div>\n<div style=\"text-align: center\"><img loading=\"lazy\" decoding=\"async\" src=\"https:\/\/scontent-eze1-1.xx.fbcdn.net\/v\/t1.0-9\/14021698_1065193813577109_6390484780344851937_n.jpg?oh=3d68365d868ad37114331757d60844af&#038;oe=5841745C\" border=\"0\" width=\"400\" height=\"300\" \/>\u00a0<\/div>\n<div style=\"text-align: center\"><img loading=\"lazy\" decoding=\"async\" src=\"https:\/\/scontent-eze1-1.xx.fbcdn.net\/v\/t1.0-9\/14053984_1065194330243724_5098103880519539823_n.jpg?oh=6ad0275793aa364ba9c5f9937e004464&#038;oe=585A8AEB\" border=\"0\" width=\"400\" height=\"300\" \/>\u00a0<\/div>\n","protected":false},"excerpt":{"rendered":"<div class=\"mh-excerpt\"><p>\u00a0 \u00a0 Compartimos algunas im\u00e1genes de las distintas actividades que est\u00e1 llevando a cabo nuestro Obispo Diocesano, Mons. \u00c1ngel Jos\u00e9 Mac\u00edn en su visita pastoral <a class=\"mh-excerpt-more\" href=\"https:\/\/www.obispadorqta.org.ar\/v3\/visitapastoralolmos\/\" title=\"Visita Pastoral de Mons. \u00c1ngel Jos\u00e9 Mac\u00edn:\">[&#8230;]<\/a><\/p>\n<\/div>","protected":false},"author":1,"featured_media":0,"comment_status":"open","ping_status":"open","sticky":false,"template":"","format":"standard","meta":{"footnotes":""},"categories":[28],"tags":[],"class_list":["post-1262","post","type-post","status-publish","format-standard","hentry","category-latest-news"],"_links":{"self":[{"href":"https:\/\/www.obispadorqta.org.ar\/v3\/wp-json\/wp\/v2\/posts\/1262","targetHints":{"allow":["GET"]}}],"collection":[{"href":"https:\/\/www.obispadorqta.org.ar\/v3\/wp-json\/wp\/v2\/posts"}],"about":[{"href":"https:\/\/www.obispadorqta.org.ar\/v3\/wp-json\/wp\/v2\/types\/post"}],"author":[{"embeddable":true,"href":"https:\/\/www.obispadorqta.org.ar\/v3\/wp-json\/wp\/v2\/users\/1"}],"replies":[{"embeddable":true,"href":"https:\/\/www.obispadorqta.org.ar\/v3\/wp-json\/wp\/v2\/comments?post=1262"}],"version-history":[{"count":0,"href":"https:\/\/www.obispadorqta.org.ar\/v3\/wp-json\/wp\/v2\/posts\/1262\/revisions"}],"wp:attachment":[{"href":"https:\/\/www.obispadorqta.org.ar\/v3\/wp-json\/wp\/v2\/media?parent=1262"}],"wp:term":[{"taxonomy":"category","embeddable":true,"href":"https:\/\/www.obispadorqta.org.ar\/v3\/wp-json\/wp\/v2\/categories?post=1262"},{"taxonomy":"post_tag","embeddable":true,"href":"https:\/\/www.obispadorqta.org.ar\/v3\/wp-json\/wp\/v2\/tags?post=1262"}],"curies":[{"name":"wp","href":"https:\/\/api.w.org\/{rel}","templated":true}]}}