{"id":1263,"date":"2016-08-26T13:09:41","date_gmt":"2016-08-26T13:09:41","guid":{"rendered":"http:\/\/www.obispadorqta.org.ar\/v3\/actividades-pastorales-de-nuestro-obispo\/"},"modified":"2016-08-26T13:09:41","modified_gmt":"2016-08-26T13:09:41","slug":"actividades-pastorales-de-nuestro-obispo","status":"publish","type":"post","link":"https:\/\/www.obispadorqta.org.ar\/v3\/actividades-pastorales-de-nuestro-obispo\/","title":{"rendered":"Actividades Pastorales de nuestro Obispo"},"content":{"rendered":"<div align=\"justify\">\n<div style=\"text-align: center\"><img loading=\"lazy\" decoding=\"async\" src=\"https:\/\/scontent-eze1-1.xx.fbcdn.net\/v\/t1.0-9\/14079776_1066026756827148_2547272119025206295_n.jpg?oh=cdf5f9281b36bbd02cdb774968d01ff0&#038;oe=5838CAA5\" border=\"0\" width=\"371\" height=\"278\" \/> <\/div>\n<\/div>\n<div align=\"justify\"><font style=\"font-family: Arial,Helvetica,sans-serif; font-size: 12px; font-style: normal; line-height: normal\" color=\"#000000\">Continuamos compartiendo im\u00e1genes de la visita pastoral de nuestro Obispo Diocesano, Mons. \u00c1ngel Jos\u00e9 Mac\u00edn a la Parroquia \u201cNuestra Se\u00f1ora de Itat\u00ed\u201d de Fort\u00edn Olmos.<\/font><\/div>\n<div align=\"justify\"><font style=\"font-family: Arial,Helvetica,sans-serif; font-size: 12px; font-style: normal; line-height: normal\" color=\"#000000\">En esta oportunidad compartimos la reuni\u00f3n que mantuvo con grupo de catequesis de comuni\u00f3n en Olmos, la visita al Centro de D\u00eda Nueva Esperanza, el Almuerzo que comparti\u00f3 con personal de la escuela \u201cSan Jos\u00e9 Obrero\u201d y la celebraci\u00f3n de la Eucarist\u00eda y compartir fraterno en Km 101.<\/font><\/div>\n<div align=\"justify\"><font style=\"font-family: Arial,Helvetica,sans-serif; font-size: 12px; font-style: normal; line-height: normal\" color=\"#000000\">Sigamos rezando por los frutos de esta visita pastoral.<\/font><\/div>\n<div align=\"justify\">\u00a0<\/div>\n<div align=\"justify\"><img loading=\"lazy\" decoding=\"async\" src=\"https:\/\/scontent-eze1-1.xx.fbcdn.net\/v\/t1.0-9\/14051818_1066025323493958_1767206901284122255_n.jpg?oh=40bfef9ad8d92f62d67662e9b76c0e83&#038;oe=5849E696\" border=\"0\" width=\"350\" height=\"263\" align=\"middle\" \/><\/div>\n<div align=\"justify\">\u00a0<\/div>\n<div align=\"justify\"><img loading=\"lazy\" decoding=\"async\" src=\"https:\/\/scontent-eze1-1.xx.fbcdn.net\/v\/t1.0-9\/14141907_1066025820160575_6213241139313249967_n.jpg?oh=7c8f14e9c9b6042cc949f4b3c2a5b072&#038;oe=5848C718\" border=\"0\" width=\"350\" height=\"263\" align=\"middle\" \/><\/div>\n<div align=\"justify\">\u00a0<\/div>\n<div align=\"justify\"><img loading=\"lazy\" decoding=\"async\" src=\"https:\/\/scontent-eze1-1.xx.fbcdn.net\/v\/t1.0-9\/14054228_1066026356827188_5157288158820136869_n.jpg?oh=4010eea23d02c545e76ee763746945d6&#038;oe=5838720E\" border=\"0\" width=\"350\" height=\"263\" align=\"middle\" \/><\/div>\n<div align=\"justify\">\u00a0<\/div>\n<div align=\"justify\"><img loading=\"lazy\" decoding=\"async\" src=\"https:\/\/scontent-eze1-1.xx.fbcdn.net\/v\/t1.0-9\/14089252_1066026940160463_557294797489179009_n.jpg?oh=b02592f5ee0b0ade8342f9d2a1241c3c&#038;oe=584C2510\" border=\"0\" width=\"377\" height=\"283\" align=\"middle\" \/> <\/div>\n","protected":false},"excerpt":{"rendered":"<div class=\"mh-excerpt\"><div align=\"justify\">\n<div style=\"text-align: center\"><img loading=\"lazy\" decoding=\"async\" src=\"https:\/\/scontent-eze1-1.xx.fbcdn.net\/v\/t1.0-9\/14079776_1066026756827148_2547272119025206295_n.jpg?oh=cdf5f9281b36bbd02cdb774968d01ff0&#038;oe=5838CAA5\" border=\"0\" width=\"371\" height=\"278\" \/><\/p>\n<\/div>","protected":false},"author":1,"featured_media":0,"comment_status":"open","ping_status":"open","sticky":false,"template":"","format":"standard","meta":{"footnotes":""},"categories":[28],"tags":[],"class_list":["post-1263","post","type-post","status-publish","format-standard","hentry","category-latest-news"],"_links":{"self":[{"href":"https:\/\/www.obispadorqta.org.ar\/v3\/wp-json\/wp\/v2\/posts\/1263","targetHints":{"allow":["GET"]}}],"collection":[{"href":"https:\/\/www.obispadorqta.org.ar\/v3\/wp-json\/wp\/v2\/posts"}],"about":[{"href":"https:\/\/www.obispadorqta.org.ar\/v3\/wp-json\/wp\/v2\/types\/post"}],"author":[{"embeddable":true,"href":"https:\/\/www.obispadorqta.org.ar\/v3\/wp-json\/wp\/v2\/users\/1"}],"replies":[{"embeddable":true,"href":"https:\/\/www.obispadorqta.org.ar\/v3\/wp-json\/wp\/v2\/comments?post=1263"}],"version-history":[{"count":0,"href":"https:\/\/www.obispadorqta.org.ar\/v3\/wp-json\/wp\/v2\/posts\/1263\/revisions"}],"wp:attachment":[{"href":"https:\/\/www.obispadorqta.org.ar\/v3\/wp-json\/wp\/v2\/media?parent=1263"}],"wp:term":[{"taxonomy":"category","embeddable":true,"href":"https:\/\/www.obispadorqta.org.ar\/v3\/wp-json\/wp\/v2\/categories?post=1263"},{"taxonomy":"post_tag","embeddable":true,"href":"https:\/\/www.obispadorqta.org.ar\/v3\/wp-json\/wp\/v2\/tags?post=1263"}],"curies":[{"name":"wp","href":"https:\/\/api.w.org\/{rel}","templated":true}]}}