{"id":1265,"date":"2016-08-29T14:34:10","date_gmt":"2016-08-29T14:34:10","guid":{"rendered":"http:\/\/www.obispadorqta.org.ar\/v3\/actividadesobispo\/"},"modified":"2016-08-29T14:34:10","modified_gmt":"2016-08-29T14:34:10","slug":"actividadesobispo","status":"publish","type":"post","link":"https:\/\/www.obispadorqta.org.ar\/v3\/actividadesobispo\/","title":{"rendered":"Actividades de nuestro Obispo Diocesano, Mons. \u00c1ngel Jos\u00e9 Mac\u00edn"},"content":{"rendered":"<div style=\"text-align: center\"><img loading=\"lazy\" decoding=\"async\" src=\"http:\/\/endepa.org.ar\/contenido\/facebook-banners..jpg\" border=\"0\" width=\"350\" height=\"147\" \/><\/div>\n<div style=\"text-align: center\">\u00a0<\/div>\n<div style=\"text-align: justify\">Informamos que nuestro Obispo Diocesano, Mons. Dr. \u00c1ngel Jos\u00e9 Mac\u00edn en la ma\u00f1ana de este lunes, estar\u00e1 desarrollando diferentes actividades como Presidente de la Comisi\u00f3n Episcopal de Pastoral Aborigen de C.E.A., entre ellas la visita a Amnist\u00eda Internacional y al Instituto Nacional de Asuntos Ind\u00edgenas (I.N.A.I.).<\/div>\n<div style=\"text-align: justify\">\u00a0<\/div>\n<div style=\"text-align: justify\">Luego estar\u00e1 predicando un retiro al clero de la Di\u00f3cesis de Gregorio de Laferrere, la cual es presidida por Mons. Gabriel Barba, hasta el d\u00eda 02 de septiembre.<\/div>\n","protected":false},"excerpt":{"rendered":"<div class=\"mh-excerpt\"><p>\u00a0 Informamos que nuestro Obispo Diocesano, Mons. Dr. \u00c1ngel Jos\u00e9 Mac\u00edn en la ma\u00f1ana de este lunes, estar\u00e1 desarrollando diferentes actividades como Presidente de la <a class=\"mh-excerpt-more\" href=\"https:\/\/www.obispadorqta.org.ar\/v3\/actividadesobispo\/\" title=\"Actividades de nuestro Obispo Diocesano, Mons. \u00c1ngel Jos\u00e9 Mac\u00edn\">[&#8230;]<\/a><\/p>\n<\/div>","protected":false},"author":1,"featured_media":0,"comment_status":"open","ping_status":"open","sticky":false,"template":"","format":"standard","meta":{"footnotes":""},"categories":[28],"tags":[],"class_list":["post-1265","post","type-post","status-publish","format-standard","hentry","category-latest-news"],"_links":{"self":[{"href":"https:\/\/www.obispadorqta.org.ar\/v3\/wp-json\/wp\/v2\/posts\/1265","targetHints":{"allow":["GET"]}}],"collection":[{"href":"https:\/\/www.obispadorqta.org.ar\/v3\/wp-json\/wp\/v2\/posts"}],"about":[{"href":"https:\/\/www.obispadorqta.org.ar\/v3\/wp-json\/wp\/v2\/types\/post"}],"author":[{"embeddable":true,"href":"https:\/\/www.obispadorqta.org.ar\/v3\/wp-json\/wp\/v2\/users\/1"}],"replies":[{"embeddable":true,"href":"https:\/\/www.obispadorqta.org.ar\/v3\/wp-json\/wp\/v2\/comments?post=1265"}],"version-history":[{"count":0,"href":"https:\/\/www.obispadorqta.org.ar\/v3\/wp-json\/wp\/v2\/posts\/1265\/revisions"}],"wp:attachment":[{"href":"https:\/\/www.obispadorqta.org.ar\/v3\/wp-json\/wp\/v2\/media?parent=1265"}],"wp:term":[{"taxonomy":"category","embeddable":true,"href":"https:\/\/www.obispadorqta.org.ar\/v3\/wp-json\/wp\/v2\/categories?post=1265"},{"taxonomy":"post_tag","embeddable":true,"href":"https:\/\/www.obispadorqta.org.ar\/v3\/wp-json\/wp\/v2\/tags?post=1265"}],"curies":[{"name":"wp","href":"https:\/\/api.w.org\/{rel}","templated":true}]}}