{"id":1269,"date":"2016-09-08T11:29:10","date_gmt":"2016-09-08T11:29:10","guid":{"rendered":"http:\/\/www.obispadorqta.org.ar\/v3\/colecta-nacional-mas-por-menos-5\/"},"modified":"2016-09-08T11:29:10","modified_gmt":"2016-09-08T11:29:10","slug":"colecta-nacional-mas-por-menos-5","status":"publish","type":"post","link":"https:\/\/www.obispadorqta.org.ar\/v3\/colecta-nacional-mas-por-menos-5\/","title":{"rendered":"Colecta Nacional Mas por Menos"},"content":{"rendered":"<div style=\"text-align: center\"><img loading=\"lazy\" decoding=\"async\" src=\"http:\/\/www.universalmedios.com.ar\/wp-content\/uploads\/2016\/09\/colectaanuela2016.jpg\" border=\"0\" width=\"393\" height=\"305\" \/><\/div>\n<p align=\"justify\"><font style=\"font-family: Arial,Helvetica,sans-serif; font-size: 12px; font-style: normal; line-height: normal\" color=\"#000000\">La misma tendr\u00e1 lugar el <strong>domingo 11 de setiembre<\/strong> pr\u00f3ximo en cada una de las parroquias de la Rep\u00fablica Argentina. El lema de este 2016:<em><strong> \u201cMAS Misericordia POR MENOS Exclusi\u00f3n\u201d.<\/strong><\/em><\/font><\/p>\n<p align=\"justify\"><font style=\"font-family: Arial,Helvetica,sans-serif; font-size: 12px; font-style: normal; line-height: normal\" color=\"#000000\">Se trata de la Colecta del Episcopado Argentino que tiene como finalidad ayudar a las Di\u00f3cesis de las regiones eclesi\u00e1sticas m\u00e1s necesitadas.<\/font><\/p>\n<p align=\"justify\"><font style=\"font-family: Arial,Helvetica,sans-serif; font-size: 12px; font-style: normal; line-height: normal\" color=\"#000000\">Con el lema de este a\u00f1o: \u201cMAS Misericordia POR MENOS Exclusi\u00f3n\u201d, el Obispo de la Di\u00f3cesis de Reconquista, Monse\u00f1or Angel Jos\u00e9 Mac\u00edn expres\u00f3 que \u201cel Papa Francisco nos anima a participar de la colecta y nos exhorta a los argentinos \u201ca ser sensibles ante el grito de dolor de los marginados y necesitados\u201d.<\/font><\/p>\n<p align=\"justify\"><font style=\"font-family: Arial,Helvetica,sans-serif; font-size: 12px; font-style: normal; line-height: normal\" color=\"#000000\">En ese sentido, el Santo Padre afirma, adem\u00e1s, \u201cque este A\u00f1o Santo de la Misericordia es una oportunidad para realizar un gran esfuerzo personal y comunitario y as\u00ed salir al encuentro de tantos hermanos necesitados que se sienten excluidos de la sociedad y llevarles la cercan\u00eda y el amor de Dios\u201d.<br \/>Monse\u00f1or Angel Jos\u00e9 Mac\u00edn se\u00f1al\u00f3 adem\u00e1s \u201cla tarea evangelizadora requiere un gran esfuerzo y necesita procurar cotidianamente los recursos y medios necesarios para llegar a todos. En la campa\u00f1a 2015 nuestra di\u00f3cesis recolect\u00f3 246.337,56 pesos, cifra significativa que se transforma en aporte generoso en bien de toda la Iglesia Argentina. En este a\u00f1o 2016, como Di\u00f3cesis necesitada recibimos el aporte de la colecta nacional de 820.000 pesos, para ayudar a muchas familias y personas que elaboran propuestas y son part\u00edcipes en el desarrollo de proyectos en nuestras comunidades parroquiales\u201d.<\/font><\/p>\n<p align=\"justify\"><font style=\"font-family: Arial,Helvetica,sans-serif; font-size: 12px; font-style: normal; line-height: normal\" color=\"#000000\">\u201cS\u00e9 \u2013 continu\u00f3 &#8211; de las m\u00faltiples tareas que debemos afrontar, pero tambi\u00e9n es importante ayudar a la concientizaci\u00f3n de los fieles para crecer en solidaridad y comuni\u00f3n en cada una de nuestras parroquias e iglesias locales. De ah\u00ed la necesidad de promocionar la necesidad de promocionar la colecta no s\u00f3lo en las parroquias, colegios y estructuras eclesiales, sino tambi\u00e9n en los Medios de Comunicaci\u00f3n, y en otros \u00e1mbitos apropiados\u201d.<\/p>\n<p>\u201cRuego a Mar\u00eda Sant\u00edsima, que interceda por nosotros y nos infunda los sentimientos de solidaridad que ella supo cultivar. Con afecto fraterno\u201d.<\/font><\/p>\n<p><font style=\"font-family: Arial,Helvetica,sans-serif; font-size: 12px; font-style: normal; line-height: normal\" color=\"#000000\"><strong>Mons. \u00c1ngel Jos\u00e9 Mac\u00edn<br \/>Obispo de Reconquista\u00a0<\/strong>\u00a0\u00a0 <\/font><\/p>\n<p>&nbsp;<\/p>\n","protected":false},"excerpt":{"rendered":"<div class=\"mh-excerpt\"><div style=\"text-align: center\"><img loading=\"lazy\" decoding=\"async\" src=\"http:\/\/www.universalmedios.com.ar\/wp-content\/uploads\/2016\/09\/colectaanuela2016.jpg\" border=\"0\" width=\"393\" height=\"305\" \/><\/div>\n<\/div>","protected":false},"author":1,"featured_media":0,"comment_status":"open","ping_status":"open","sticky":false,"template":"","format":"standard","meta":{"footnotes":""},"categories":[28],"tags":[],"class_list":["post-1269","post","type-post","status-publish","format-standard","hentry","category-latest-news"],"_links":{"self":[{"href":"https:\/\/www.obispadorqta.org.ar\/v3\/wp-json\/wp\/v2\/posts\/1269","targetHints":{"allow":["GET"]}}],"collection":[{"href":"https:\/\/www.obispadorqta.org.ar\/v3\/wp-json\/wp\/v2\/posts"}],"about":[{"href":"https:\/\/www.obispadorqta.org.ar\/v3\/wp-json\/wp\/v2\/types\/post"}],"author":[{"embeddable":true,"href":"https:\/\/www.obispadorqta.org.ar\/v3\/wp-json\/wp\/v2\/users\/1"}],"replies":[{"embeddable":true,"href":"https:\/\/www.obispadorqta.org.ar\/v3\/wp-json\/wp\/v2\/comments?post=1269"}],"version-history":[{"count":0,"href":"https:\/\/www.obispadorqta.org.ar\/v3\/wp-json\/wp\/v2\/posts\/1269\/revisions"}],"wp:attachment":[{"href":"https:\/\/www.obispadorqta.org.ar\/v3\/wp-json\/wp\/v2\/media?parent=1269"}],"wp:term":[{"taxonomy":"category","embeddable":true,"href":"https:\/\/www.obispadorqta.org.ar\/v3\/wp-json\/wp\/v2\/categories?post=1269"},{"taxonomy":"post_tag","embeddable":true,"href":"https:\/\/www.obispadorqta.org.ar\/v3\/wp-json\/wp\/v2\/tags?post=1269"}],"curies":[{"name":"wp","href":"https:\/\/api.w.org\/{rel}","templated":true}]}}