{"id":1271,"date":"2016-09-12T15:13:17","date_gmt":"2016-09-12T15:13:17","guid":{"rendered":"http:\/\/www.obispadorqta.org.ar\/v3\/cruzdematara\/"},"modified":"2016-09-12T15:13:17","modified_gmt":"2016-09-12T15:13:17","slug":"cruzdematara","status":"publish","type":"post","link":"https:\/\/www.obispadorqta.org.ar\/v3\/cruzdematara\/","title":{"rendered":"La Cruz de Matar\u00e1 en nuestra Di\u00f3cesis"},"content":{"rendered":"<div style=\"text-align: center\"><img loading=\"lazy\" decoding=\"async\" src=\"https:\/\/1.bp.blogspot.com\/-Pme22Axv7qg\/VtToOPUZkqI\/AAAAAAAAJSk\/PVdQn4JSHqc\/s640\/78f76.jpg\" border=\"0\" width=\"162\" height=\"400\" \/><\/div>\n<div>\u00a0<\/div>\n<div>La Cruz de Matar\u00e1 es un fiel testimonio de la Evangelizaci\u00f3n de nuestra tierra americana, y una clara muestra de la creatividad y el esfuerzo de aquellos heroicos misioneros, por inculturar el Evangelio en las culturas nativas de este continente.<\/div>\n<div><\/div>\n<div>Debe su nombre a los Matar\u00e1s, una tribu de naturales que habitaba una zona ubicada al sudeste de Santiago del Estero, por entonces capital del Tucum\u00e1n.<\/div>\n<div><\/div>\n<div>En la ma\u00f1ana de hoy arrib\u00f3 a nuestra di\u00f3cesis, proveniente de la di\u00f3cesis de Goya, y compartimos con ustedes el cronograma de actividades previstas para esta semana.<\/div>\n<div><\/div>\n<div><strong>Lunes 12\/09:<\/strong> Misi\u00f3n en el Puerto Reconquista y en Parroquia \u201cSan Jos\u00e9\u201d.\u00a0<\/div>\n<div>19:30 hs. Misa en el Monasterio de las Hermanas Carmelitas y luego parte a Nicanor Molinas.<\/div>\n<div><\/div>\n<div><strong>Martes 13\/09:<\/strong> Parroquia \u201cLa Encarnaci\u00f3n del Se\u00f1or\u201d.<\/div>\n<div><\/div>\n<div>Novena Nicanor Molinas (Dia de la Virgen de los Dolores. 75 a\u00f1os de la capilla) La Cruz permanecer\u00e1 all\u00ed todo el d\u00eda.<\/div>\n<div><\/div>\n<div><strong>Mi\u00e9rcoles 14\/09:<\/strong> Por la ma\u00f1ana estar\u00e1 en el colegio \u201cSan Jos\u00e9\u201d.\u00a0<\/div>\n<div>Por la tarde en Catedral, en el d\u00eda de la Exaltaci\u00f3n de la Santa Cruz\u201d donde permanecer\u00e1 para veneraci\u00f3n de los fieles hasta las 21:00 hs.<\/div>\n<div>19:15 hs. Santa Misa Presidida por el Obispo Diocesano, Mons. \u00c1ngel Jos\u00e9 Mac\u00edn.<\/div>\n<div><\/div>\n<div><strong>Jueves 15\/09:<\/strong> Instituto Reconquista celebraci\u00f3n por la ma\u00f1ana.<\/div>\n<div>Por la tarde: Villa Dolores.<\/div>\n<div>20:00 hs. Procesi\u00f3n y Misa Parroquia \u201cSan Roque\u201d de Barrio Chapero.<\/div>\n<div><\/div>\n<div><strong>Viernes 16\/09:<\/strong> Por la ma\u00f1ana permanecer\u00e1 en la Iglesia Catedral.<\/div>\n<div>Visitar\u00e1 el Hospital Reconquista.<\/div>\n<div>17:30 hs. Santa Misa: Parroquia \u201cMar\u00eda Madre de Dios\u201d. Traslado a C\u00e1ritas y luego hacia el Instituto de servicios sociales \u201cJuan XXIII\u201d.<\/div>\n<div><\/div>\n<div><strong>S\u00e1bado 17\/09:<\/strong> 08:00 hs. Celebraci\u00f3n en la Escuela Misionera Cura Brochero.<\/div>\n<div>08:30 hs. Parte hacia la peregrinaci\u00f3n de Itat\u00ed.<\/div>\n<div>12:30 hs. Largada Oficial de la Di\u00f3cesis de Reconquista.<\/div>\n<div>Por la noche, en la Bas\u00edlica de Itat\u00ed.<\/div>\n<div><\/div>\n<div><strong>Domingo 18\/09:<\/strong> Misa central en Itat\u00ed.<\/div>\n<div><\/div>\n<div><strong>Lunes 19\/09:<\/strong> Partida a C\u00f3rdoba por encomienda.<\/div>\n<div><\/div>\n","protected":false},"excerpt":{"rendered":"<div class=\"mh-excerpt\"><p>\u00a0 La Cruz de Matar\u00e1 es un fiel testimonio de la Evangelizaci\u00f3n de nuestra tierra americana, y una clara muestra de la creatividad y el <a class=\"mh-excerpt-more\" href=\"https:\/\/www.obispadorqta.org.ar\/v3\/cruzdematara\/\" title=\"La Cruz de Matar\u00e1 en nuestra Di\u00f3cesis\">[&#8230;]<\/a><\/p>\n<\/div>","protected":false},"author":1,"featured_media":0,"comment_status":"open","ping_status":"open","sticky":false,"template":"","format":"standard","meta":{"footnotes":""},"categories":[28],"tags":[],"class_list":["post-1271","post","type-post","status-publish","format-standard","hentry","category-latest-news"],"_links":{"self":[{"href":"https:\/\/www.obispadorqta.org.ar\/v3\/wp-json\/wp\/v2\/posts\/1271","targetHints":{"allow":["GET"]}}],"collection":[{"href":"https:\/\/www.obispadorqta.org.ar\/v3\/wp-json\/wp\/v2\/posts"}],"about":[{"href":"https:\/\/www.obispadorqta.org.ar\/v3\/wp-json\/wp\/v2\/types\/post"}],"author":[{"embeddable":true,"href":"https:\/\/www.obispadorqta.org.ar\/v3\/wp-json\/wp\/v2\/users\/1"}],"replies":[{"embeddable":true,"href":"https:\/\/www.obispadorqta.org.ar\/v3\/wp-json\/wp\/v2\/comments?post=1271"}],"version-history":[{"count":0,"href":"https:\/\/www.obispadorqta.org.ar\/v3\/wp-json\/wp\/v2\/posts\/1271\/revisions"}],"wp:attachment":[{"href":"https:\/\/www.obispadorqta.org.ar\/v3\/wp-json\/wp\/v2\/media?parent=1271"}],"wp:term":[{"taxonomy":"category","embeddable":true,"href":"https:\/\/www.obispadorqta.org.ar\/v3\/wp-json\/wp\/v2\/categories?post=1271"},{"taxonomy":"post_tag","embeddable":true,"href":"https:\/\/www.obispadorqta.org.ar\/v3\/wp-json\/wp\/v2\/tags?post=1271"}],"curies":[{"name":"wp","href":"https:\/\/api.w.org\/{rel}","templated":true}]}}