{"id":1274,"date":"2016-09-22T12:41:20","date_gmt":"2016-09-22T12:41:20","guid":{"rendered":"http:\/\/www.obispadorqta.org.ar\/v3\/endaaaaa\/"},"modified":"2016-09-22T12:41:20","modified_gmt":"2016-09-22T12:41:20","slug":"endaaaaa","status":"publish","type":"post","link":"https:\/\/www.obispadorqta.org.ar\/v3\/endaaaaa\/","title":{"rendered":"XV Encuentro de Educadores Ind\u00edgenas"},"content":{"rendered":"<div style=\"text-align: center\"><img loading=\"lazy\" decoding=\"async\" src=\"http:\/\/endepa.org.ar\/contenido\/facebook-banners..jpg\" border=\"0\" width=\"403\" height=\"169\" \/><\/div>\n<div>\u00a0<\/div>\n<div style=\"text-align: center\">\u00a0<em>\u00abSi es materna, es sagrada, cuidemos nuestra LENGUA\u00bb<\/em><\/div>\n<div style=\"text-align: center\">\u00a0<\/div>\n<div style=\"text-align: justify\">Del 23 al 25 de septiembre en Avellaneda se estar\u00e1 llevando a cabo el XV encuentro de educadores ind\u00edgenas, organizado desde ENDEPA. Este encuentro es un espacio que naci\u00f3 con el objetivo de que los participantes puedan reflexionar, libremente, sobre su tarea como docente ind\u00edgena, destacando el doble compromiso que ello implica, en el resguardo de su cultura. Desde este espacio, se considera que la lengua materna es una de las fuerzas ancestrales, fundamental para la autodeterminaci\u00f3n, por eso la lengua materna ser\u00e1 el eje central de este encuentro.<\/div>\n<div style=\"text-align: justify\">\u00a0<\/div>\n<div style=\"text-align: justify\">El acto de apertura ser\u00e1 este viernes 23 de septiembre a las 16:00 horas en casa de Itat\u00ed en la ciudad de Avellaneda y contar\u00e1 con la presencia de nuestro Obispo Diocesano y Presidente de la Comisi\u00f3n Episcopal de Pastoral Aborigen, Mons. \u00c1ngel Jos\u00e9 Mac\u00edn.\u00a0<\/div>\n","protected":false},"excerpt":{"rendered":"<div class=\"mh-excerpt\"><p>\u00a0 \u00a0\u00abSi es materna, es sagrada, cuidemos nuestra LENGUA\u00bb \u00a0 Del 23 al 25 de septiembre en Avellaneda se estar\u00e1 llevando a cabo el XV <a class=\"mh-excerpt-more\" href=\"https:\/\/www.obispadorqta.org.ar\/v3\/endaaaaa\/\" title=\"XV Encuentro de Educadores Ind\u00edgenas\">[&#8230;]<\/a><\/p>\n<\/div>","protected":false},"author":1,"featured_media":0,"comment_status":"open","ping_status":"open","sticky":false,"template":"","format":"standard","meta":{"footnotes":""},"categories":[28],"tags":[],"class_list":["post-1274","post","type-post","status-publish","format-standard","hentry","category-latest-news"],"_links":{"self":[{"href":"https:\/\/www.obispadorqta.org.ar\/v3\/wp-json\/wp\/v2\/posts\/1274","targetHints":{"allow":["GET"]}}],"collection":[{"href":"https:\/\/www.obispadorqta.org.ar\/v3\/wp-json\/wp\/v2\/posts"}],"about":[{"href":"https:\/\/www.obispadorqta.org.ar\/v3\/wp-json\/wp\/v2\/types\/post"}],"author":[{"embeddable":true,"href":"https:\/\/www.obispadorqta.org.ar\/v3\/wp-json\/wp\/v2\/users\/1"}],"replies":[{"embeddable":true,"href":"https:\/\/www.obispadorqta.org.ar\/v3\/wp-json\/wp\/v2\/comments?post=1274"}],"version-history":[{"count":0,"href":"https:\/\/www.obispadorqta.org.ar\/v3\/wp-json\/wp\/v2\/posts\/1274\/revisions"}],"wp:attachment":[{"href":"https:\/\/www.obispadorqta.org.ar\/v3\/wp-json\/wp\/v2\/media?parent=1274"}],"wp:term":[{"taxonomy":"category","embeddable":true,"href":"https:\/\/www.obispadorqta.org.ar\/v3\/wp-json\/wp\/v2\/categories?post=1274"},{"taxonomy":"post_tag","embeddable":true,"href":"https:\/\/www.obispadorqta.org.ar\/v3\/wp-json\/wp\/v2\/tags?post=1274"}],"curies":[{"name":"wp","href":"https:\/\/api.w.org\/{rel}","templated":true}]}}