{"id":1276,"date":"2016-10-05T14:11:55","date_gmt":"2016-10-05T14:11:55","guid":{"rendered":"http:\/\/www.obispadorqta.org.ar\/v3\/jornada-mundial-por-las-misiones-8-y-9-de-octubre-domund-2016\/"},"modified":"2016-10-05T14:11:55","modified_gmt":"2016-10-05T14:11:55","slug":"jornada-mundial-por-las-misiones-8-y-9-de-octubre-domund-2016","status":"publish","type":"post","link":"https:\/\/www.obispadorqta.org.ar\/v3\/jornada-mundial-por-las-misiones-8-y-9-de-octubre-domund-2016\/","title":{"rendered":"Jornada Mundial por las Misiones | 8 y 9 de octubre | DOMUND 2016"},"content":{"rendered":"<div align=\"justify\">\n<div style=\"text-align: center\"><img loading=\"lazy\" decoding=\"async\" src=\"https:\/\/fbcdn-photos-c-a.akamaihd.net\/hphotos-ak-xfa1\/v\/t1.0-0\/p206x206\/14462803_1102734013156422_1224364908610902313_n.jpg?oh=81677ccba203cccf7438acd783721708&#038;oe=58A4561E&#038;__gda__=1487270549_102d590ef3291166506ac96ccf76b929\" border=\"0\" width=\"238\" height=\"335\" \/><\/div>\n<\/div>\n<div align=\"justify\"><font color=\"#000000\">Octubre es el mes dedicado a las Misiones. En este marco, el fin de semana del 8 y 9 pr\u00f3ximo se realizar\u00e1 la Colecta Mundial por las Misiones bajo el lema <strong><em>\u201cMisericordiosos como el Padre, misioneros con Jes\u00fas\u201d.<\/em><\/strong><\/font> <\/div>\n<div align=\"justify\"><font color=\"#000000\">El director nacional de las Obras Misionales Pontificias (OMP), presb\u00edtero Dante De Sanzzi, llam\u00f3 a ser generosos con la Colecta Mundial por las Misiones Y record\u00f3 que en el Decreto Ad-Gentes del Concilio Vaticano II, en su n\u00famero 38, se subraya que \u201clas Obras Misionales deben ocupar el primer lugar en lo que respecta a la evangelizaci\u00f3n y la animaci\u00f3n misionera, incluso desde la infancia; y para estimular a que sea eficaz lo que se recoja, tanto material como espiritualmente para las misiones\u201d. <br \/><\/font><\/div>\n<p><font color=\"#000000\"><br \/><\/font><\/p>\n<div align=\"justify\"><font color=\"#000000\">\u201cUno de los objetivos primordiales de la Iglesia es suscitar vocaciones a la vida consagrada; pero no debemos dejar de lado otra prioridad no menos importante: suscitar vocaciones misioneras\u201d, sostuvo. <\/p>\n<p>\u201cCon qu\u00e9 importancia, los \u00faltimos documentos de la Iglesia, salidos de los mismos papas, resaltan lo esencial de la misi\u00f3n: salir al encuentro de las personas alejadas, fortalecer a los d\u00e9biles, animar a los desalentados, levantar a los ca\u00eddos. Y para todo esto se necesita contar con el material adecuado\u201d, agreg\u00f3. <br \/><\/font><\/div>\n<p><font color=\"#000000\"><br \/><\/font><\/p>\n<div align=\"justify\"><font color=\"#000000\">El sacerdote se\u00f1al\u00f3 que octubre es el mes misionero, designado mundialmente para \u201crezar y colaborar con las misiones y los misioneros que repartidos en todo el mundo, dejaron su casa y sus costumbres para llevar a cabo el pedido del Se\u00f1or: \u2018Ir y hacer disc\u00edpulos a toda la gente\u2019\u201d. <\/p>\n<p>Asimismo, pidi\u00f3 que \u201ctoda la Iglesia se coloque en estado de misi\u00f3n\u201d y se\u00f1al\u00f3 que esto es necesario para \u201cacercar a muchos hijos de Dios, hoy alejados por distintas circunstancias. Y ayudar a sostener la cantidad de obras y tareas que se llevan adelante en zonas donde se proclama la Palabra\u201d. <br \/><\/font><\/div>\n<p><font color=\"#000000\"><br \/><\/font><\/p>\n<div align=\"justify\"><font color=\"#000000\">\u201cMisericordiosos como el Padre y misioneros con Jes\u00fas es la acci\u00f3n que se nos propone para que podamos continuar nuestra labor. La Colecta del Domingo de las Misiones es una buena oportunidad para ayudar a que Nuestro Se\u00f1or pueda llegar y ser conocido en lugares inh\u00f3spitos. Seamos misioneros en este gesto\u201d, concluy\u00f3. <br \/><\/font><\/div>\n<p><font color=\"#000000\"><u><strong><br \/><\/strong><\/u><\/font><\/p>\n<div align=\"justify\"><font color=\"#000000\"><u><strong>FORMAS DE COLABORAR<\/strong><\/u><br \/>La Colecta del D\u00eda Mundial de las Misiones (8 y 9 de octubre), se realiza en todas las comunidades parroquiales e instituciones cat\u00f3licas, luego, la misma debe ser enviada \u00edntegramente para la Misi\u00f3n universal. <br \/><\/font><\/div>\n","protected":false},"excerpt":{"rendered":"<div class=\"mh-excerpt\"><div align=\"justify\">\n<div style=\"text-align: center\"><img loading=\"lazy\" decoding=\"async\" src=\"https:\/\/fbcdn-photos-c-a.akamaihd.net\/hphotos-ak-xfa1\/v\/t1.0-0\/p206x206\/14462803_1102734013156422_1224364908610902313_n.jpg?oh=81677ccba203cccf7438acd783721708&#038;oe=58A4561E&#038;__gda__=1487270549_102d590ef3291166506ac96ccf76b929\" border=\"0\" width=\"238\" height=\"335\" \/><\/div>\n<\/div>\n<div align=\"justify\"><font color=\"#000000\">Octubre es el mes dedicado a las Misiones. En este marco, el fin de semana del 8 y 9 pr\u00f3ximo se realizar\u00e1 la Colecta Mundial por las Misiones bajo el lema <strong><em>\u201cMisericordiosos como el Padre, misioneros con Jes\u00fas\u201d.<\/em><\/strong><\/font><\/p>\n<\/div>","protected":false},"author":1,"featured_media":0,"comment_status":"open","ping_status":"open","sticky":false,"template":"","format":"standard","meta":{"footnotes":""},"categories":[28],"tags":[],"class_list":["post-1276","post","type-post","status-publish","format-standard","hentry","category-latest-news"],"_links":{"self":[{"href":"https:\/\/www.obispadorqta.org.ar\/v3\/wp-json\/wp\/v2\/posts\/1276","targetHints":{"allow":["GET"]}}],"collection":[{"href":"https:\/\/www.obispadorqta.org.ar\/v3\/wp-json\/wp\/v2\/posts"}],"about":[{"href":"https:\/\/www.obispadorqta.org.ar\/v3\/wp-json\/wp\/v2\/types\/post"}],"author":[{"embeddable":true,"href":"https:\/\/www.obispadorqta.org.ar\/v3\/wp-json\/wp\/v2\/users\/1"}],"replies":[{"embeddable":true,"href":"https:\/\/www.obispadorqta.org.ar\/v3\/wp-json\/wp\/v2\/comments?post=1276"}],"version-history":[{"count":0,"href":"https:\/\/www.obispadorqta.org.ar\/v3\/wp-json\/wp\/v2\/posts\/1276\/revisions"}],"wp:attachment":[{"href":"https:\/\/www.obispadorqta.org.ar\/v3\/wp-json\/wp\/v2\/media?parent=1276"}],"wp:term":[{"taxonomy":"category","embeddable":true,"href":"https:\/\/www.obispadorqta.org.ar\/v3\/wp-json\/wp\/v2\/categories?post=1276"},{"taxonomy":"post_tag","embeddable":true,"href":"https:\/\/www.obispadorqta.org.ar\/v3\/wp-json\/wp\/v2\/tags?post=1276"}],"curies":[{"name":"wp","href":"https:\/\/api.w.org\/{rel}","templated":true}]}}