{"id":1278,"date":"2016-10-12T13:37:44","date_gmt":"2016-10-12T13:37:44","guid":{"rendered":"http:\/\/www.obispadorqta.org.ar\/v3\/brocherooooo\/"},"modified":"2016-10-12T13:37:44","modified_gmt":"2016-10-12T13:37:44","slug":"brocherooooo","status":"publish","type":"post","link":"https:\/\/www.obispadorqta.org.ar\/v3\/brocherooooo\/","title":{"rendered":"Canonizaci\u00f3n Cura Brochero"},"content":{"rendered":"<div style=\"text-align: center\"><img loading=\"lazy\" decoding=\"async\" src=\"https:\/\/scontent-eze1-1.xx.fbcdn.net\/v\/l\/t1.0-9\/14725728_1108611865901970_9161488312649047982_n.jpg?oh=fbc28e27c55081ef19a796526d328c3b&#038;oe=586B422D\" border=\"0\" width=\"400\" height=\"350\" \/><\/div>\n<div style=\"text-align: justify\">Jos\u00e9 Gabriel del Rosario Brochero, m\u00e1s conocido como el Cura Brochero, ser\u00e1 canonizado el 16 de octubre en el Vaticano, en el marco de una ceremonia que presidir\u00e1 el papa Francisco<\/div>\n<div style=\"text-align: center\">\u00a0<\/div>\n<div style=\"text-align: justify\">Con ocasi\u00f3n de este acontecimiento de gracia, el Obispo Diocesano, Mons. \u00c1ngel Jos\u00e9 Mac\u00edn, exhort\u00f3 a los fieles de la comunidad diocesana \u201ca celebrar con profunda alegr\u00eda el reconocimiento de la santidad de este cura bien Argentino. En \u00e9l, no solamente contamos con un intercesor cercano sino tambi\u00e9n con un ejemplo a seguir, especialmente en lo que se refiere a la integraci\u00f3n entre evangelizaci\u00f3n y promoci\u00f3n de la dignidad de la persona humana\u201d.<span style=\"font-size: 12.16px; line-height: 1.3em\">\u00a0<\/span><\/div>\n","protected":false},"excerpt":{"rendered":"<div class=\"mh-excerpt\"><p>Jos\u00e9 Gabriel del Rosario Brochero, m\u00e1s conocido como el Cura Brochero, ser\u00e1 canonizado el 16 de octubre en el Vaticano, en el marco de una <a class=\"mh-excerpt-more\" href=\"https:\/\/www.obispadorqta.org.ar\/v3\/brocherooooo\/\" title=\"Canonizaci\u00f3n Cura Brochero\">[&#8230;]<\/a><\/p>\n<\/div>","protected":false},"author":1,"featured_media":0,"comment_status":"open","ping_status":"open","sticky":false,"template":"","format":"standard","meta":{"footnotes":""},"categories":[28],"tags":[],"class_list":["post-1278","post","type-post","status-publish","format-standard","hentry","category-latest-news"],"_links":{"self":[{"href":"https:\/\/www.obispadorqta.org.ar\/v3\/wp-json\/wp\/v2\/posts\/1278","targetHints":{"allow":["GET"]}}],"collection":[{"href":"https:\/\/www.obispadorqta.org.ar\/v3\/wp-json\/wp\/v2\/posts"}],"about":[{"href":"https:\/\/www.obispadorqta.org.ar\/v3\/wp-json\/wp\/v2\/types\/post"}],"author":[{"embeddable":true,"href":"https:\/\/www.obispadorqta.org.ar\/v3\/wp-json\/wp\/v2\/users\/1"}],"replies":[{"embeddable":true,"href":"https:\/\/www.obispadorqta.org.ar\/v3\/wp-json\/wp\/v2\/comments?post=1278"}],"version-history":[{"count":0,"href":"https:\/\/www.obispadorqta.org.ar\/v3\/wp-json\/wp\/v2\/posts\/1278\/revisions"}],"wp:attachment":[{"href":"https:\/\/www.obispadorqta.org.ar\/v3\/wp-json\/wp\/v2\/media?parent=1278"}],"wp:term":[{"taxonomy":"category","embeddable":true,"href":"https:\/\/www.obispadorqta.org.ar\/v3\/wp-json\/wp\/v2\/categories?post=1278"},{"taxonomy":"post_tag","embeddable":true,"href":"https:\/\/www.obispadorqta.org.ar\/v3\/wp-json\/wp\/v2\/tags?post=1278"}],"curies":[{"name":"wp","href":"https:\/\/api.w.org\/{rel}","templated":true}]}}