{"id":1279,"date":"2016-10-13T14:47:32","date_gmt":"2016-10-13T14:47:32","guid":{"rendered":"http:\/\/www.obispadorqta.org.ar\/v3\/bbbbbb\/"},"modified":"2016-10-13T14:47:32","modified_gmt":"2016-10-13T14:47:32","slug":"bbbbbb","status":"publish","type":"post","link":"https:\/\/www.obispadorqta.org.ar\/v3\/bbbbbb\/","title":{"rendered":"Visita Pastoral de Mons. \u00c1ngel Jos\u00e9 Mac\u00edn"},"content":{"rendered":"<div style=\"text-align: center\"><img loading=\"lazy\" decoding=\"async\" src=\"https:\/\/scontent-eze1-1.xx.fbcdn.net\/t31.0-8\/q82\/s960x960\/14753457_1109649815798175_4378039725675242489_o.jpg\" border=\"0\" width=\"229\" height=\"400\" \/><\/div>\n<div>\u00a0<\/div>\n<div style=\"text-align: justify\">\u00a0<span style=\"font-size: 12.16px; line-height: 1.3em\">\u00a0<\/span><\/div>\n<p style=\"text-align: justify\" class=\"MsoNormal\">Desde el d\u00eda martes 18 de hasta el domingo 23 de octubre, nuestro Obispo diocesano, Mons. \u00c1ngel Jos\u00e9 Mac\u00edn estar\u00e1 visitando la  Parroquia \u201cNuestra Se\u00f1ora de la Asunci\u00f3n\u201d de Las Toscas, continuando as\u00ed con uno de sus anhelos: conocer, escuchar y dialogar con el pueblo de Dios. Ya que \u201c&#8230;<em>la vida compartida, permitir\u00e1 fortalecer las convicciones comunes y a trazar juntos el camino que queremos recorrer y que el Esp\u00edritu de Dios nos se\u00f1ala<\/em>\u201d (Carta Pastoral Mons. \u00c1ngel Jos\u00e9 Mac\u00edn, 03 de abril de 2016).<\/p>\n<p style=\"text-align: justify\" class=\"MsoNormal\">Encomendamos nuestras oraciones por los frutos de esta visita pastoral a la comunidad parroquial e invitamos a vivirla con la mirada puesta en la misi\u00f3n que nos aguarda.<\/p>\n","protected":false},"excerpt":{"rendered":"<div class=\"mh-excerpt\"><p>\u00a0 \u00a0\u00a0 Desde el d\u00eda martes 18 de hasta el domingo 23 de octubre, nuestro Obispo diocesano, Mons. \u00c1ngel Jos\u00e9 Mac\u00edn estar\u00e1 visitando la Parroquia <a class=\"mh-excerpt-more\" href=\"https:\/\/www.obispadorqta.org.ar\/v3\/bbbbbb\/\" title=\"Visita Pastoral de Mons. \u00c1ngel Jos\u00e9 Mac\u00edn\">[&#8230;]<\/a><\/p>\n<\/div>","protected":false},"author":1,"featured_media":0,"comment_status":"open","ping_status":"open","sticky":false,"template":"","format":"standard","meta":{"footnotes":""},"categories":[28],"tags":[],"class_list":["post-1279","post","type-post","status-publish","format-standard","hentry","category-latest-news"],"_links":{"self":[{"href":"https:\/\/www.obispadorqta.org.ar\/v3\/wp-json\/wp\/v2\/posts\/1279","targetHints":{"allow":["GET"]}}],"collection":[{"href":"https:\/\/www.obispadorqta.org.ar\/v3\/wp-json\/wp\/v2\/posts"}],"about":[{"href":"https:\/\/www.obispadorqta.org.ar\/v3\/wp-json\/wp\/v2\/types\/post"}],"author":[{"embeddable":true,"href":"https:\/\/www.obispadorqta.org.ar\/v3\/wp-json\/wp\/v2\/users\/1"}],"replies":[{"embeddable":true,"href":"https:\/\/www.obispadorqta.org.ar\/v3\/wp-json\/wp\/v2\/comments?post=1279"}],"version-history":[{"count":0,"href":"https:\/\/www.obispadorqta.org.ar\/v3\/wp-json\/wp\/v2\/posts\/1279\/revisions"}],"wp:attachment":[{"href":"https:\/\/www.obispadorqta.org.ar\/v3\/wp-json\/wp\/v2\/media?parent=1279"}],"wp:term":[{"taxonomy":"category","embeddable":true,"href":"https:\/\/www.obispadorqta.org.ar\/v3\/wp-json\/wp\/v2\/categories?post=1279"},{"taxonomy":"post_tag","embeddable":true,"href":"https:\/\/www.obispadorqta.org.ar\/v3\/wp-json\/wp\/v2\/tags?post=1279"}],"curies":[{"name":"wp","href":"https:\/\/api.w.org\/{rel}","templated":true}]}}