{"id":1282,"date":"2016-10-24T14:14:29","date_gmt":"2016-10-24T14:14:29","guid":{"rendered":"http:\/\/www.obispadorqta.org.ar\/v3\/visitaaaa\/"},"modified":"2016-10-24T14:14:29","modified_gmt":"2016-10-24T14:14:29","slug":"visitaaaa","status":"publish","type":"post","link":"https:\/\/www.obispadorqta.org.ar\/v3\/visitaaaa\/","title":{"rendered":"Visita Pastoral de Mons. \u00c1ngel Jos\u00e9 Mac\u00edn:"},"content":{"rendered":"<div style=\"text-align: center\"><img loading=\"lazy\" decoding=\"async\" src=\"https:\/\/scontent-eze1-1.xx.fbcdn.net\/v\/t1.0-9\/14610893_1120977401332083_7454432929310202132_n.jpg?oh=dbab86b581a3adac279e594831c75f8f&#038;oe=58A097D3\" border=\"0\" width=\"400\" height=\"300\" \/><\/div>\n<div>\u00a0<\/div>\n<div style=\"text-align: justify\">Compartimos algunas im\u00e1genes de lo que fue la visita pastoral de Mons. \u00c1ngel Jos\u00e9 Mac\u00edn a la Parroquia de \u00abNuestra Se\u00f1ora de la Asunci\u00f3n\u00bb de Las Toscas, donde nuestro Obispo Diocesano llev\u00f3 a cabo diversas actividades con grupos parroquiales, colegios y diferentes entidades de dicha comunidad.<\/div>\n<div style=\"text-align: justify\">Agradecemos a todos aquellos que trabajaron y dispusieron su tiempo para incrementar los dones de esta visita pastoral.<\/div>\n<div style=\"text-align: justify\">\u00a0<\/div>\n<div style=\"text-align: center\"><img loading=\"lazy\" decoding=\"async\" src=\"https:\/\/scontent-eze1-1.xx.fbcdn.net\/v\/t1.0-9\/14642425_1120977414665415_570075421524346535_n.jpg?oh=2782834d62926f1cb138a9d651f040a2&#038;oe=588F4225\" border=\"0\" width=\"400\" height=\"300\" \/>\u00a0<\/div>\n<div style=\"text-align: center\"><img loading=\"lazy\" decoding=\"async\" src=\"https:\/\/scontent-eze1-1.xx.fbcdn.net\/v\/t1.0-9\/14708385_1120977237998766_4200235295876552068_n.jpg?oh=7d39e47c160325d11544a375b4c334ab&#038;oe=588DC83B\" border=\"0\" width=\"400\" height=\"300\" \/>\u00a0<\/div>\n<div style=\"text-align: center\"><img loading=\"lazy\" decoding=\"async\" src=\"https:\/\/scontent-eze1-1.xx.fbcdn.net\/v\/t1.0-9\/14716202_1120977171332106_6680621333020337771_n.jpg?oh=3befb12dce2fd8ebb4a6f0c9836568f4&#038;oe=58A7643D\" border=\"0\" width=\"400\" height=\"300\" \/>\u00a0<\/div>\n<div style=\"text-align: center\"><img loading=\"lazy\" decoding=\"async\" src=\"https:\/\/scontent-eze1-1.xx.fbcdn.net\/v\/t1.0-9\/14639589_1120977294665427_4474591454230307962_n.jpg?oh=8373ff5f167f224356aa61cefec547c9&#038;oe=58A26A41\" border=\"0\" width=\"400\" height=\"300\" \/><span style=\"font-size: 12.16px; line-height: 1.3em\">\u00a0<\/span><\/div>\n","protected":false},"excerpt":{"rendered":"<div class=\"mh-excerpt\"><p>\u00a0 Compartimos algunas im\u00e1genes de lo que fue la visita pastoral de Mons. \u00c1ngel Jos\u00e9 Mac\u00edn a la Parroquia de \u00abNuestra Se\u00f1ora de la Asunci\u00f3n\u00bb <a class=\"mh-excerpt-more\" href=\"https:\/\/www.obispadorqta.org.ar\/v3\/visitaaaa\/\" title=\"Visita Pastoral de Mons. \u00c1ngel Jos\u00e9 Mac\u00edn:\">[&#8230;]<\/a><\/p>\n<\/div>","protected":false},"author":1,"featured_media":0,"comment_status":"open","ping_status":"open","sticky":false,"template":"","format":"standard","meta":{"footnotes":""},"categories":[28],"tags":[],"class_list":["post-1282","post","type-post","status-publish","format-standard","hentry","category-latest-news"],"_links":{"self":[{"href":"https:\/\/www.obispadorqta.org.ar\/v3\/wp-json\/wp\/v2\/posts\/1282","targetHints":{"allow":["GET"]}}],"collection":[{"href":"https:\/\/www.obispadorqta.org.ar\/v3\/wp-json\/wp\/v2\/posts"}],"about":[{"href":"https:\/\/www.obispadorqta.org.ar\/v3\/wp-json\/wp\/v2\/types\/post"}],"author":[{"embeddable":true,"href":"https:\/\/www.obispadorqta.org.ar\/v3\/wp-json\/wp\/v2\/users\/1"}],"replies":[{"embeddable":true,"href":"https:\/\/www.obispadorqta.org.ar\/v3\/wp-json\/wp\/v2\/comments?post=1282"}],"version-history":[{"count":0,"href":"https:\/\/www.obispadorqta.org.ar\/v3\/wp-json\/wp\/v2\/posts\/1282\/revisions"}],"wp:attachment":[{"href":"https:\/\/www.obispadorqta.org.ar\/v3\/wp-json\/wp\/v2\/media?parent=1282"}],"wp:term":[{"taxonomy":"category","embeddable":true,"href":"https:\/\/www.obispadorqta.org.ar\/v3\/wp-json\/wp\/v2\/categories?post=1282"},{"taxonomy":"post_tag","embeddable":true,"href":"https:\/\/www.obispadorqta.org.ar\/v3\/wp-json\/wp\/v2\/tags?post=1282"}],"curies":[{"name":"wp","href":"https:\/\/api.w.org\/{rel}","templated":true}]}}