{"id":1283,"date":"2016-10-27T11:46:40","date_gmt":"2016-10-27T11:46:40","guid":{"rendered":"http:\/\/www.obispadorqta.org.ar\/v3\/asamblea-diocesana\/"},"modified":"2016-10-27T11:46:40","modified_gmt":"2016-10-27T11:46:40","slug":"asamblea-diocesana","status":"publish","type":"post","link":"https:\/\/www.obispadorqta.org.ar\/v3\/asamblea-diocesana\/","title":{"rendered":"ASAMBLEA DIOCESANA"},"content":{"rendered":"<div style=\"text-align: center\"><img loading=\"lazy\" decoding=\"async\" src=\"https:\/\/scontent-eze1-1.xx.fbcdn.net\/v\/t1.0-9\/14632967_1129590390470784_7404071013065922336_n.jpg?oh=d371bfefaa7cebb550fbecd8f487bcec&#038;oe=58A1B19F\" border=\"0\" width=\"347\" height=\"259\" align=\"middle\" \/><\/div>\n<p class=\"MsoNormal\" align=\"justify\"><font color=\"#000000\">El  domingo 30, seg\u00fan estaba previsto, se realiz\u00f3 la Asamblea Diocesana en  Reconquista. El motivo fue celebrar el don de la misericordia y repasar  el caminar diocesano y las prioridades pastorales, a la luz de la  experiencia de la misericordia.<\/font><\/p>\n<div align=\"justify\"><font color=\"#000000\">  <\/font><\/div>\n<p class=\"MsoNormal\" align=\"justify\"><font color=\"#000000\">La  misma se desarroll\u00f3 en dos partes. Comenz\u00f3 en la Iglesia Catedral, con  un momento de contemplaci\u00f3n y luego sigui\u00f3 un peregrinaci\u00f3n hasta las  instalaciones de la ENET N\u00ba 1. En la segunda parte se present\u00f3 el camino  de la misericordia en las parroquias, animadores de la infancia  misionera de Florencia representaron la par\u00e1bola del hijo pr\u00f3digo y  luego se trabaj\u00f3 en grupos. El encuentro concluy\u00f3 con la celebraci\u00f3n de  la Eucarist\u00eda, presidida por el obispo diocesano, Mons. \u00c1ngel Jos\u00e9  Mac\u00edn, y concelebrada por todos los sacerdotes y di\u00e1conos presentes.  Para el cierre se comparti\u00f3 un almuerzo fraterno.<\/font><\/p>\n<div align=\"justify\"><font color=\"#000000\">  <\/font><\/div>\n<p><font color=\"#000000\">Fue  un evento de mucha participaci\u00f3n, entusiasmo y alegr\u00eda. Al final, se  renov\u00f3 el env\u00edo misionero y se recordaron las tres prioridades  diocesanas: familia, j\u00f3venes y pobres, que seguir\u00e1n orientando el  \u00a0trabajo pastoral durante los pr\u00f3ximos tiempos.<\/font><\/p>\n<p><img loading=\"lazy\" decoding=\"async\" src=\"https:\/\/scontent-eze1-1.xx.fbcdn.net\/v\/t1.0-9\/14907108_1129590253804131_8643720599234683559_n.jpg?oh=a5cbb73ef26d11cffbf6c46b88c7abd7&#038;oe=589659F1\" border=\"0\" width=\"273\" height=\"205\" align=\"left\" \/><img loading=\"lazy\" decoding=\"async\" src=\"https:\/\/scontent-eze1-1.xx.fbcdn.net\/v\/t1.0-9\/14925816_1129590703804086_4176195625139142967_n.jpg?oh=da98d0b99099d09c8acbc1798e9fa60d&#038;oe=58869D1B\" border=\"0\" width=\"300\" height=\"225\" align=\"middle\" \/><\/p>\n<p><img loading=\"lazy\" decoding=\"async\" src=\"https:\/\/scontent-eze1-1.xx.fbcdn.net\/v\/l\/t1.0-9\/14910384_1129596510470172_5833620029040965314_n.jpg?oh=5f09c2203649da1b54f812e0cc85f9ae&#038;oe=5886B5DD\" border=\"0\" width=\"272\" height=\"204\" align=\"middle\" \/> <\/p>\n","protected":false},"excerpt":{"rendered":"<div class=\"mh-excerpt\"><div style=\"text-align: center\"><img loading=\"lazy\" decoding=\"async\" src=\"https:\/\/scontent-eze1-1.xx.fbcdn.net\/v\/t1.0-9\/14632967_1129590390470784_7404071013065922336_n.jpg?oh=d371bfefaa7cebb550fbecd8f487bcec&#038;oe=58A1B19F\" border=\"0\" width=\"347\" height=\"259\" align=\"middle\" \/><\/div>\n<p class=\"MsoNormal\" align=\"justify\"><font color=\"#000000\">El  domingo 30, seg\u00fan estaba previsto, se realiz\u00f3 la Asamblea Diocesana en  Reconquista. El motivo fue celebrar el don de la misericordia y repasar  el caminar diocesano y las prioridades pastorales, a la luz de la  experiencia de la misericordia.<\/font><\/p>\n<div align=\"justify\"><font color=\"#000000\">  <\/font><\/div>\n<p class=\"MsoNormal\" align=\"justify\"><font color=\"#000000\">La  misma se desarroll\u00f3 en dos partes. Comenz\u00f3 en la Iglesia Catedral, con  un momento de contemplaci\u00f3n y luego sigui\u00f3 un peregrinaci\u00f3n hasta las  instalaciones de la ENET N\u00ba 1. En la segunda parte se present\u00f3 el camino  de la misericordia en las parroquias, animadores de la infancia  misionera de Florencia representaron la par\u00e1bola del hijo pr\u00f3digo y  luego se trabaj\u00f3 en grupos. El encuentro concluy\u00f3 con la celebraci\u00f3n de  la Eucarist\u00eda, presidida por el obispo diocesano, Mons. \u00c1ngel Jos\u00e9  Mac\u00edn, y concelebrada por todos los sacerdotes y di\u00e1conos presentes.  Para el cierre se comparti\u00f3 un almuerzo fraterno.<\/font><\/p>\n<div align=\"justify\"><font color=\"#000000\">  <\/font><\/div>\n<p><font color=\"#000000\">Fue  un evento de mucha participaci\u00f3n, entusiasmo y alegr\u00eda. Al final, se  renov\u00f3 el env\u00edo misionero y se recordaron las tres prioridades  diocesanas: familia, j\u00f3venes y pobres, que seguir\u00e1n orientando el  \u00a0trabajo pastoral durante los pr\u00f3ximos tiempos.<\/font><\/p>\n<\/div>","protected":false},"author":1,"featured_media":0,"comment_status":"open","ping_status":"open","sticky":false,"template":"","format":"standard","meta":{"footnotes":""},"categories":[28],"tags":[],"class_list":["post-1283","post","type-post","status-publish","format-standard","hentry","category-latest-news"],"_links":{"self":[{"href":"https:\/\/www.obispadorqta.org.ar\/v3\/wp-json\/wp\/v2\/posts\/1283","targetHints":{"allow":["GET"]}}],"collection":[{"href":"https:\/\/www.obispadorqta.org.ar\/v3\/wp-json\/wp\/v2\/posts"}],"about":[{"href":"https:\/\/www.obispadorqta.org.ar\/v3\/wp-json\/wp\/v2\/types\/post"}],"author":[{"embeddable":true,"href":"https:\/\/www.obispadorqta.org.ar\/v3\/wp-json\/wp\/v2\/users\/1"}],"replies":[{"embeddable":true,"href":"https:\/\/www.obispadorqta.org.ar\/v3\/wp-json\/wp\/v2\/comments?post=1283"}],"version-history":[{"count":0,"href":"https:\/\/www.obispadorqta.org.ar\/v3\/wp-json\/wp\/v2\/posts\/1283\/revisions"}],"wp:attachment":[{"href":"https:\/\/www.obispadorqta.org.ar\/v3\/wp-json\/wp\/v2\/media?parent=1283"}],"wp:term":[{"taxonomy":"category","embeddable":true,"href":"https:\/\/www.obispadorqta.org.ar\/v3\/wp-json\/wp\/v2\/categories?post=1283"},{"taxonomy":"post_tag","embeddable":true,"href":"https:\/\/www.obispadorqta.org.ar\/v3\/wp-json\/wp\/v2\/tags?post=1283"}],"curies":[{"name":"wp","href":"https:\/\/api.w.org\/{rel}","templated":true}]}}