{"id":1286,"date":"2016-11-17T14:23:23","date_gmt":"2016-11-17T14:23:23","guid":{"rendered":"http:\/\/www.obispadorqta.org.ar\/v3\/misssssericordia\/"},"modified":"2016-11-17T14:23:23","modified_gmt":"2016-11-17T14:23:23","slug":"misssssericordia","status":"publish","type":"post","link":"https:\/\/www.obispadorqta.org.ar\/v3\/misssssericordia\/","title":{"rendered":"Cierre del a\u00f1o de La Misericordia"},"content":{"rendered":"<div style=\"text-align: center\"><img loading=\"lazy\" decoding=\"async\" src=\"http:\/\/forosdelavirgen.org\/wp-content\/uploads\/2015\/04\/papa-frente-a-la-puerta-del-jubileo-en-2015-fondo.jpeg\" border=\"0\" width=\"450\" height=\"246\" \/><\/div>\n<div>\u00a0<\/div>\n<div>El pr\u00f3ximo 20 de noviembre, en la solemnidad de Jesucristo Rey del Universo, el Papa Francisco clausurar\u00e1 el A\u00f1o Santo de la Misericordia. Como s\u00edmbolo el Pont\u00edfice cerrar\u00e1 la Puerta Santa de la Bas\u00edlica de San Pedro abierta solemnemente el 8 de diciembre de 2015. Con ello culminar\u00e1 un tiempo de gracia caracterizado por los signos del perd\u00f3n, la peregrinaci\u00f3n y las obras de misericordia.<\/div>\n<div>\u00a0<\/div>\n<div>Como antesala a la gran culminaci\u00f3n del A\u00f1o Santo, las Iglesias particulares alrededor del mundo cerraron las Puertas Santas de la Misericordia en los d\u00edas previos.<\/div>\n","protected":false},"excerpt":{"rendered":"<div class=\"mh-excerpt\"><p>\u00a0 El pr\u00f3ximo 20 de noviembre, en la solemnidad de Jesucristo Rey del Universo, el Papa Francisco clausurar\u00e1 el A\u00f1o Santo de la Misericordia. Como <a class=\"mh-excerpt-more\" href=\"https:\/\/www.obispadorqta.org.ar\/v3\/misssssericordia\/\" title=\"Cierre del a\u00f1o de La Misericordia\">[&#8230;]<\/a><\/p>\n<\/div>","protected":false},"author":1,"featured_media":0,"comment_status":"open","ping_status":"open","sticky":false,"template":"","format":"standard","meta":{"footnotes":""},"categories":[28],"tags":[],"class_list":["post-1286","post","type-post","status-publish","format-standard","hentry","category-latest-news"],"_links":{"self":[{"href":"https:\/\/www.obispadorqta.org.ar\/v3\/wp-json\/wp\/v2\/posts\/1286","targetHints":{"allow":["GET"]}}],"collection":[{"href":"https:\/\/www.obispadorqta.org.ar\/v3\/wp-json\/wp\/v2\/posts"}],"about":[{"href":"https:\/\/www.obispadorqta.org.ar\/v3\/wp-json\/wp\/v2\/types\/post"}],"author":[{"embeddable":true,"href":"https:\/\/www.obispadorqta.org.ar\/v3\/wp-json\/wp\/v2\/users\/1"}],"replies":[{"embeddable":true,"href":"https:\/\/www.obispadorqta.org.ar\/v3\/wp-json\/wp\/v2\/comments?post=1286"}],"version-history":[{"count":0,"href":"https:\/\/www.obispadorqta.org.ar\/v3\/wp-json\/wp\/v2\/posts\/1286\/revisions"}],"wp:attachment":[{"href":"https:\/\/www.obispadorqta.org.ar\/v3\/wp-json\/wp\/v2\/media?parent=1286"}],"wp:term":[{"taxonomy":"category","embeddable":true,"href":"https:\/\/www.obispadorqta.org.ar\/v3\/wp-json\/wp\/v2\/categories?post=1286"},{"taxonomy":"post_tag","embeddable":true,"href":"https:\/\/www.obispadorqta.org.ar\/v3\/wp-json\/wp\/v2\/tags?post=1286"}],"curies":[{"name":"wp","href":"https:\/\/api.w.org\/{rel}","templated":true}]}}