{"id":1287,"date":"2016-11-17T15:01:21","date_gmt":"2016-11-17T15:01:21","guid":{"rendered":"http:\/\/www.obispadorqta.org.ar\/v3\/colecta-anual-para-el-apostolado-laico-3\/"},"modified":"2016-11-17T15:01:21","modified_gmt":"2016-11-17T15:01:21","slug":"colecta-anual-para-el-apostolado-laico-3","status":"publish","type":"post","link":"https:\/\/www.obispadorqta.org.ar\/v3\/colecta-anual-para-el-apostolado-laico-3\/","title":{"rendered":"COLECTA ANUAL PARA EL APOSTOLADO LAICO"},"content":{"rendered":"<div style=\"text-align: center\"><img loading=\"lazy\" decoding=\"async\" src=\"https:\/\/scontent-eze1-1.xx.fbcdn.net\/v\/t1.0-9\/15027801_1146299898799833_8883935881388171930_n.jpg?oh=6c433dd5374c70448532ac7480dc7e4e&#038;oe=58C016A3\" border=\"0\" width=\"300\" height=\"424\" \/><\/div>\n<p align=\"justify\"><font color=\"#000000\">Como todos los a\u00f1os en la Festividad de Cristo Rey, se realiza en nuestra di\u00f3cesis la Colecta Anual para el Apostolado Laico (20 y 21 de noviembre de 2016).<\/font><\/p>\n<p align=\"justify\"><font color=\"#000000\">Bajo el lema <em><strong>\u201cLa misi\u00f3n es nuestra\u201d<\/strong><\/em>, animamos a todos los cat\u00f3licos a sostener la misi\u00f3n evangelizadora de nuestra Iglesia, no solo con bienes, sino tambi\u00e9n con tiempo y talentos puestos a servicio de \u00e9sta.<\/font><\/p>\n<p align=\"justify\"><font color=\"#000000\">No es s\u00f3lo una manera de juntar dinero para las necesidades de la Iglesia, sino que es sobre todo una expresi\u00f3n de nuestra ofrenda al Se\u00f1or y de la comuni\u00f3n de los cristianos en la Eucarist\u00eda, que es comuni\u00f3n de bienes espirituales y materiales.<\/font><\/p>\n<p align=\"justify\"><font color=\"#000000\">Recordamos que lo recaudado en esta Colecta contribuye a sostener el mantenimiento de la Sede Diocesana (servicio de limpieza, secretar\u00eda, tel\u00e9fono, luz, gas, etc.) ayudar a solventar algunos peque\u00f1os gastos de las distintas Comisi\u00f3n y Equipos Diocesanos.<\/font><\/p>\n","protected":false},"excerpt":{"rendered":"<div class=\"mh-excerpt\"><p>Como todos los a\u00f1os en la Festividad de Cristo Rey, se realiza en nuestra di\u00f3cesis la Colecta Anual para el Apostolado Laico (20 y 21 <a class=\"mh-excerpt-more\" href=\"https:\/\/www.obispadorqta.org.ar\/v3\/colecta-anual-para-el-apostolado-laico-3\/\" title=\"COLECTA ANUAL PARA EL APOSTOLADO LAICO\">[&#8230;]<\/a><\/p>\n<\/div>","protected":false},"author":1,"featured_media":0,"comment_status":"open","ping_status":"open","sticky":false,"template":"","format":"standard","meta":{"footnotes":""},"categories":[28],"tags":[],"class_list":["post-1287","post","type-post","status-publish","format-standard","hentry","category-latest-news"],"_links":{"self":[{"href":"https:\/\/www.obispadorqta.org.ar\/v3\/wp-json\/wp\/v2\/posts\/1287","targetHints":{"allow":["GET"]}}],"collection":[{"href":"https:\/\/www.obispadorqta.org.ar\/v3\/wp-json\/wp\/v2\/posts"}],"about":[{"href":"https:\/\/www.obispadorqta.org.ar\/v3\/wp-json\/wp\/v2\/types\/post"}],"author":[{"embeddable":true,"href":"https:\/\/www.obispadorqta.org.ar\/v3\/wp-json\/wp\/v2\/users\/1"}],"replies":[{"embeddable":true,"href":"https:\/\/www.obispadorqta.org.ar\/v3\/wp-json\/wp\/v2\/comments?post=1287"}],"version-history":[{"count":0,"href":"https:\/\/www.obispadorqta.org.ar\/v3\/wp-json\/wp\/v2\/posts\/1287\/revisions"}],"wp:attachment":[{"href":"https:\/\/www.obispadorqta.org.ar\/v3\/wp-json\/wp\/v2\/media?parent=1287"}],"wp:term":[{"taxonomy":"category","embeddable":true,"href":"https:\/\/www.obispadorqta.org.ar\/v3\/wp-json\/wp\/v2\/categories?post=1287"},{"taxonomy":"post_tag","embeddable":true,"href":"https:\/\/www.obispadorqta.org.ar\/v3\/wp-json\/wp\/v2\/tags?post=1287"}],"curies":[{"name":"wp","href":"https:\/\/api.w.org\/{rel}","templated":true}]}}