{"id":1289,"date":"2016-11-25T13:18:07","date_gmt":"2016-11-25T13:18:07","guid":{"rendered":"http:\/\/www.obispadorqta.org.ar\/v3\/misa-clausura-seminario-interdiocesano-nea\/"},"modified":"2016-11-25T13:18:07","modified_gmt":"2016-11-25T13:18:07","slug":"misa-clausura-seminario-interdiocesano-nea","status":"publish","type":"post","link":"https:\/\/www.obispadorqta.org.ar\/v3\/misa-clausura-seminario-interdiocesano-nea\/","title":{"rendered":"Cierre A\u00f1o Lectivo Seminario Interdiocesano NEA"},"content":{"rendered":"<div align=\"justify\">\n<div style=\"text-align: center\"><img loading=\"lazy\" decoding=\"async\" src=\"https:\/\/scontent-eze1-1.xx.fbcdn.net\/v\/t1.0-0\/p206x206\/304738_442686622442687_2070935991_n.jpg?oh=625caeeda2a20011876e7418d7f93e3a&#038;oe=58C0C88D\" border=\"0\" width=\"306\" height=\"206\" \/><\/div>\n<\/div>\n<div align=\"justify\">\u00a0<\/div>\n<div align=\"justify\"><font color=\"#000000\">Los obispos del Nordeste Argentino (NEA) presidir\u00e1n este lunes 28 la Eucar\u00edstica de acci\u00f3n de gracias por el cierre del ciclo lectivo 2016 en el Seminario Interdiocesano La Encarnaci\u00f3n, en la arquidi\u00f3cesis de Resistencia.<\/font><\/p>\n<p><font color=\"#000000\">La Misa se realizar\u00e1 a las 19 hs y participaran los Obispos de la regi\u00f3n y los j\u00f3venes seminaristas que culminan sus estudios, junto a toda la comunidad del Seminario<\/font><\/div>\n","protected":false},"excerpt":{"rendered":"<div class=\"mh-excerpt\"><p>\u00a0 Los obispos del Nordeste Argentino (NEA) presidir\u00e1n este lunes 28 la Eucar\u00edstica de acci\u00f3n de gracias por el cierre del ciclo lectivo 2016 en <a class=\"mh-excerpt-more\" href=\"https:\/\/www.obispadorqta.org.ar\/v3\/misa-clausura-seminario-interdiocesano-nea\/\" title=\"Cierre A\u00f1o Lectivo Seminario Interdiocesano NEA\">[&#8230;]<\/a><\/p>\n<\/div>","protected":false},"author":1,"featured_media":0,"comment_status":"open","ping_status":"open","sticky":false,"template":"","format":"standard","meta":{"footnotes":""},"categories":[28],"tags":[],"class_list":["post-1289","post","type-post","status-publish","format-standard","hentry","category-latest-news"],"_links":{"self":[{"href":"https:\/\/www.obispadorqta.org.ar\/v3\/wp-json\/wp\/v2\/posts\/1289","targetHints":{"allow":["GET"]}}],"collection":[{"href":"https:\/\/www.obispadorqta.org.ar\/v3\/wp-json\/wp\/v2\/posts"}],"about":[{"href":"https:\/\/www.obispadorqta.org.ar\/v3\/wp-json\/wp\/v2\/types\/post"}],"author":[{"embeddable":true,"href":"https:\/\/www.obispadorqta.org.ar\/v3\/wp-json\/wp\/v2\/users\/1"}],"replies":[{"embeddable":true,"href":"https:\/\/www.obispadorqta.org.ar\/v3\/wp-json\/wp\/v2\/comments?post=1289"}],"version-history":[{"count":0,"href":"https:\/\/www.obispadorqta.org.ar\/v3\/wp-json\/wp\/v2\/posts\/1289\/revisions"}],"wp:attachment":[{"href":"https:\/\/www.obispadorqta.org.ar\/v3\/wp-json\/wp\/v2\/media?parent=1289"}],"wp:term":[{"taxonomy":"category","embeddable":true,"href":"https:\/\/www.obispadorqta.org.ar\/v3\/wp-json\/wp\/v2\/categories?post=1289"},{"taxonomy":"post_tag","embeddable":true,"href":"https:\/\/www.obispadorqta.org.ar\/v3\/wp-json\/wp\/v2\/tags?post=1289"}],"curies":[{"name":"wp","href":"https:\/\/api.w.org\/{rel}","templated":true}]}}