{"id":1290,"date":"2016-12-01T11:48:50","date_gmt":"2016-12-01T11:48:50","guid":{"rendered":"http:\/\/www.obispadorqta.org.ar\/v3\/visita-a-instituciones-y-organizaciones\/"},"modified":"2016-12-01T11:48:50","modified_gmt":"2016-12-01T11:48:50","slug":"visita-a-instituciones-y-organizaciones","status":"publish","type":"post","link":"https:\/\/www.obispadorqta.org.ar\/v3\/visita-a-instituciones-y-organizaciones\/","title":{"rendered":"VISITA A INSTITUCIONES Y ORGANIZACIONES"},"content":{"rendered":"<div style=\"text-align: center\"><img loading=\"lazy\" decoding=\"async\" src=\"https:\/\/fb-s-c-a.akamaihd.net\/h-ak-xta1\/v\/t1.0-0\/p206x206\/15319201_1164181903678299_1166481802391018460_n.jpg?oh=5cf92a6003c51c14fcc24cb2bde148fb&#038;oe=58C11BF4&#038;__gda__=1492536972_7b11f9299c32d959928ef04a2898a125\" border=\"0\" width=\"305\" height=\"229\" \/><\/div>\n<div style=\"text-align: center\">\u00a0<\/div>\n<div style=\"text-align: center\">\n<div align=\"justify\"><font color=\"#000000\">Adem\u00e1s de las visitas pastorales a las parroquias de la Di\u00f3cesis, el obispo diocesano, Mons. \u00c1ngel Jos\u00e9 Mac\u00edn ha iniciado una serie de visitas a diferentes organizaciones e instituciones de las ciudades de Reconquista y Avellaneda, en vistas a un mayor y mejor conocimiento de la realidad y para fortalecer lazos de amistad institucional y de colaboraci\u00f3n rec\u00edproca.<\/font><\/div>\n<div align=\"justify\"><font color=\"#000000\"><br \/>El mi\u00e9rcoles 30, en horas de la ma\u00f1ana, visit\u00f3 el Nodo de Salud Regional y fue recibido por uno de sus coordinadores, el Bioq. Ra\u00fal Medina, con quien convers\u00f3 por m\u00e1s de una hora sobre diferentes aspectos vinculados al \u00e1rea de salud.<br \/>Al finalizar la reuni\u00f3n, el obispo expres\u00f3 su agradecimiento por el recibimiento cordial por parte del Coordinador y de la gente que all\u00ed trabaja, al tiempo que calific\u00f3 de muy positivo el di\u00e1logo compartido. \u00abMe llevo una visi\u00f3n m\u00e1s amplia y profunda de la problem\u00e1tica de la salud del norte santafecino y la convicci\u00f3n de que tenemos que fortalecer el trabajo en red para una mejor contenci\u00f3n de la gente\u00bb, coment\u00f3. <\/font><\/div>\n<p>\u00a0<\/p><\/div>\n","protected":false},"excerpt":{"rendered":"<div class=\"mh-excerpt\"><p>\u00a0 Adem\u00e1s de las visitas pastorales a las parroquias de la Di\u00f3cesis, el obispo diocesano, Mons. \u00c1ngel Jos\u00e9 Mac\u00edn ha iniciado una serie de visitas <a class=\"mh-excerpt-more\" href=\"https:\/\/www.obispadorqta.org.ar\/v3\/visita-a-instituciones-y-organizaciones\/\" title=\"VISITA A INSTITUCIONES Y ORGANIZACIONES\">[&#8230;]<\/a><\/p>\n<\/div>","protected":false},"author":1,"featured_media":0,"comment_status":"open","ping_status":"open","sticky":false,"template":"","format":"standard","meta":{"footnotes":""},"categories":[28],"tags":[],"class_list":["post-1290","post","type-post","status-publish","format-standard","hentry","category-latest-news"],"_links":{"self":[{"href":"https:\/\/www.obispadorqta.org.ar\/v3\/wp-json\/wp\/v2\/posts\/1290","targetHints":{"allow":["GET"]}}],"collection":[{"href":"https:\/\/www.obispadorqta.org.ar\/v3\/wp-json\/wp\/v2\/posts"}],"about":[{"href":"https:\/\/www.obispadorqta.org.ar\/v3\/wp-json\/wp\/v2\/types\/post"}],"author":[{"embeddable":true,"href":"https:\/\/www.obispadorqta.org.ar\/v3\/wp-json\/wp\/v2\/users\/1"}],"replies":[{"embeddable":true,"href":"https:\/\/www.obispadorqta.org.ar\/v3\/wp-json\/wp\/v2\/comments?post=1290"}],"version-history":[{"count":0,"href":"https:\/\/www.obispadorqta.org.ar\/v3\/wp-json\/wp\/v2\/posts\/1290\/revisions"}],"wp:attachment":[{"href":"https:\/\/www.obispadorqta.org.ar\/v3\/wp-json\/wp\/v2\/media?parent=1290"}],"wp:term":[{"taxonomy":"category","embeddable":true,"href":"https:\/\/www.obispadorqta.org.ar\/v3\/wp-json\/wp\/v2\/categories?post=1290"},{"taxonomy":"post_tag","embeddable":true,"href":"https:\/\/www.obispadorqta.org.ar\/v3\/wp-json\/wp\/v2\/tags?post=1290"}],"curies":[{"name":"wp","href":"https:\/\/api.w.org\/{rel}","templated":true}]}}