{"id":1291,"date":"2016-12-02T14:25:42","date_gmt":"2016-12-02T14:25:42","guid":{"rendered":"http:\/\/www.obispadorqta.org.ar\/v3\/efrerererer\/"},"modified":"2016-12-02T14:25:42","modified_gmt":"2016-12-02T14:25:42","slug":"efrerererer","status":"publish","type":"post","link":"https:\/\/www.obispadorqta.org.ar\/v3\/efrerererer\/","title":{"rendered":"Informaci\u00f3n sobre la salud del Pbro. Efr\u00e9n Mario Agretti:"},"content":{"rendered":"<div style=\"text-align: center\"><img loading=\"lazy\" decoding=\"async\" src=\"https:\/\/scontent-eze1-1.xx.fbcdn.net\/v\/t1.0-9\/15285038_1165534983542991_3479630520901835513_n.jpg?oh=24d9758a76a39a09d2b0940f6afaeb76&#038;oe=58BA2126\" border=\"0\" width=\"400\" height=\"346\" \/><\/div>\n<div>\u00a0<\/div>\n<div>Luego de realizado diversos estudios, el Padre Efr\u00e9n fue sometido a una intervenci\u00f3n quir\u00fargica para la colocaci\u00f3n de un marcapasos, la misma dur\u00f3 aproximadamente dos horas y el procedimiento fue exitoso. El Padre Efr\u00e9n se encuentra en la Unidad de Cuidados Intensivos, despierto y en buenas condiciones.<\/div>\n<div>En el d\u00eda de ma\u00f1ana le dar\u00edan el alta de la Unidad de Cuidados Intensivos para as\u00ed completar su recuperaci\u00f3n pos quir\u00fargica en una sala com\u00fan.\u00a0<\/div>\n<div>Invitamos a seguir orando por la pronta mejor\u00eda del Padre Efr\u00e9n.<\/div>\n","protected":false},"excerpt":{"rendered":"<div class=\"mh-excerpt\"><p>\u00a0 Luego de realizado diversos estudios, el Padre Efr\u00e9n fue sometido a una intervenci\u00f3n quir\u00fargica para la colocaci\u00f3n de un marcapasos, la misma dur\u00f3 aproximadamente <a class=\"mh-excerpt-more\" href=\"https:\/\/www.obispadorqta.org.ar\/v3\/efrerererer\/\" title=\"Informaci\u00f3n sobre la salud del Pbro. Efr\u00e9n Mario Agretti:\">[&#8230;]<\/a><\/p>\n<\/div>","protected":false},"author":1,"featured_media":0,"comment_status":"open","ping_status":"open","sticky":false,"template":"","format":"standard","meta":{"footnotes":""},"categories":[28],"tags":[],"class_list":["post-1291","post","type-post","status-publish","format-standard","hentry","category-latest-news"],"_links":{"self":[{"href":"https:\/\/www.obispadorqta.org.ar\/v3\/wp-json\/wp\/v2\/posts\/1291","targetHints":{"allow":["GET"]}}],"collection":[{"href":"https:\/\/www.obispadorqta.org.ar\/v3\/wp-json\/wp\/v2\/posts"}],"about":[{"href":"https:\/\/www.obispadorqta.org.ar\/v3\/wp-json\/wp\/v2\/types\/post"}],"author":[{"embeddable":true,"href":"https:\/\/www.obispadorqta.org.ar\/v3\/wp-json\/wp\/v2\/users\/1"}],"replies":[{"embeddable":true,"href":"https:\/\/www.obispadorqta.org.ar\/v3\/wp-json\/wp\/v2\/comments?post=1291"}],"version-history":[{"count":0,"href":"https:\/\/www.obispadorqta.org.ar\/v3\/wp-json\/wp\/v2\/posts\/1291\/revisions"}],"wp:attachment":[{"href":"https:\/\/www.obispadorqta.org.ar\/v3\/wp-json\/wp\/v2\/media?parent=1291"}],"wp:term":[{"taxonomy":"category","embeddable":true,"href":"https:\/\/www.obispadorqta.org.ar\/v3\/wp-json\/wp\/v2\/categories?post=1291"},{"taxonomy":"post_tag","embeddable":true,"href":"https:\/\/www.obispadorqta.org.ar\/v3\/wp-json\/wp\/v2\/tags?post=1291"}],"curies":[{"name":"wp","href":"https:\/\/api.w.org\/{rel}","templated":true}]}}