{"id":1294,"date":"2016-12-19T15:08:37","date_gmt":"2016-12-19T15:08:37","guid":{"rendered":"http:\/\/www.obispadorqta.org.ar\/v3\/vecinales\/"},"modified":"2016-12-19T15:08:37","modified_gmt":"2016-12-19T15:08:37","slug":"vecinales","status":"publish","type":"post","link":"https:\/\/www.obispadorqta.org.ar\/v3\/vecinales\/","title":{"rendered":"ENCUENTRO DEL OBISPO CON VECINALISTAS"},"content":{"rendered":"<div style=\"font-family: Arial,Helvetica,sans-serif; font-size: 12px; text-align: justify\">\n<div style=\"text-align: center\"><img loading=\"lazy\" decoding=\"async\" src=\"https:\/\/scontent-eze1-1.xx.fbcdn.net\/v\/t1.0-9\/11737964_832672730162553_4123336419338614817_n.jpg?oh=65fe7a81278265fbbf76e6fe3dd2a97c&#038;oe=58E3FCA7\" border=\"0\" width=\"194\" height=\"270\" \/><\/div>\n<div align=\"justify\"><font style=\"font-size: 14px\" color=\"#000000\">El Obispo Diocesano, Mons. \u00c1ngel Jos\u00e9 Mac\u00edn, junto a la Pastoral Social Diocesana, han invitado a los recientemente electos presidentes de las vecinales de Reconquista y algunos de sus colaboradores, para un encuentro fraterno, a realizarse el d\u00eda mi\u00e9rcoles 21, a las 20:30 hs., en la Sede Diocesana, cito en Mitre y Chacabuco.<\/font><\/div>\n<div align=\"justify\">\u00a0<\/div>\n<div align=\"justify\"><font style=\"font-size: 14px\" color=\"#000000\">La idea es celebrar, en este clima navide\u00f1o, el fortalecimiento y la construcci\u00f3n de la democracia y la vida ciudadana desde las bases barriales, conocerse y escuchar las preocupaciones de la gente de los distintos barrios de la ciudad, y tender puentes para el di\u00e1logo y el trabajo en com\u00fan en algunas \u00e1reas.<\/font><\/div>\n<div align=\"justify\">\u00a0<\/div>\n<div align=\"justify\"><font style=\"font-size: 14px\" color=\"#000000\">La reuni\u00f3n concluir\u00e1 con la entrega de algunos presentes y un sencillo agasajo a los participantes.-<\/font><\/div>\n<\/div>\n","protected":false},"excerpt":{"rendered":"<div class=\"mh-excerpt\"><p>El Obispo Diocesano, Mons. \u00c1ngel Jos\u00e9 Mac\u00edn, junto a la Pastoral Social Diocesana, han invitado a los recientemente electos presidentes de las vecinales de Reconquista <a class=\"mh-excerpt-more\" href=\"https:\/\/www.obispadorqta.org.ar\/v3\/vecinales\/\" title=\"ENCUENTRO DEL OBISPO CON VECINALISTAS\">[&#8230;]<\/a><\/p>\n<\/div>","protected":false},"author":1,"featured_media":0,"comment_status":"open","ping_status":"open","sticky":false,"template":"","format":"standard","meta":{"footnotes":""},"categories":[28],"tags":[],"class_list":["post-1294","post","type-post","status-publish","format-standard","hentry","category-latest-news"],"_links":{"self":[{"href":"https:\/\/www.obispadorqta.org.ar\/v3\/wp-json\/wp\/v2\/posts\/1294","targetHints":{"allow":["GET"]}}],"collection":[{"href":"https:\/\/www.obispadorqta.org.ar\/v3\/wp-json\/wp\/v2\/posts"}],"about":[{"href":"https:\/\/www.obispadorqta.org.ar\/v3\/wp-json\/wp\/v2\/types\/post"}],"author":[{"embeddable":true,"href":"https:\/\/www.obispadorqta.org.ar\/v3\/wp-json\/wp\/v2\/users\/1"}],"replies":[{"embeddable":true,"href":"https:\/\/www.obispadorqta.org.ar\/v3\/wp-json\/wp\/v2\/comments?post=1294"}],"version-history":[{"count":0,"href":"https:\/\/www.obispadorqta.org.ar\/v3\/wp-json\/wp\/v2\/posts\/1294\/revisions"}],"wp:attachment":[{"href":"https:\/\/www.obispadorqta.org.ar\/v3\/wp-json\/wp\/v2\/media?parent=1294"}],"wp:term":[{"taxonomy":"category","embeddable":true,"href":"https:\/\/www.obispadorqta.org.ar\/v3\/wp-json\/wp\/v2\/categories?post=1294"},{"taxonomy":"post_tag","embeddable":true,"href":"https:\/\/www.obispadorqta.org.ar\/v3\/wp-json\/wp\/v2\/tags?post=1294"}],"curies":[{"name":"wp","href":"https:\/\/api.w.org\/{rel}","templated":true}]}}