{"id":1296,"date":"2016-12-23T15:29:16","date_gmt":"2016-12-23T15:29:16","guid":{"rendered":"http:\/\/www.obispadorqta.org.ar\/v3\/se-concreto-el-encuentro-del-obispo-con-vecinalistas\/"},"modified":"2016-12-23T15:29:16","modified_gmt":"2016-12-23T15:29:16","slug":"se-concreto-el-encuentro-del-obispo-con-vecinalistas","status":"publish","type":"post","link":"https:\/\/www.obispadorqta.org.ar\/v3\/se-concreto-el-encuentro-del-obispo-con-vecinalistas\/","title":{"rendered":"SE CONCRET\u00d3 EL ENCUENTRO DEL OBISPO CON VECINALISTAS"},"content":{"rendered":"<div style=\"text-align: center\"><img loading=\"lazy\" decoding=\"async\" src=\"https:\/\/scontent-eze1-1.xx.fbcdn.net\/v\/t1.0-9\/15589759_1186184688144687_9131883134866381880_n.jpg?oh=14eb514005183bcbfad5ca7f606c5e9e&#038;oe=58FD35CB\" border=\"0\" width=\"350\" height=\"233\" \/><\/div>\n<div align=\"justify\" style=\"text-align: center\"><font color=\"#000000\">\u00a0<\/font><\/div>\n<div align=\"justify\"><font color=\"#000000\">En la noche de ayer, mi\u00e9rcoles 21 de Diciembre, en el marco de la  pr\u00f3xima celebraci\u00f3n navide\u00f1a, un nutrido grupo de vecinalistas de la  ciudad de Reconquista se reuni\u00f3 con el Obispo Diocesano, Mons. Mac\u00edn y  los miembros de la Pastoral Social Diocesana, para agradecer y celebrar  la participaci\u00f3n ciudadana y compartir anhelos y proyectos.<\/font><\/div>\n<p align=\"justify\"><font color=\"#000000\"> Se vivi\u00f3 un clima de cordialidad y alegr\u00eda. Muchos vecinalistas apreciaron la convocatori<span class=\"text_exposed_show\">a y comentaron sus sue\u00f1os y hablaron de su compromiso con su barrio y con la ciudad.<\/span><\/font><\/p>\n<div class=\"text_exposed_show\" align=\"justify\">\n<p><font color=\"#000000\">  Por su parte, el obispo agradeci\u00f3 la presencia, subray\u00f3 el valor de la  participaci\u00f3n ciudadana y se manifest\u00f3 abierto a escuchar sugerencias y  propuestas para coordinar acciones comunes. <\/font><\/p>\n<p><font color=\"#000000\"> Adem\u00e1s, hacia el  final, entreg\u00f3 a cada una de las Comisiones Vecinales, a su presidente o  alg\u00fan representante, un ejemplar de la Laudato Si&#8217;, documento social y  ecol\u00f3gico del Papa Francisco, invitando a todos a trabajar por el  cuidado de nuestra casa com\u00fan.<\/font><\/p>\n<p><font color=\"#000000\"> El encuentro finaliz\u00f3 con un brindis navide\u00f1o y el prop\u00f3sito de sostener este espacio de di\u00e1logo y comuni\u00f3n.<\/font><\/p>\n<\/div>\n","protected":false},"excerpt":{"rendered":"<div class=\"mh-excerpt\"><p>\u00a0 En la noche de ayer, mi\u00e9rcoles 21 de Diciembre, en el marco de la pr\u00f3xima celebraci\u00f3n navide\u00f1a, un nutrido grupo de vecinalistas de la <a class=\"mh-excerpt-more\" href=\"https:\/\/www.obispadorqta.org.ar\/v3\/se-concreto-el-encuentro-del-obispo-con-vecinalistas\/\" title=\"SE CONCRET\u00d3 EL ENCUENTRO DEL OBISPO CON VECINALISTAS\">[&#8230;]<\/a><\/p>\n<\/div>","protected":false},"author":1,"featured_media":0,"comment_status":"open","ping_status":"open","sticky":false,"template":"","format":"standard","meta":{"footnotes":""},"categories":[28],"tags":[],"class_list":["post-1296","post","type-post","status-publish","format-standard","hentry","category-latest-news"],"_links":{"self":[{"href":"https:\/\/www.obispadorqta.org.ar\/v3\/wp-json\/wp\/v2\/posts\/1296","targetHints":{"allow":["GET"]}}],"collection":[{"href":"https:\/\/www.obispadorqta.org.ar\/v3\/wp-json\/wp\/v2\/posts"}],"about":[{"href":"https:\/\/www.obispadorqta.org.ar\/v3\/wp-json\/wp\/v2\/types\/post"}],"author":[{"embeddable":true,"href":"https:\/\/www.obispadorqta.org.ar\/v3\/wp-json\/wp\/v2\/users\/1"}],"replies":[{"embeddable":true,"href":"https:\/\/www.obispadorqta.org.ar\/v3\/wp-json\/wp\/v2\/comments?post=1296"}],"version-history":[{"count":0,"href":"https:\/\/www.obispadorqta.org.ar\/v3\/wp-json\/wp\/v2\/posts\/1296\/revisions"}],"wp:attachment":[{"href":"https:\/\/www.obispadorqta.org.ar\/v3\/wp-json\/wp\/v2\/media?parent=1296"}],"wp:term":[{"taxonomy":"category","embeddable":true,"href":"https:\/\/www.obispadorqta.org.ar\/v3\/wp-json\/wp\/v2\/categories?post=1296"},{"taxonomy":"post_tag","embeddable":true,"href":"https:\/\/www.obispadorqta.org.ar\/v3\/wp-json\/wp\/v2\/tags?post=1296"}],"curies":[{"name":"wp","href":"https:\/\/api.w.org\/{rel}","templated":true}]}}