{"id":1297,"date":"2016-12-27T14:30:12","date_gmt":"2016-12-27T14:30:12","guid":{"rendered":"http:\/\/www.obispadorqta.org.ar\/v3\/mision-vocacional\/"},"modified":"2016-12-27T14:30:12","modified_gmt":"2016-12-27T14:30:12","slug":"mision-vocacional","status":"publish","type":"post","link":"https:\/\/www.obispadorqta.org.ar\/v3\/mision-vocacional\/","title":{"rendered":"MISI\u00d3N VOCACIONAL"},"content":{"rendered":"<div style=\"text-align: center\"><img loading=\"lazy\" decoding=\"async\" src=\"https:\/\/scontent-eze1-1.xx.fbcdn.net\/v\/t1.0-9\/11737964_832672730162553_4123336419338614817_n.jpg?oh=65fe7a81278265fbbf76e6fe3dd2a97c&#038;oe=58E3FCA7\" border=\"0\" width=\"214\" height=\"297\" \/><\/div>\n<div>Continuando con una experiencia que se viene realizando desde hace algunos a\u00f1os, del 2 al 9 de Enero de 2017 se realizar\u00e1 la Misi\u00f3n Vocacional en Ingeniero Chanourdie. La misma tiene como modalidad reunir a los seminaristas y j\u00f3venes con inquietudes vocacionales para un encuentro que incluye tres d\u00edas de retiro y otros cuatro de visita a las familias del lugar. Los primeros d\u00edas ser\u00e1n acompa\u00f1ados por el P. Silvio Fabbro, Asesor de la Pastoral Vocacional, en tanto que la parte final contar\u00e1 con el acompa\u00f1amiento del Obispo \u00c1ngel Jos\u00e9 Mac\u00edn. Recemos por los frutos de esta iniciativa.<\/div>\n","protected":false},"excerpt":{"rendered":"<div class=\"mh-excerpt\"><p>Continuando con una experiencia que se viene realizando desde hace algunos a\u00f1os, del 2 al 9 de Enero de 2017 se realizar\u00e1 la Misi\u00f3n Vocacional <a class=\"mh-excerpt-more\" href=\"https:\/\/www.obispadorqta.org.ar\/v3\/mision-vocacional\/\" title=\"MISI\u00d3N VOCACIONAL\">[&#8230;]<\/a><\/p>\n<\/div>","protected":false},"author":1,"featured_media":0,"comment_status":"open","ping_status":"open","sticky":false,"template":"","format":"standard","meta":{"footnotes":""},"categories":[28],"tags":[],"class_list":["post-1297","post","type-post","status-publish","format-standard","hentry","category-latest-news"],"_links":{"self":[{"href":"https:\/\/www.obispadorqta.org.ar\/v3\/wp-json\/wp\/v2\/posts\/1297","targetHints":{"allow":["GET"]}}],"collection":[{"href":"https:\/\/www.obispadorqta.org.ar\/v3\/wp-json\/wp\/v2\/posts"}],"about":[{"href":"https:\/\/www.obispadorqta.org.ar\/v3\/wp-json\/wp\/v2\/types\/post"}],"author":[{"embeddable":true,"href":"https:\/\/www.obispadorqta.org.ar\/v3\/wp-json\/wp\/v2\/users\/1"}],"replies":[{"embeddable":true,"href":"https:\/\/www.obispadorqta.org.ar\/v3\/wp-json\/wp\/v2\/comments?post=1297"}],"version-history":[{"count":0,"href":"https:\/\/www.obispadorqta.org.ar\/v3\/wp-json\/wp\/v2\/posts\/1297\/revisions"}],"wp:attachment":[{"href":"https:\/\/www.obispadorqta.org.ar\/v3\/wp-json\/wp\/v2\/media?parent=1297"}],"wp:term":[{"taxonomy":"category","embeddable":true,"href":"https:\/\/www.obispadorqta.org.ar\/v3\/wp-json\/wp\/v2\/categories?post=1297"},{"taxonomy":"post_tag","embeddable":true,"href":"https:\/\/www.obispadorqta.org.ar\/v3\/wp-json\/wp\/v2\/tags?post=1297"}],"curies":[{"name":"wp","href":"https:\/\/api.w.org\/{rel}","templated":true}]}}