{"id":1299,"date":"2016-12-30T12:46:52","date_gmt":"2016-12-30T12:46:52","guid":{"rendered":"http:\/\/www.obispadorqta.org.ar\/v3\/saaagrada\/"},"modified":"2016-12-30T12:46:52","modified_gmt":"2016-12-30T12:46:52","slug":"saaagrada","status":"publish","type":"post","link":"https:\/\/www.obispadorqta.org.ar\/v3\/saaagrada\/","title":{"rendered":"Solemnidad de la Sagrada Familia"},"content":{"rendered":"<div style=\"text-align: center\"><img loading=\"lazy\" decoding=\"async\" src=\"https:\/\/scontent-eze1-1.xx.fbcdn.net\/v\/t1.0-0\/q85\/p206x206\/15822682_1192591737503982_4950396970858302860_n.jpg?oh=205dd6cb64bf34bd754d9f982a2485be&#038;oe=58E66D64\" border=\"0\" width=\"370\" height=\"206\" \/><\/div>\n<div>\u00a0<\/div>\n<div style=\"text-align: justify\">La Solemnidad de la Sagrada Familia, que se celebra dentro de la Octava de Navidad, es una celebraci\u00f3n que motiva a profundizar en el amor familiar y examinar la propia situaci\u00f3n del hogar.<\/div>\n<div style=\"text-align: justify\">\u00a0<\/div>\n<div style=\"text-align: justify\">A nivel diocesano se ha establecido que la colecta de las Misas de este d\u00eda sean destinadas para el sostenimiento del recientemente creado Tribunal Diocesano de primera instancia, que dedica una especial atenci\u00f3n a las familias.<\/div>\n<div style=\"text-align: justify\">\u00a0<\/div>\n<div style=\"text-align: justify\">Que la culminaci\u00f3n de este a\u00f1o nos encuentre trabajando en ser fiel reflejo de lo que la Sagrada Familia nos ense\u00f1a.\u00a0<\/div>\n<div style=\"text-align: justify\">\u00a0<\/div>\n","protected":false},"excerpt":{"rendered":"<div class=\"mh-excerpt\"><p>\u00a0 La Solemnidad de la Sagrada Familia, que se celebra dentro de la Octava de Navidad, es una celebraci\u00f3n que motiva a profundizar en el <a class=\"mh-excerpt-more\" href=\"https:\/\/www.obispadorqta.org.ar\/v3\/saaagrada\/\" title=\"Solemnidad de la Sagrada Familia\">[&#8230;]<\/a><\/p>\n<\/div>","protected":false},"author":1,"featured_media":0,"comment_status":"open","ping_status":"open","sticky":false,"template":"","format":"standard","meta":{"footnotes":""},"categories":[28],"tags":[],"class_list":["post-1299","post","type-post","status-publish","format-standard","hentry","category-latest-news"],"_links":{"self":[{"href":"https:\/\/www.obispadorqta.org.ar\/v3\/wp-json\/wp\/v2\/posts\/1299","targetHints":{"allow":["GET"]}}],"collection":[{"href":"https:\/\/www.obispadorqta.org.ar\/v3\/wp-json\/wp\/v2\/posts"}],"about":[{"href":"https:\/\/www.obispadorqta.org.ar\/v3\/wp-json\/wp\/v2\/types\/post"}],"author":[{"embeddable":true,"href":"https:\/\/www.obispadorqta.org.ar\/v3\/wp-json\/wp\/v2\/users\/1"}],"replies":[{"embeddable":true,"href":"https:\/\/www.obispadorqta.org.ar\/v3\/wp-json\/wp\/v2\/comments?post=1299"}],"version-history":[{"count":0,"href":"https:\/\/www.obispadorqta.org.ar\/v3\/wp-json\/wp\/v2\/posts\/1299\/revisions"}],"wp:attachment":[{"href":"https:\/\/www.obispadorqta.org.ar\/v3\/wp-json\/wp\/v2\/media?parent=1299"}],"wp:term":[{"taxonomy":"category","embeddable":true,"href":"https:\/\/www.obispadorqta.org.ar\/v3\/wp-json\/wp\/v2\/categories?post=1299"},{"taxonomy":"post_tag","embeddable":true,"href":"https:\/\/www.obispadorqta.org.ar\/v3\/wp-json\/wp\/v2\/tags?post=1299"}],"curies":[{"name":"wp","href":"https:\/\/api.w.org\/{rel}","templated":true}]}}