{"id":130,"date":"2009-08-13T19:35:56","date_gmt":"2009-08-13T19:35:56","guid":{"rendered":"http:\/\/www.obispadorqta.org.ar\/v3\/mons-iriarte-juan-jose\/"},"modified":"2009-08-13T19:35:56","modified_gmt":"2009-08-13T19:35:56","slug":"mons-iriarte-juan-jose","status":"publish","type":"post","link":"https:\/\/www.obispadorqta.org.ar\/v3\/mons-iriarte-juan-jose\/","title":{"rendered":"Mons. Iriarte, Juan Jos\u00e9:"},"content":{"rendered":"<p><a href=\"http:\/\/4.bp.blogspot.com\/_Dl5zl2Tn-es\/So2u0rrOyMI\/AAAAAAAAADM\/stN8hCscZR0\/s1600-h\/IRIARTE.jpg\"><\/a> <\/p>\n<p style=\"margin-left: 0pt; margin-right: 0pt; text-align: justify\"><img loading=\"lazy\" decoding=\"async\" src=\"http:\/\/a3.sphotos.ak.fbcdn.net\/hphotos-ak-ash3\/547216_283527741743724_100002595011706_564579_365536404_n.jpg\" border=\"0\" width=\"113\" height=\"146\" align=\"left\" \/><font color=\"#000000\"><span style=\"font-family: 'Tahoma'\"><font size=\"2\">Naci\u00f3 en Buenos Aires el 13 de diciembre de 1913. Estudi\u00f3 <\/font><\/span><span style=\"font-family: 'Tahoma'\"><font size=\"2\">Abogac\u00eda en <\/font><\/span><span style=\"font-family: 'Tahoma'\"><font size=\"2\">la Universidad<\/font><\/span><span style=\"font-family: 'Tahoma'\"><font size=\"2\"> de Buenos Aires. Despu\u00e9s de ejercer tres a\u00f1os la profesi\u00f3n, ingres\u00f3 al Seminario de Villa Devoto y fue ordenado Sacerdote el 20 de septiembre de 1947. El 23 de octubre de 1957, el Papa Pio XII lo nombr\u00f3 Obispo de <\/font><\/span><span style=\"font-family: 'Tahoma'\"><font size=\"2\">la Di\u00f3cesis<\/font><\/span><span style=\"font-family: 'Tahoma'\"><font size=\"2\"> de Reconquista, recientemente erigida. <\/font><\/span><span style=\"font-family: 'Tahoma'\"><font size=\"2\">La Consagraci\u00f3n Episcopal<\/font><\/span><span style=\"font-family: 'Tahoma'\"><font size=\"2\"> fue en Buenos Aires, en <\/font><\/span><span style=\"font-family: 'Tahoma'\"><font size=\"2\">la Bas\u00edlica<\/font><\/span><span style=\"font-family: 'Tahoma'\"><font size=\"2\"> \u00abSanta Rosa de Lima\u00bb, el 27 de diciembre del mismo A\u00f1o. Eligi\u00f3 como lema de su Ministerio Episcopal la frase evang\u00e9lica: \u00ab<\/font><\/span><span style=\"font-family: 'Tahoma'\"><em><font size=\"2\">Fiat Voluntas Tua<\/font><\/em><\/span><span style=\"font-family: 'Tahoma'\"><font size=\"2\"> (H\u00e1gase tu voluntad)\u00bb. Fue Obispo de nuestra Di\u00f3cesis hasta que, el 1 de abril de 1984, asumi\u00f3 como Arzobispo en <\/font><\/span><span style=\"font-family: 'Tahoma'\"><font size=\"2\">la Arquidi\u00f3cesis<\/font><\/span><span style=\"font-family: 'Tahoma'\"><font size=\"2\"> de Resistencia. Particip\u00f3 comprometidamente en las deliberaciones del Concilio Vaticano II y de <\/font><\/span><span style=\"font-family: 'Tahoma'\"><font size=\"2\">la Conferencia Episcopal<\/font><\/span><span style=\"font-family: 'Tahoma'\"><font size=\"2\"> Latinoamericana llevada a cabo en Puebla, M\u00e9xico, en el a\u00f1o 1979. Falleci\u00f3 el 16 de agosto de 1999. Sus restos mortales descansan en <\/font><\/span><span style=\"font-family: 'Tahoma'\"><font size=\"2\">la Iglesia Catedral<\/font><\/span><span style=\"font-family: 'Tahoma'\"><font size=\"2\"> de Reconquista.<\/font><\/span><\/font><\/p>\n<p style=\"margin-left: 0pt; margin-right: 0pt; text-align: justify\"><font color=\"#000000\"><br \/><u><span style=\"font-family: 'Tahoma'\"><strong><font size=\"2\">Significado del Escudo Episcopal<\/font><\/strong><\/span><\/u><\/font><\/p>\n<p style=\"margin-left: 0pt; margin-right: 0pt\"><font color=\"#000000\"><span style=\"font-family: 'Tahoma'\"><font size=\"2\">En el <\/font><\/span><span style=\"font-family: 'Tahoma'\"><font size=\"2\">escudo de forma antigua, resalta sobre el fondo de plata una cruz az\u00fal que lleva en su pie una estre<\/font><\/span><img loading=\"lazy\" decoding=\"async\" src=\"http:\/\/docs.google.com\/File?id=dgv82st9_110cmtmwq83_b\" border=\"0\" alt=\"Ver escudo grande\" width=\"72\" height=\"96\" align=\"left\" \/><span style=\"font-family: 'Tahoma'\"><font size=\"2\">lla celeste. La cruz que abarca de un extremo a otro del campo, quiere ser la expresi\u00f3n de un deseo: que de un conf\u00edn al otro de <\/font><\/span><span style=\"font-family: 'Tahoma'\"><font size=\"2\">la Di\u00f3cesis<\/font><\/span><span style=\"font-family: 'Tahoma'\"><font size=\"2\"> triunfe el amor de Jesucristo y <\/font><\/span><span style=\"font-family: 'Tahoma'\"><font size=\"2\">que de un conf\u00edn a otro de <\/font><\/span><span style=\"font-family: 'Tahoma'\"><font size=\"2\">la Di\u00f3cesis<\/font><\/span><span style=\"font-family: 'Tahoma'\"><font size=\"2\"> se cumpla la voluntad del Padre Celestial, que es lo que se expresa en el emblema: \u00abFiat Voluntas Tua\u00bb. La peque\u00f1a estrella celeste simboliza a <\/font><\/span><span style=\"font-family: 'Tahoma'\"><font size=\"2\">la Virgen Mar\u00eda<\/font><\/span><span style=\"font-family: 'Tahoma'\"><font size=\"2\">, cuya presencia es prenda de segura protecci\u00f3n en los trabajos, de alegr\u00eda <\/font><\/span><span style=\"font-family: 'Tahoma'\"><font size=\"2\">en las penas y de perseverancia en el amor a Jesucristo. <\/font><\/span><\/font><\/p>\n","protected":false},"excerpt":{"rendered":"<div class=\"mh-excerpt\"><p>Naci\u00f3 en Buenos Aires el 13 de diciembre de 1913. Estudi\u00f3 Abogac\u00eda en la Universidad de Buenos Aires. Despu\u00e9s de ejercer tres a\u00f1os la profesi\u00f3n, <a class=\"mh-excerpt-more\" href=\"https:\/\/www.obispadorqta.org.ar\/v3\/mons-iriarte-juan-jose\/\" title=\"Mons. Iriarte, Juan Jos\u00e9:\">[&#8230;]<\/a><\/p>\n<\/div>","protected":false},"author":1,"featured_media":0,"comment_status":"open","ping_status":"open","sticky":false,"template":"","format":"standard","meta":{"footnotes":""},"categories":[57],"tags":[],"class_list":["post-130","post","type-post","status-publish","format-standard","hentry","category-obispos-anteriores"],"_links":{"self":[{"href":"https:\/\/www.obispadorqta.org.ar\/v3\/wp-json\/wp\/v2\/posts\/130","targetHints":{"allow":["GET"]}}],"collection":[{"href":"https:\/\/www.obispadorqta.org.ar\/v3\/wp-json\/wp\/v2\/posts"}],"about":[{"href":"https:\/\/www.obispadorqta.org.ar\/v3\/wp-json\/wp\/v2\/types\/post"}],"author":[{"embeddable":true,"href":"https:\/\/www.obispadorqta.org.ar\/v3\/wp-json\/wp\/v2\/users\/1"}],"replies":[{"embeddable":true,"href":"https:\/\/www.obispadorqta.org.ar\/v3\/wp-json\/wp\/v2\/comments?post=130"}],"version-history":[{"count":0,"href":"https:\/\/www.obispadorqta.org.ar\/v3\/wp-json\/wp\/v2\/posts\/130\/revisions"}],"wp:attachment":[{"href":"https:\/\/www.obispadorqta.org.ar\/v3\/wp-json\/wp\/v2\/media?parent=130"}],"wp:term":[{"taxonomy":"category","embeddable":true,"href":"https:\/\/www.obispadorqta.org.ar\/v3\/wp-json\/wp\/v2\/categories?post=130"},{"taxonomy":"post_tag","embeddable":true,"href":"https:\/\/www.obispadorqta.org.ar\/v3\/wp-json\/wp\/v2\/tags?post=130"}],"curies":[{"name":"wp","href":"https:\/\/api.w.org\/{rel}","templated":true}]}}