{"id":1301,"date":"2017-01-03T12:12:36","date_gmt":"2017-01-03T12:12:36","guid":{"rendered":"http:\/\/www.obispadorqta.org.ar\/v3\/avisos-parroquiales-24\/"},"modified":"2017-01-03T12:12:36","modified_gmt":"2017-01-03T12:12:36","slug":"avisos-parroquiales-24","status":"publish","type":"post","link":"https:\/\/www.obispadorqta.org.ar\/v3\/avisos-parroquiales-24\/","title":{"rendered":"AVISOS PARROQUIALES"},"content":{"rendered":"<div align=\"left\">\n<div style=\"text-align: center\"><img loading=\"lazy\" decoding=\"async\" src=\"https:\/\/scontent-eze1-1.xx.fbcdn.net\/v\/t1.0-0\/p206x206\/1506053_578094348953727_329175415_n.jpg?oh=cd66e8a4fa1cac5cd9c0d6ad669ab671&#038;oe=58829B8E\" border=\"0\" width=\"319\" height=\"228\" \/><\/div>\n<p> <\/div>\n<div align=\"left\"><font color=\"#FF0000\"><u style=\"line-height: normal\"><strong><span style=\"font-size: 12pt; line-height: 107%; font-family: 'Raspoutine Classic'\">PARROQUIA <\/span><\/strong><strong><span style=\"font-size: 12pt; line-height: 107%; font-family: 'Raspoutine Classic'\">\u201c<\/span><\/strong><strong><span style=\"font-size: 12pt; line-height: 107%; font-family: 'Raspoutine Classic'\">INMACULADA CONCEPCI<\/span><\/strong><strong><span style=\"font-size: 12pt; line-height: 107%; font-family: 'Raspoutine Classic'\">\u00d3<\/span><\/strong><strong><span style=\"font-size: 12pt; line-height: 107%; font-family: 'Raspoutine Classic'\">N<\/span><\/strong><strong><span style=\"font-size: 12pt; line-height: 107%; font-family: 'Raspoutine Classic'\">\u201d<\/span><\/strong><strong><span style=\"font-size: 12pt; line-height: 107%; font-family: 'Raspoutine Classic'\"> &#8211; RECONQUISTA<\/span><\/strong><\/u><\/font><\/div>\n<div align=\"left\">\u00a0<\/div>\n<div>\n<div align=\"justify\"><font style=\"font-size: 12px\" color=\"#000000\"><u><strong>SECRETAR\u00cdA PARROQUIAL: <\/strong><\/u>comunica que desde el martes 10 al viernes 13 atender\u00e1 solamente por la ma\u00f1ana de 8:30 a 12 hs. Y desde el martes 17 al viernes 20 permanecer\u00e1 cerrada todo el d\u00eda y no se realizar\u00e1n ning\u00fan tr\u00e1mite de oficina. <\/font><\/div>\n<div align=\"justify\">\u00a0<\/div>\n<div align=\"justify\"><font style=\"font-size: 12px\" color=\"#000000\"><u><strong>BENDICI\u00d3N DE AGUA Y OBJETOS RELIGIOSOS:<\/strong><\/u> Durante los meses de enero y febrero no se realizaran las bendiciones los d\u00edas mi\u00e9rcoles y viernes. <\/font><\/div>\n<div align=\"justify\">\u00a0<\/div>\n<div align=\"justify\"><font style=\"font-size: 12px\" color=\"#000000\"><u><strong>CONVIVENCIA CON MARIA:<\/strong><\/u> del 15 al 21 de enero en la Lola. Informe con Liliana Tortul al cel. 3482-549158 <\/font><\/div>\n<div align=\"justify\">\u00a0<\/div>\n<div align=\"justify\"><font style=\"font-size: 12px\" color=\"#000000\"><u><strong>CELEBRACI\u00d3N DE BAUTISMOS: <\/strong><\/u>los viernes 13 y 20 no habr\u00e1 Catequesis Pre-bautismal y los s\u00e1bados 14 y 21 no se celebrar\u00e1n Bautismos en Catedral. <\/font><\/div>\n<div align=\"justify\">\u00a0<\/div>\n<div align=\"justify\"><font style=\"font-size: 12px\" color=\"#000000\"><u><strong>REZO DEL ROSARIO ILUMINADO: <\/strong><\/u>en Catedral, el mi\u00e9rcoles 18 a las 19:00hs. <\/font><\/div>\n<div align=\"justify\">\u00a0<\/div>\n<div align=\"justify\"><font style=\"font-size: 12px\" color=\"#000000\"><u><strong>MISAS DE LA SEMANA<\/strong><\/u> <\/font><br \/><font style=\"font-size: 12px\" color=\"#000000\"><strong>Martes a Viernes<\/strong> <\/font><br \/><font style=\"font-size: 12px\" color=\"#000000\">20:15\u00a0\u00a0 Catedral<\/font><br \/><strong><font style=\"font-size: 12px\" color=\"#000000\">S\u00e1bado <\/font><\/strong><br \/><font style=\"font-size: 12px\" color=\"#000000\">20:00\u00a0\u00a0 Catedral<\/font><br \/><font style=\"font-size: 12px\" color=\"#000000\"><strong>Domingo<\/strong> <\/font><br \/><font style=\"font-size: 12px\" color=\"#000000\">10:00\u00a0\u00a0 Catedral<\/font><\/div>\n<div align=\"justify\"><font style=\"font-size: 12px\" color=\"#000000\">20:00\u00a0\u00a0 Catedral<\/font><\/div>\n<p>\u00a0<\/p><\/div>\n<p>&nbsp;<\/p>\n<p style=\"font-family: Arial,Helvetica,sans-serif; font-size: 12px; font-style: normal; line-height: normal\"><font color=\"#FF0000\"><u style=\"line-height: normal\"><strong><span style=\"font-size: 12pt; line-height: 107%; font-family: 'Raspoutine Classic'\">PARROQUIA <\/span><\/strong><strong><span style=\"font-size: 12pt; line-height: 107%; font-family: 'Raspoutine Classic'\">\u201c<\/span><\/strong><strong><span style=\"font-size: 12pt; line-height: 107%; font-family: 'Raspoutine Classic'\">NUESTRA SE\u00d1ORA DE LA MERCED\u00bb &#8211; AVELLANEDA<\/span><\/strong><\/u><\/font><\/p>\n<p style=\"font-family: Arial,Helvetica,sans-serif; font-size: 12px; font-style: normal; line-height: normal\"><img loading=\"lazy\" decoding=\"async\" src=\"https:\/\/scontent-eze1-1.xx.fbcdn.net\/v\/t1.0-9\/15894603_1706254439392129_6593073083894516153_n.jpg?oh=502776dbb16d27cfe06018ba93848a0c&#038;oe=5918EC86\" border=\"0\" width=\"329\" height=\"336\" \/> <\/p>\n<p style=\"font-family: Arial,Helvetica,sans-serif; font-size: 12px; font-style: normal; line-height: normal\"><img loading=\"lazy\" decoding=\"async\" src=\"https:\/\/scontent-eze1-1.xx.fbcdn.net\/v\/t1.0-0\/p235x350\/15726350_1677126325638274_8066351888645515491_n.jpg?oh=e0c3ca314c272eabe93fb93cd355912c&#038;oe=590F9B88\" border=\"0\" width=\"334\" height=\"236\" \/> <\/p>\n<p style=\"font-family: Arial,Helvetica,sans-serif; font-size: 12px; font-style: normal; line-height: normal\">&nbsp;<\/p>\n<p><font color=\"#FF0000\"><u style=\"line-height: normal\"><strong><span style=\"font-size: 12pt; line-height: 107%; font-family: 'Raspoutine Classic'\">PARROQUIA <\/span><\/strong><strong><span style=\"font-size: 12pt; line-height: 107%; font-family: 'Raspoutine Classic'\">\u201c<\/span><\/strong><strong><span style=\"font-size: 12pt; line-height: 107%; font-family: 'Raspoutine Classic'\">SAN ROQUE\u00bb &#8211; RECONQUISTA<\/span><\/strong><\/u><\/font><\/p>\n<div align=\"left\">\u00a0<\/div>\n<div align=\"left\">\u00a0<\/div>\n<div align=\"left\">\u00a0<\/div>\n<div align=\"left\"><font color=\"#FF0000\"><u style=\"line-height: normal\"><strong><span style=\"font-size: 12pt; line-height: 107%; font-family: 'Raspoutine Classic'\">PARROQUIA <\/span><\/strong><strong><span style=\"font-size: 12pt; line-height: 107%; font-family: 'Raspoutine Classic'\">\u201c<\/span><\/strong><strong><span style=\"font-size: 12pt; line-height: 107%; font-family: 'Raspoutine Classic'\">SAN LUIS GONZAGA\u00bb &#8211; CALCHAQU\u00cd<\/span><\/strong><\/u><\/font><\/div>\n<div align=\"left\">\u00a0<\/div>\n<div align=\"justify\"><font style=\"font-size: 12px\" color=\"#000000\"><u><strong>S\u00c1BADO 14<\/strong><\/u><br \/>19:00 Celebraci\u00f3n de la\u00a0 Palabra en el Templo.<\/font><\/div>\n<div align=\"justify\">\u00a0<\/div>\n<div align=\"justify\"><font style=\"font-size: 12px\" color=\"#000000\"><u><strong>DOMINGO 15 <\/strong><\/u><br \/>20:30 Misa en el Templo. Acci\u00f3n de gracias por la misi\u00f3n en Villa Ocampo.<\/font><\/div>\n<div align=\"justify\">\u00a0<\/div>\n<div align=\"justify\"><font style=\"font-size: 12px\" color=\"#000000\"><strong>ADORACI\u00d3N DURANTE ENERO:<\/strong> se reservar\u00e1 el Sant\u00edsimo antes de la Misa del s\u00e1bado 31 de diciembre y se lo expondr\u00e1 el domingo 1\u00b0 de enero desde las 9:00 hasta las 22:00. Desde el 2 de enero, y hasta el 12 de febrero, estar\u00e1 expuesto solemnemente de 7:00 a 22:00. <\/font><\/div>\n<div align=\"justify\">\u00a0<\/div>\n<div align=\"justify\"><font style=\"font-size: 12px\" color=\"#000000\"><strong>MISI\u00d3N JUVENIL DE VERANO EN LA\u00a0 PARROQUIA \u201cINMACULADA CONCEPCI\u00d3N\u201d DE VILLA OCAMPO: <\/strong>ser\u00e1 llevada a cabo por j\u00f3venes de nuestra Parroquia, desde el 02 al 15 de enero de 2017. Recemos por este evento misionero de los j\u00f3venes de nuestra Parroquia.<\/font><\/div>\n<div align=\"justify\">\u00a0<\/div>\n<div align=\"justify\"><font style=\"font-size: 12px\" color=\"#000000\"><strong>ACAMPADA ESPIRITUAL DIOCESANA DE J\u00d3VENES:<\/strong> ser\u00e1 en la Parroquia de Malabrigo los d\u00edas 3, 4 y 5 de febrero de 2017.<\/font><\/div>\n<div align=\"justify\">\u00a0<\/div>\n<div align=\"justify\"><font style=\"font-size: 12px\" color=\"#000000\"><strong>CELEBRACIONES DURANTE ENERO:<\/strong> la Celebraci\u00f3n de la\u00a0 Palabra de los s\u00e1bados ser\u00e1 a las 19:00 y los domingos a las 20:30. En caso de celebrarse Misa, ser\u00e1 en el mismo horario.<\/font><\/div>\n<div align=\"justify\">\u00a0<\/div>\n<div align=\"justify\"><font style=\"font-size: 12px\" color=\"#000000\"><strong>SECRETAR\u00cdA PARROQUIAL:<\/strong> permanecer\u00e1 cerrada desde el lunes 16 de enero y reabrir\u00e1 para la atenci\u00f3n pastoral el martes 31 de enero.<\/font> <\/div>\n<div align=\"left\">\u00a0<\/div>\n<div align=\"left\">\u00a0<\/div>\n<div align=\"left\">\u00a0<\/div>\n<div align=\"left\" style=\"font-family: Arial,Helvetica,sans-serif; font-size: 12px; font-style: normal; line-height: normal\"><font color=\"#000000\"><font color=\"#FF0000\"><u style=\"line-height: normal\"><strong><span style=\"font-size: 12pt; line-height: 107%; font-family: 'Raspoutine Classic'\">PARROQUIA <\/span><\/strong><strong><span style=\"font-size: 12pt; line-height: 107%; font-family: 'Raspoutine Classic'\">\u201c<\/span><\/strong><strong><span style=\"font-size: 12pt; line-height: 107%; font-family: 'Raspoutine Classic'\">SAN JUAN BAUTISTA\u00bb &#8211; VERA<\/span><\/strong><\/u><\/font><\/font><\/div>\n<div align=\"left\" style=\"font-family: Arial,Helvetica,sans-serif; font-size: 12px; font-style: normal; line-height: normal\">\u00a0<\/div>\n<div align=\"left\" style=\"font-family: Arial,Helvetica,sans-serif; font-size: 12px; font-style: normal; line-height: normal\">\u00a0<\/div>\n<div align=\"left\" style=\"font-family: Arial,Helvetica,sans-serif; font-size: 12px; font-style: normal; line-height: normal\">\u00a0<\/div>\n<div><font color=\"#FF0000\"><u style=\"line-height: normal\"><strong><span style=\"font-size: 12pt; line-height: 107%; font-family: 'Raspoutine Classic'\">PARROQUIA <\/span><\/strong><strong><span style=\"font-size: 12pt; line-height: 107%; font-family: 'Raspoutine Classic'\">\u201c<\/span><\/strong><strong><span style=\"font-size: 12pt; line-height: 107%; font-family: 'Raspoutine Classic'\">NUESTRA SE\u00d1ORA DEL HUERTO\u00bb &#8211; MALABRIGO<\/span><\/strong><\/u><\/font><\/div>\n<div>\u00a0<\/div>\n<p><\/p>\n<div style=\"font-size: 12px; font-style: normal; line-height: normal\">\n<div align=\"left\">\u00a0<\/div>\n<\/div>\n<div><font color=\"#FF0000\"><u style=\"line-height: normal\"><strong><span style=\"font-size: 12pt; line-height: 107%; font-family: 'Raspoutine Classic'\">PARROQUIA <\/span><\/strong><strong><span style=\"font-size: 12pt; line-height: 107%; font-family: 'Raspoutine Classic'\">\u201c<\/span><\/strong><strong><span style=\"font-size: 12pt; line-height: 107%; font-family: 'Raspoutine Classic'\">SAN ROQUE\u00bb &#8211; MARGARITA<\/span><\/strong><\/u><\/font><\/div>\n<div>\u00a0<\/div>\n<div style=\"font-size: 12px\">\n<div align=\"justify\"><font color=\"#000000\"><strong>VIERNES 13 DE ENERO &#8211; NUEVO HORARIO!!<\/strong><br \/>07.30 hs\u00a0 Misa al Sagrado Coraz\u00f3n en el templo.<\/p>\n<p><strong>S\u00c1BADO 14 DE ENERO<\/strong><br \/>20.30 hs\u00a0 Misa en el templo\u00a0 <\/p>\n<p><strong>DOMINGO 15 DE ENERO<\/strong> <br \/>20:00 hs\u00a0 Misa en el\u00a0 templo.<\/p>\n<p>El Padre Giancarlo estar\u00e1 realizando La Escuela De Animadores Misioneros (ESAM) en Corrientes, por lo cual no habr\u00e1 atenci\u00f3n sacerdotal en \u00e9sta semana. Pedimos oraci\u00f3n por \u00e9l y por todos los que estar\u00e1n participando y para que surjan m\u00e1s vocaciones misioneras.<\/p>\n<p>Siguen a la venta los almanaques, evangelios y agendas cat\u00f3licas 2017.<\/p>\n<p>Durante esta semana secretar\u00eda parroquial atender\u00e1 s\u00f3lo por la ma\u00f1ana de 8.30 a 11.30hs.<\/p>\n<p><strong>Bautismos: 21 de Enero.<\/strong><\/p>\n<p>Del <strong>22 al 28 de enero <\/strong>se realizar\u00e1 una misi\u00f3n en El Toba. Los interesados a participar, consultar en secretar\u00eda y los que quieran colaborar con mercader\u00edas para los misioneros, acercarlas a la parroquia o a cualquier miembro de las distintas comisiones o misioneras de su barrio. <\/font><\/div>\n<p>\u00a0<\/p><\/div>\n<div>\u00a0<\/div>\n<div>\u00a0 <\/div>\n<div style=\"font-family: Arial,Helvetica,sans-serif; font-size: 12px; font-style: normal; line-height: normal\">\n<div><font color=\"#FF0000\"><u style=\"line-height: normal\"><strong><span style=\"font-size: 12pt; line-height: 107%; font-family: 'Raspoutine Classic'\">PARROQUIA <\/span><\/strong><strong><span style=\"font-size: 12pt; line-height: 107%; font-family: 'Raspoutine Classic'\">\u201c<\/span><\/strong><strong><span style=\"font-size: 12pt; line-height: 107%; font-family: 'Raspoutine Classic'\">SAGRADO CORAZ\u00d3N DE JES\u00daS\u00bb\u00a0 &#8211; ROMANG<\/span><\/strong><\/u><\/font><\/div>\n<div>\u00a0<\/div>\n<div>\n<div align=\"justify\"><font style=\"font-size: 12px\" color=\"#000000\"><u><strong>Domingo 15<\/strong><\/u><\/font><\/div>\n<div align=\"justify\"><font style=\"font-size: 12px\" color=\"#000000\">09,30 hs. Misa o celebraci\u00f3n en el Templo. <\/font><br \/><font style=\"font-size: 12px\" color=\"#000000\">\u00a0<\/font><br \/><u><strong><font style=\"font-size: 12px\" color=\"#000000\">Lunes 16<\/font><\/strong><\/u><\/div>\n<div align=\"justify\"><font style=\"font-size: 12px\" color=\"#000000\">19,00 hs Rezo del Rosario en la Ermita de la Virgen Schoenstatt. <\/font><br \/><font style=\"font-size: 12px\" color=\"#000000\">\u00a0<\/font><br \/><font style=\"font-size: 12px\" color=\"#000000\"><strong>ACAMPADA Espiritual de j\u00f3venes:<\/strong> ser\u00e1 en Malabrigo el 3, 4 y 5 de febrero. Para informaci\u00f3n e inscripci\u00f3n en Romang contactar Nahuel Bress\u00e1n: 3482 418203 o Mara Fern\u00e1ndez: 3482 212516<\/font><br \/><font style=\"font-size: 12px\" color=\"#000000\">\u00a0<\/font><br \/><font style=\"font-size: 12px\" color=\"#000000\"><strong>BONO CONTRIBUCION: <\/strong>el grupo juvenil parroquial invita a colaborar con la compra de un Bono Contribuci\u00f3n para solventar gastos de la Acampada Juvenil. <\/font><br \/><font style=\"font-size: 12px\" color=\"#000000\">\u00a0<\/font><br \/><font style=\"font-size: 12px\" color=\"#000000\"><strong>Entretenimiento Familiar:<\/strong> ya est\u00e1 a la venta los bonos para el entretenimiento familiar para el 12 de marzo. Su costo es de $150 y se puede abonar en 3 cuotas. Gracias por su colaboraci\u00f3n para el sostenimiento de la misi\u00f3n, del\u00a0 culto y la pastoral de la parroquia.<\/font><\/div>\n<p>\u00a0<\/p><\/div>\n<p>\u00a0<\/p>\n<div>\u00a0<\/div>\n<\/div>\n<div><font color=\"#FF0000\"><u style=\"line-height: normal\"><strong><span style=\"font-size: 12pt; line-height: 107%; font-family: 'Raspoutine Classic'\">PARROQUIA <\/span><\/strong><strong><span style=\"font-size: 12pt; line-height: 107%; font-family: 'Raspoutine Classic'\">\u201c<\/span><\/strong><strong><span style=\"font-size: 12pt; line-height: 107%; font-family: 'Raspoutine Classic'\">NUESTRA SE\u00d1ORA DE ITAT\u00cd\u00bb &#8211; FORT\u00cdN OLMOS<\/span><\/strong><\/u><\/font><\/div>\n<div>\u00a0<\/div>\n<div>\n<div align=\"justify\"><font style=\"font-size: 12px\" color=\"#000000\">En la<strong> primera quincena de enero,<\/strong> las hermanas del Sagrado Coraz\u00f3n Silvana, Jimena, Mariasun y Lourdes junto a j\u00f3venes de nuestra comunidad y del Barrio de La Cortada estar\u00e1n misionando en la ciudad de Fontana (vecina de Resistencia) en la Provincia del Chaco.<\/font><\/div>\n<div align=\"justify\">\u00a0<\/div>\n<div align=\"justify\"><font style=\"font-size: 12px\" color=\"#000000\">Del <strong>17 al 23 de enero <\/strong>un grupo misionero de Fort\u00edn Charr\u00faa estar\u00e1 misionando en el Km 29. \u00a0<br \/>Acompa\u00f1emos con nuestra oraci\u00f3n a estas actividades evangelizadoras, pidiendo que el Ni\u00f1o de Bel\u00e9n les conceda su alegr\u00eda y su paz.<\/font><\/div>\n<div align=\"justify\">\u00a0<\/div>\n<div align=\"justify\"><font style=\"font-size: 12px\" color=\"#000000\"><u><strong>Celebraciones:<\/strong><\/u><br \/>Durante el mes de enero no se realizar\u00e1n celebraciones en la parroquia.<br \/>Se retomar\u00e1 el s\u00e1bado 4 de febrero, con celebraci\u00f3n de bautismos a las 17 hs y celebraci\u00f3n de la misa a las 20 hs, en el templo parroquial.<\/font><\/div>\n<p>\u00a0<\/p><\/div>\n<div><font color=\"#000000\">\u00a0<\/font><\/div>\n<div>\u00a0<\/div>\n<div><font color=\"#FF0000\"><u style=\"line-height: normal\"><strong><span style=\"font-size: 12pt; line-height: 107%; font-family: 'Raspoutine Classic'\">PARROQUIA <\/span><\/strong><strong><span style=\"font-size: 12pt; line-height: 107%; font-family: 'Raspoutine Classic'\">\u201c<\/span><\/strong><strong><span style=\"font-size: 12pt; line-height: 107%; font-family: 'Raspoutine Classic'\">NUESTRA SE\u00d1ORA DEL ROSARIO\u00bb &#8211; LANTERI<\/span><\/strong><\/u><\/font><\/div>\n<div>\u00a0<\/div>\n<p><\/p>\n<div>\u00a0<\/div>\n","protected":false},"excerpt":{"rendered":"<div class=\"mh-excerpt\"><div align=\"left\">\n<div style=\"text-align: center\"><img loading=\"lazy\" decoding=\"async\" src=\"https:\/\/scontent-eze1-1.xx.fbcdn.net\/v\/t1.0-0\/p206x206\/1506053_578094348953727_329175415_n.jpg?oh=cd66e8a4fa1cac5cd9c0d6ad669ab671&#038;oe=58829B8E\" border=\"0\" width=\"319\" height=\"228\" \/><\/div>\n<p><\/p>\n<\/div>","protected":false},"author":1,"featured_media":0,"comment_status":"open","ping_status":"open","sticky":false,"template":"","format":"standard","meta":{"footnotes":""},"categories":[28],"tags":[],"class_list":["post-1301","post","type-post","status-publish","format-standard","hentry","category-latest-news"],"_links":{"self":[{"href":"https:\/\/www.obispadorqta.org.ar\/v3\/wp-json\/wp\/v2\/posts\/1301","targetHints":{"allow":["GET"]}}],"collection":[{"href":"https:\/\/www.obispadorqta.org.ar\/v3\/wp-json\/wp\/v2\/posts"}],"about":[{"href":"https:\/\/www.obispadorqta.org.ar\/v3\/wp-json\/wp\/v2\/types\/post"}],"author":[{"embeddable":true,"href":"https:\/\/www.obispadorqta.org.ar\/v3\/wp-json\/wp\/v2\/users\/1"}],"replies":[{"embeddable":true,"href":"https:\/\/www.obispadorqta.org.ar\/v3\/wp-json\/wp\/v2\/comments?post=1301"}],"version-history":[{"count":0,"href":"https:\/\/www.obispadorqta.org.ar\/v3\/wp-json\/wp\/v2\/posts\/1301\/revisions"}],"wp:attachment":[{"href":"https:\/\/www.obispadorqta.org.ar\/v3\/wp-json\/wp\/v2\/media?parent=1301"}],"wp:term":[{"taxonomy":"category","embeddable":true,"href":"https:\/\/www.obispadorqta.org.ar\/v3\/wp-json\/wp\/v2\/categories?post=1301"},{"taxonomy":"post_tag","embeddable":true,"href":"https:\/\/www.obispadorqta.org.ar\/v3\/wp-json\/wp\/v2\/tags?post=1301"}],"curies":[{"name":"wp","href":"https:\/\/api.w.org\/{rel}","templated":true}]}}