{"id":1303,"date":"2017-01-10T14:48:46","date_gmt":"2017-01-10T14:48:46","guid":{"rendered":"http:\/\/www.obispadorqta.org.ar\/v3\/sssssss-2\/"},"modified":"2017-01-10T14:48:46","modified_gmt":"2017-01-10T14:48:46","slug":"sssssss-2","status":"publish","type":"post","link":"https:\/\/www.obispadorqta.org.ar\/v3\/sssssss-2\/","title":{"rendered":"Noticias del Monasterio \u00abSan Jos\u00e9\u00bb"},"content":{"rendered":"<div style=\"text-align: center\"><img loading=\"lazy\" decoding=\"async\" src=\"https:\/\/scontent-eze1-1.xx.fbcdn.net\/v\/t1.0-9\/15966323_1201646859931803_2204330209571038886_n.jpg?oh=f9172847513f9b4d7f3dc8beeba1f1ce&#038;oe=59144633\" border=\"0\" width=\"400\" height=\"300\" \/><\/div>\n<div>\u00a0<\/div>\n<div style=\"text-align: justify\">El d\u00eda 6 de enero, bajo la presidencia de nuestro Obispo Mons. Angel Jos\u00e9 Macin, la comunidad de Carmelitas Descalzas del Monasterio San Jos\u00e9, en nuestra Di\u00f3cesis, ha renovado sus autoridades.<\/div>\n<div style=\"text-align: justify\">\u00a0<\/div>\n<div style=\"text-align: justify\">La nueva superiora es Hna Dolores Mar\u00eda del Esp\u00edritu Santo.<\/div>\n<div style=\"text-align: justify\"><\/div>\n<div style=\"text-align: justify\">Dios haga fecunda esta nueva etapa de la Comunidad.<\/div>\n<div style=\"text-align: justify\">\u00a0<\/div>\n<div style=\"text-align: center\"><img loading=\"lazy\" decoding=\"async\" src=\"https:\/\/scontent-eze1-1.xx.fbcdn.net\/v\/t1.0-9\/15895106_1201646856598470_8538068901451263567_n.jpg?oh=825d1a8d92823a55cb0261aa99a3be52&#038;oe=591FD6D7\" border=\"0\" width=\"400\" height=\"300\" \/>\u00a0<\/div>\n","protected":false},"excerpt":{"rendered":"<div class=\"mh-excerpt\"><p>\u00a0 El d\u00eda 6 de enero, bajo la presidencia de nuestro Obispo Mons. Angel Jos\u00e9 Macin, la comunidad de Carmelitas Descalzas del Monasterio San Jos\u00e9, <a class=\"mh-excerpt-more\" href=\"https:\/\/www.obispadorqta.org.ar\/v3\/sssssss-2\/\" title=\"Noticias del Monasterio \u00abSan Jos\u00e9\u00bb\">[&#8230;]<\/a><\/p>\n<\/div>","protected":false},"author":1,"featured_media":0,"comment_status":"open","ping_status":"open","sticky":false,"template":"","format":"standard","meta":{"footnotes":""},"categories":[28],"tags":[],"class_list":["post-1303","post","type-post","status-publish","format-standard","hentry","category-latest-news"],"_links":{"self":[{"href":"https:\/\/www.obispadorqta.org.ar\/v3\/wp-json\/wp\/v2\/posts\/1303","targetHints":{"allow":["GET"]}}],"collection":[{"href":"https:\/\/www.obispadorqta.org.ar\/v3\/wp-json\/wp\/v2\/posts"}],"about":[{"href":"https:\/\/www.obispadorqta.org.ar\/v3\/wp-json\/wp\/v2\/types\/post"}],"author":[{"embeddable":true,"href":"https:\/\/www.obispadorqta.org.ar\/v3\/wp-json\/wp\/v2\/users\/1"}],"replies":[{"embeddable":true,"href":"https:\/\/www.obispadorqta.org.ar\/v3\/wp-json\/wp\/v2\/comments?post=1303"}],"version-history":[{"count":0,"href":"https:\/\/www.obispadorqta.org.ar\/v3\/wp-json\/wp\/v2\/posts\/1303\/revisions"}],"wp:attachment":[{"href":"https:\/\/www.obispadorqta.org.ar\/v3\/wp-json\/wp\/v2\/media?parent=1303"}],"wp:term":[{"taxonomy":"category","embeddable":true,"href":"https:\/\/www.obispadorqta.org.ar\/v3\/wp-json\/wp\/v2\/categories?post=1303"},{"taxonomy":"post_tag","embeddable":true,"href":"https:\/\/www.obispadorqta.org.ar\/v3\/wp-json\/wp\/v2\/tags?post=1303"}],"curies":[{"name":"wp","href":"https:\/\/api.w.org\/{rel}","templated":true}]}}