{"id":1304,"date":"2017-01-11T10:07:33","date_gmt":"2017-01-11T10:07:33","guid":{"rendered":"http:\/\/www.obispadorqta.org.ar\/v3\/faccioli\/"},"modified":"2017-01-11T10:07:33","modified_gmt":"2017-01-11T10:07:33","slug":"faccioli","status":"publish","type":"post","link":"https:\/\/www.obispadorqta.org.ar\/v3\/faccioli\/","title":{"rendered":"Fallecimiento del Pbro. Armando Domingo Faccioli"},"content":{"rendered":"<div style=\"text-align: center\"><img loading=\"lazy\" decoding=\"async\" src=\"https:\/\/scontent-eze1-1.xx.fbcdn.net\/v\/t1.0-9\/15940336_1202313583198464_5050731637886458614_n.jpg?oh=2c77a2deae633823fe4296865c14c2da&#038;oe=59133B65\" border=\"0\" width=\"400\" height=\"350\" \/><\/div>\n<div>\u00a0<\/div>\n<div style=\"text-align: justify\"><\/div>\n<div style=\"text-align: justify\">Con profundo pesar, en el d\u00eda de la fecha comunicamos que en torno a las 4 de la ma\u00f1ana, ha partido a la casa del Padre, el sacerdote Armando Domingo Faccioli, p\u00e1rroco em\u00e9rito de la Parroquia Mar\u00eda Madre de Dios, a la edad de 85 a\u00f1os.<\/div>\n<div style=\"text-align: justify\">\u00a0<\/div>\n<div style=\"text-align: justify\">Sus restos ser\u00e1n velados en la Iglesia Catedral. Se celebrar\u00e1 la misa de cuerpo presente a las 17 hs y el sepelio ser\u00e1 en el Cementerio Municipal de Reconquista, a las 18 hs.<\/div>\n<div style=\"text-align: justify\">\u00a0<\/div>\n<div style=\"text-align: justify\">El P. Armando hab\u00eda sido sometido a una delicada intervenci\u00f3n quir\u00fargica a finales de Diciembre. Su recuperaci\u00f3n fue satisfactoria las primeras semanas. Sin embargo, en estos \u00faltimos d\u00edas fueron apareciendo varias complicaciones. Por tal motivo, el fin de semana \u00faltimo, fue internado en la sala de cuidados intensivos de un Centro M\u00e9dico de nuestra ciudad, donde se produjo su deceso en horas de la madrugada.<\/div>\n<div style=\"text-align: justify\">\u00a0<\/div>\n<div style=\"text-align: justify\">Agradecemos la generosa y extensa labor del P. Armando en nuestra Iglesia Diocesana. Para muchos ha sido un padre, un amigo y un hermano. Pedimos a Dios le conceda la luz y la paz que no tienen fin.<\/div>\n<div style=\"text-align: justify\"><\/div>\n<div style=\"text-align: right\">\u00a0<\/div>\n<div style=\"text-align: right\">Sede Episcopal de Reconquista, 11 de Enero de 2017.<\/div>\n<div style=\"text-align: justify\">\u00a0<\/div>\n","protected":false},"excerpt":{"rendered":"<div class=\"mh-excerpt\"><p>\u00a0 Con profundo pesar, en el d\u00eda de la fecha comunicamos que en torno a las 4 de la ma\u00f1ana, ha partido a la casa <a class=\"mh-excerpt-more\" href=\"https:\/\/www.obispadorqta.org.ar\/v3\/faccioli\/\" title=\"Fallecimiento del Pbro. Armando Domingo Faccioli\">[&#8230;]<\/a><\/p>\n<\/div>","protected":false},"author":1,"featured_media":0,"comment_status":"open","ping_status":"open","sticky":false,"template":"","format":"standard","meta":{"footnotes":""},"categories":[28],"tags":[],"class_list":["post-1304","post","type-post","status-publish","format-standard","hentry","category-latest-news"],"_links":{"self":[{"href":"https:\/\/www.obispadorqta.org.ar\/v3\/wp-json\/wp\/v2\/posts\/1304","targetHints":{"allow":["GET"]}}],"collection":[{"href":"https:\/\/www.obispadorqta.org.ar\/v3\/wp-json\/wp\/v2\/posts"}],"about":[{"href":"https:\/\/www.obispadorqta.org.ar\/v3\/wp-json\/wp\/v2\/types\/post"}],"author":[{"embeddable":true,"href":"https:\/\/www.obispadorqta.org.ar\/v3\/wp-json\/wp\/v2\/users\/1"}],"replies":[{"embeddable":true,"href":"https:\/\/www.obispadorqta.org.ar\/v3\/wp-json\/wp\/v2\/comments?post=1304"}],"version-history":[{"count":0,"href":"https:\/\/www.obispadorqta.org.ar\/v3\/wp-json\/wp\/v2\/posts\/1304\/revisions"}],"wp:attachment":[{"href":"https:\/\/www.obispadorqta.org.ar\/v3\/wp-json\/wp\/v2\/media?parent=1304"}],"wp:term":[{"taxonomy":"category","embeddable":true,"href":"https:\/\/www.obispadorqta.org.ar\/v3\/wp-json\/wp\/v2\/categories?post=1304"},{"taxonomy":"post_tag","embeddable":true,"href":"https:\/\/www.obispadorqta.org.ar\/v3\/wp-json\/wp\/v2\/tags?post=1304"}],"curies":[{"name":"wp","href":"https:\/\/api.w.org\/{rel}","templated":true}]}}